{"id":170179,"date":"2025-05-10T12:27:23","date_gmt":"2025-05-10T15:27:23","guid":{"rendered":"https:\/\/cdnoticias.com\/?p=170179"},"modified":"2025-05-10T12:27:25","modified_gmt":"2025-05-10T15:27:25","slug":"miguel-mateos-vuelve-al-teatro-municipal-a-celebrar-el-disco-rockas-vivas","status":"publish","type":"post","link":"https:\/\/cdnoticias.com\/index.php\/2025\/05\/10\/miguel-mateos-vuelve-al-teatro-municipal-a-celebrar-el-disco-rockas-vivas\/","title":{"rendered":"Miguel Mateos vuelve al Teatro Municipal a celebrar el disco \u201cRockas Vivas\u201d\u00a0"},"content":{"rendered":"\n<p>El disco cumple 40 a\u00f1os de su aniversario y volver\u00e1 a revivir todos sus hits el pr\u00f3ximo 11 de julio. Entradas a la venta.&nbsp;<\/p>\n\n\n\n<hr class=\"wp-block-separator aligncenter has-alpha-channel-opacity\"\/>\n\n\n\n<p><strong>Miguel Mateos<\/strong> estar\u00e1 celebrando el<strong> 40 aniversario del emblem\u00e1tico \u00e1lbum en vivo \u201cRockas Vivas<\/strong>\u201d el\u00a0 pr\u00f3ximo<strong> viernes 11 de julio a las 21 horas en el Teatro Municipal.\u00a0<\/strong><\/p>\n\n\n\n<p><\/p>\n\n\n\n<p>Mateos es uno de los m\u00fasicos m\u00e1s importantes e influyentes del continente y sus canciones han sido una fuente de inspiraci\u00f3n para generaciones de m\u00fasicos alrededor del mundo.<\/p>\n\n\n\n<p><\/p>\n\n\n\n<blockquote class=\"wp-block-quote is-layout-flow wp-block-quote-is-layout-flow\">\n<p>&#8220;Rockas Vivas&#8221; es considerado uno de los mejores \u00e1lbumes en vivo de la historia del rock argentino y fue editado en 1985. \u00c9se fue el a\u00f1o de la explosi\u00f3n del rock y pop nacional, en plena recuperaci\u00f3n democr\u00e1tica.\u00a0<\/p>\n<\/blockquote>\n\n\n\n<p><\/p>\n\n\n\n<p>El disco se convirti\u00f3 en un extraordinario <strong>\u00e9xito comercial y art\u00edstico tanto en Argentina, como tambi\u00e9n en toda Latinoam\u00e9rica.\u00a0<\/strong>La presentaci\u00f3n del \u00e1lbum en agosto de 1985 con<strong> 4 fechas agotadas en el Luna Park <\/strong>marc\u00f3 un hito de convocatoria para un artista de rock argentino.\u00a0<\/p>\n\n\n\n<p><\/p>\n\n\n\n<blockquote class=\"wp-block-quote is-layout-flow wp-block-quote-is-layout-flow\">\n<p>Rockas Vivas sigue siendo hoy, uno de los discos m\u00e1s vendidos de la historia del rock nacional con m\u00e1s de 500.000 copias. Canciones como \u201cPerdiendo el control\u201d, \u201cVa por vos, para vos\u201d, \u201cTir\u00e1 para arriba\u201d, \u201cUn poco de satisfacci\u00f3n\u201d, \u201cUn gato en la ciudad\u201d y \u201cEn la cocina (Huevos)\u201d se convirtieron en himnos de varias generaciones hasta la actualidad.<\/p>\n<\/blockquote>\n\n\n\n<p><\/p>\n\n\n\n<p><em>\u201cHoy que la inteligencia artificial te arma una canci\u00f3n en segundos, una canci\u00f3n del g\u00e9nero que elijas y te sugiere una letra con el contenido que prefieras, con todas las ideas preconcebidas y robadas del universo de la m\u00fasica en una nube. Hoy que ese mero menjunje de algoritmos (por ahora) que solo reproduce lo que ya sucedi\u00f3 nos empieza a controlar, yo decid\u00ed hacer una retrospectiva porque me di cuenta de la arrolladora fuerza de las canciones hechas con fuego, sangre, sudor y l\u00e1grimas\u201d <\/em>expres\u00f3 el cantante.\u00a0<\/p>\n\n\n\n<p><\/p>\n\n\n\n<p>Por \u00faltimo cerr\u00f3: <em>\u201cMi vida desde 1981 a 1985 y la vida de todos, 40 a\u00f1os del \u00e1lbum \u2018Rockas Vivas\u2019, como una s\u00edntesis premonitoria desde la clandestinidad y acomodado en mi art\u00edstica trinchera, celebro el 2025 con todos ustedes\u201d.<\/em><\/p>\n\n\n\n<p><\/p>\n","protected":false},"excerpt":{"rendered":"<p>El disco cumple 40 a\u00f1os de su aniversario y volver\u00e1 a revivir todos sus hits el pr\u00f3ximo 11 de julio.<\/p>\n","protected":false},"author":6,"featured_media":170180,"comment_status":"closed","ping_status":"closed","sticky":false,"template":"","format":"standard","meta":{"_jetpack_memberships_contains_paid_content":false,"footnotes":""},"categories":[9,1],"tags":[],"class_list":["post-170179","post","type-post","status-publish","format-standard","has-post-thumbnail","hentry","category-cultura","category-portada"],"jetpack_featured_media_url":"https:\/\/i0.wp.com\/cdnoticias.com\/wp-content\/uploads\/2025\/04\/miguel-mateos-olavarria.png?fit=900%2C452&ssl=1","jetpack_sharing_enabled":true,"_links":{"self":[{"href":"https:\/\/cdnoticias.com\/index.php\/wp-json\/wp\/v2\/posts\/170179","targetHints":{"allow":["GET"]}}],"collection":[{"href":"https:\/\/cdnoticias.com\/index.php\/wp-json\/wp\/v2\/posts"}],"about":[{"href":"https:\/\/cdnoticias.com\/index.php\/wp-json\/wp\/v2\/types\/post"}],"author":[{"embeddable":true,"href":"https:\/\/cdnoticias.com\/index.php\/wp-json\/wp\/v2\/users\/6"}],"replies":[{"embeddable":true,"href":"https:\/\/cdnoticias.com\/index.php\/wp-json\/wp\/v2\/comments?post=170179"}],"version-history":[{"count":0,"href":"https:\/\/cdnoticias.com\/index.php\/wp-json\/wp\/v2\/posts\/170179\/revisions"}],"wp:featuredmedia":[{"embeddable":true,"href":"https:\/\/cdnoticias.com\/index.php\/wp-json\/wp\/v2\/media\/170180"}],"wp:attachment":[{"href":"https:\/\/cdnoticias.com\/index.php\/wp-json\/wp\/v2\/media?parent=170179"}],"wp:term":[{"taxonomy":"category","embeddable":true,"href":"https:\/\/cdnoticias.com\/index.php\/wp-json\/wp\/v2\/categories?post=170179"},{"taxonomy":"post_tag","embeddable":true,"href":"https:\/\/cdnoticias.com\/index.php\/wp-json\/wp\/v2\/tags?post=170179"}],"curies":[{"name":"wp","href":"https:\/\/api.w.org\/{rel}","templated":true}]}}