{"id":170175,"date":"2025-04-28T18:30:15","date_gmt":"2025-04-28T21:30:15","guid":{"rendered":"https:\/\/cdnoticias.com\/?p=170175"},"modified":"2025-04-28T18:30:17","modified_gmt":"2025-04-28T21:30:17","slug":"la-sucesion-del-papa-francisco-el-conclave-comenzara-el-7-de-mayo","status":"publish","type":"post","link":"https:\/\/cdnoticias.com\/index.php\/2025\/04\/28\/la-sucesion-del-papa-francisco-el-conclave-comenzara-el-7-de-mayo\/","title":{"rendered":"La sucesi\u00f3n del papa Francisco: el C\u00f3nclave comenzar\u00e1 el 7 de mayo"},"content":{"rendered":"\n<p>La fecha fue confirmada por el director de la Oficina de Prensa del Vaticano, Matteo Bruni. Asimismo, en Argentina proponen que el 21 de abril sea feriado nacional en homenaje al papa Francisco.<\/p>\n\n\n\n<hr class=\"wp-block-separator aligncenter has-alpha-channel-opacity\"\/>\n\n\n\n<p>Despu\u00e9s de la <strong>multitudinaria misa de luto en la Plaza de San Pedro<\/strong>, un importante n\u00famero de cardenales se traslad\u00f3 el domingo a la Bas\u00edlica de Santa Mar\u00eda la Mayor para <strong>homenajear al papa Francisco y rezar ante su tumba.\u00a0<\/strong><\/p>\n\n\n\n<p><\/p>\n\n\n\n<p>Con el comienzo de la semana, ahora la atenci\u00f3n se concentra en las<strong> deliberaciones previas al C\u00f3nclave<\/strong> para <strong>elegir al sucesor de Jorge Bergoglio<\/strong>, que este lunes se defini\u00f3 que <strong>comenzar\u00e1 el pr\u00f3ximo 7 de mayo.<\/strong><\/p>\n\n\n\n<p><\/p>\n\n\n\n<p>La fecha fue confirmada por el director de la Oficina de Prensa del Vaticano, Bruni. \u201c<strong>La Capilla Sixtina -el \u00e1mbito donde votar\u00e1n los cardenales- estar\u00e1 cerrada al p\u00fablico a partir de hoy\u201d,<\/strong> anunci\u00f3 los Museos Vaticanos en su sitio web, seg\u00fan cita la agencia ANSA.<\/p>\n\n\n\n<p><\/p>\n\n\n\n<blockquote class=\"wp-block-quote is-layout-flow wp-block-quote-is-layout-flow\">\n<p>La conformaci\u00f3n del C\u00f3nclave se presenta compleja: una mayor\u00eda progresista parece dominar (108 de los 133 cardenales fueron nombrados por Jorge Bergoglio) y podr\u00eda alcanzar los dos tercios necesarios para la elecci\u00f3n (90 votos). No obstante, los conservadores y otros sectores minoritarios tienen margen para bloquear un eventual consenso.<\/p>\n<\/blockquote>\n\n\n\n<p><\/p>\n\n\n\n<p>Entre los candidatos progresistas m\u00e1s mencionados figuran <strong>Matteo Zuppi<\/strong>, arzobispo de Bolonia y presidente de la Conferencia Episcopal Italiana, y el filipino <strong>Luis Antonio Tagle, <\/strong>apodado \u201c<strong>El Francisco asi\u00e1tico\u201d.<\/strong>\u00a0<\/p>\n\n\n\n<p><\/p>\n\n\n\n<p>Tambi\u00e9n suena <strong>Parolin,<\/strong> visto como una opci\u00f3n m\u00e1s moderada y con mayores posibilidades de aceptaci\u00f3n entre los conservadores. A prop\u00f3sito, en el ala conservadora destaca el h\u00fangaro <strong>Peter Herdo<\/strong>, reconocido por su elevado nivel intelectual. Los cardenales con m\u00e1s experiencia se muestran confiados en que el proceso de elecci\u00f3n se definir\u00e1 en pocos d\u00edas.\u00a0<\/p>\n\n\n\n<p><\/p>\n\n\n\n<p class=\"has-medium-font-size\"><strong>En Argentina, proponen que el 21 de abril sea feriado nacional en homenaje al papa Francisco<\/strong><\/p>\n\n\n\n<p><\/p>\n\n\n\n<p>Un grupo de<strong> diputados nacionales<\/strong> present\u00f3 un proyecto de ley para<strong> instaurar un nuevo feriado nacional cada 21 de abril en homenaje al fallecimiento del papa Francisco<\/strong>, ocurrido el pasado lunes.<\/p>\n\n\n\n<p><\/p>\n\n\n\n<blockquote class=\"wp-block-quote is-layout-flow wp-block-quote-is-layout-flow\">\n<p>La iniciativa, impulsada por legisladores de Uni\u00f3n por la Patria como Carlos Cisneros, Sergio Palazzo, Eduardo Vald\u00e9s, Victoria Tolosa Paz y Santiago Cafiero, propone establecer la fecha en el calendario oficial como jornada de conmemoraci\u00f3n para quien consideran \u201cel argentino m\u00e1s importante de la historia\u201d. Adem\u00e1s del feriado, el proyecto contempla que el Poder Ejecutivo promueva actividades alusivas en todo el pa\u00eds cada 21 de abril.<\/p>\n<\/blockquote>\n\n\n\n<p><\/p>\n\n\n\n<p>En los fundamentos, los diputados dicen que buscan <strong><em>\u201chonrar la vida y obra de quien, como l\u00edder mundial, trabaj\u00f3 en defensa de los pobres, las mujeres, los migrantes y las diversidades y luch\u00f3 por la justicia social y la defensa del medio ambiente\u201d.\u00a0<\/em><\/strong><\/p>\n\n\n\n<p><\/p>\n\n\n\n<p>Agregan que \u201cno es menor que el primer Papa del sur global, el primer Papa no europeo desde el a\u00f1o 741, y el primer papa jesuita, haya sido argentino\u201d. Tambi\u00e9n se subrayan sus enc\u00edclicas \u201cLaudato Si\u201d (2015), donde llam\u00f3 a cuidar \u201cla casa com\u00fan\u201d, y \u201cFratelli Tutti\u201d (2020), en la que propuso una sociedad m\u00e1s justa, fraterna e inclusiva.<\/p>\n\n\n\n<p><\/p>\n\n\n\n<p>Para los impulsores del proyecto, <strong>\u201clos mensajes de Francisco representan valores profundamente arraigados en la identidad argentina, como la solidaridad y el compromiso social\u201d.\u00a0<\/strong><\/p>\n\n\n\n<p><\/p>\n\n\n\n<p><em>Fuente: DIB<\/em><\/p>\n","protected":false},"excerpt":{"rendered":"<p>La fecha fue confirmada por el director de la Oficina de Prensa del Vaticano, Matteo Bruni. Asimismo, en Argentina proponen<\/p>\n","protected":false},"author":6,"featured_media":170176,"comment_status":"closed","ping_status":"closed","sticky":false,"template":"","format":"standard","meta":{"_jetpack_memberships_contains_paid_content":false,"footnotes":""},"categories":[6,1],"tags":[],"class_list":["post-170175","post","type-post","status-publish","format-standard","has-post-thumbnail","hentry","category-nacionales","category-portada"],"jetpack_featured_media_url":"https:\/\/i0.wp.com\/cdnoticias.com\/wp-content\/uploads\/2025\/04\/cardenales-francisco-conclave.jpg?fit=900%2C506&ssl=1","jetpack_sharing_enabled":true,"_links":{"self":[{"href":"https:\/\/cdnoticias.com\/index.php\/wp-json\/wp\/v2\/posts\/170175","targetHints":{"allow":["GET"]}}],"collection":[{"href":"https:\/\/cdnoticias.com\/index.php\/wp-json\/wp\/v2\/posts"}],"about":[{"href":"https:\/\/cdnoticias.com\/index.php\/wp-json\/wp\/v2\/types\/post"}],"author":[{"embeddable":true,"href":"https:\/\/cdnoticias.com\/index.php\/wp-json\/wp\/v2\/users\/6"}],"replies":[{"embeddable":true,"href":"https:\/\/cdnoticias.com\/index.php\/wp-json\/wp\/v2\/comments?post=170175"}],"version-history":[{"count":0,"href":"https:\/\/cdnoticias.com\/index.php\/wp-json\/wp\/v2\/posts\/170175\/revisions"}],"wp:featuredmedia":[{"embeddable":true,"href":"https:\/\/cdnoticias.com\/index.php\/wp-json\/wp\/v2\/media\/170176"}],"wp:attachment":[{"href":"https:\/\/cdnoticias.com\/index.php\/wp-json\/wp\/v2\/media?parent=170175"}],"wp:term":[{"taxonomy":"category","embeddable":true,"href":"https:\/\/cdnoticias.com\/index.php\/wp-json\/wp\/v2\/categories?post=170175"},{"taxonomy":"post_tag","embeddable":true,"href":"https:\/\/cdnoticias.com\/index.php\/wp-json\/wp\/v2\/tags?post=170175"}],"curies":[{"name":"wp","href":"https:\/\/api.w.org\/{rel}","templated":true}]}}