{"id":170166,"date":"2025-05-03T16:59:59","date_gmt":"2025-05-03T19:59:59","guid":{"rendered":"https:\/\/cdnoticias.com\/?p=170166"},"modified":"2025-05-03T17:00:01","modified_gmt":"2025-05-03T20:00:01","slug":"ciclo-de-prevencion-y-promocion-de-la-salud-integral-en-blanca-grande","status":"publish","type":"post","link":"https:\/\/cdnoticias.com\/index.php\/2025\/05\/03\/ciclo-de-prevencion-y-promocion-de-la-salud-integral-en-blanca-grande\/","title":{"rendered":"Ciclo de prevenci\u00f3n y promoci\u00f3n de la salud integral en Blanca Grande"},"content":{"rendered":"\n<p>La actividad se realizar\u00e1 el lunes 5 de mayo y tendr\u00e1 lugar en la sede del CAPS 13. Se solicita a las personas interesadas concurrir en fecha y lugar mencionado con libreta sanitaria.<\/p>\n\n\n\n<hr class=\"wp-block-separator aligncenter has-alpha-channel-opacity\"\/>\n\n\n\n<p>El pr\u00f3ximo<strong> lunes 5 se llevar\u00e1 a cabo una nueva edici\u00f3n del ciclo de prevenci\u00f3n y promoci\u00f3n de la salud integral. <\/strong>En esta oportunidad, la jornada tendr\u00e1 lugar en la <strong>localidad de Blanca Grande<\/strong>. <\/p>\n\n\n\n<p><\/p>\n\n\n\n<blockquote class=\"wp-block-quote is-layout-flow wp-block-quote-is-layout-flow\">\n<p>La actividad se realizar\u00e1 de 09:00 a 13:00 horas, y tendr\u00e1 lugar en la sede del CAPS 13 (Calle 5 y Calle 6) e incluye controles generales en ni\u00f1os\/as y personas adultas, actualizaci\u00f3n de esquemas de vacunaci\u00f3n seg\u00fan el Calendario Nacional, colocaci\u00f3n de m\u00e9todos anticonceptivos de larga duraci\u00f3n, controles ginecol\u00f3gicos y consejer\u00eda, atenci\u00f3n odontol\u00f3gica y oftalmol\u00f3gica.<\/p>\n<\/blockquote>\n\n\n\n<p><\/p>\n\n\n\n<p>Asimismo, contar\u00e1 con la participaci\u00f3n de la Subsecretar\u00eda de Atenci\u00f3n Primaria, Residencia de Medicina General, Programa Municipal de Salud Sexual y Reproductiva (PMSSyR), Servicio de Oftalmolog\u00eda, Odontolog\u00eda, Promotores de Salud.\u00a0<\/p>\n\n\n\n<p><\/p>\n\n\n\n<p>Se solicita a las personas interesadas <strong>concurrir en fecha y lugar mencionado con libreta sanitaria.<\/strong> Cabe destacar que en atenci\u00f3n primaria de la salud no s\u00f3lo se presta servicio en caso de enfermedad, sino que tambi\u00e9n <strong>se trabaja desde la prevenci\u00f3n y la promoci\u00f3n de h\u00e1bitos saludables <\/strong>por medio de distintas campa\u00f1as tendientes a mejorar nuestra calidad de vida.<\/p>\n\n\n\n<p><\/p>\n","protected":false},"excerpt":{"rendered":"<p>La actividad se realizar\u00e1 el lunes 5 de mayo y tendr\u00e1 lugar en la sede del CAPS 13. Se solicita<\/p>\n","protected":false},"author":6,"featured_media":13414,"comment_status":"closed","ping_status":"closed","sticky":false,"template":"","format":"standard","meta":{"_jetpack_memberships_contains_paid_content":false,"footnotes":""},"categories":[5,1],"tags":[],"class_list":["post-170166","post","type-post","status-publish","format-standard","has-post-thumbnail","hentry","category-informacion-general","category-portada"],"jetpack_featured_media_url":"https:\/\/i0.wp.com\/cdnoticias.com\/wp-content\/uploads\/2021\/02\/Blanca-Grande-1024x768.jpeg?fit=1024%2C768&ssl=1","jetpack_sharing_enabled":true,"_links":{"self":[{"href":"https:\/\/cdnoticias.com\/index.php\/wp-json\/wp\/v2\/posts\/170166","targetHints":{"allow":["GET"]}}],"collection":[{"href":"https:\/\/cdnoticias.com\/index.php\/wp-json\/wp\/v2\/posts"}],"about":[{"href":"https:\/\/cdnoticias.com\/index.php\/wp-json\/wp\/v2\/types\/post"}],"author":[{"embeddable":true,"href":"https:\/\/cdnoticias.com\/index.php\/wp-json\/wp\/v2\/users\/6"}],"replies":[{"embeddable":true,"href":"https:\/\/cdnoticias.com\/index.php\/wp-json\/wp\/v2\/comments?post=170166"}],"version-history":[{"count":0,"href":"https:\/\/cdnoticias.com\/index.php\/wp-json\/wp\/v2\/posts\/170166\/revisions"}],"wp:featuredmedia":[{"embeddable":true,"href":"https:\/\/cdnoticias.com\/index.php\/wp-json\/wp\/v2\/media\/13414"}],"wp:attachment":[{"href":"https:\/\/cdnoticias.com\/index.php\/wp-json\/wp\/v2\/media?parent=170166"}],"wp:term":[{"taxonomy":"category","embeddable":true,"href":"https:\/\/cdnoticias.com\/index.php\/wp-json\/wp\/v2\/categories?post=170166"},{"taxonomy":"post_tag","embeddable":true,"href":"https:\/\/cdnoticias.com\/index.php\/wp-json\/wp\/v2\/tags?post=170166"}],"curies":[{"name":"wp","href":"https:\/\/api.w.org\/{rel}","templated":true}]}}