{"id":170142,"date":"2025-05-04T10:31:50","date_gmt":"2025-05-04T13:31:50","guid":{"rendered":"https:\/\/cdnoticias.com\/?p=170142"},"modified":"2025-05-04T20:32:17","modified_gmt":"2025-05-04T23:32:17","slug":"colonia-nievas-festejara-su-147o-aniversario","status":"publish","type":"post","link":"https:\/\/cdnoticias.com\/index.php\/2025\/05\/04\/colonia-nievas-festejara-su-147o-aniversario\/","title":{"rendered":"Colonia Nievas festejar\u00e1 su 147\u00ba aniversario"},"content":{"rendered":"<p>El domingo 11 de mayo coincidir\u00e1 con la realizaci\u00f3n de la celebraci\u00f3n de la Kerb. Las actividades se emplazar\u00e1n en la Plaza \u201cJuan Jos\u00e9 Naviliat\u201d.<!--more--><\/p>\n<hr \/>\n<p><strong>Colonia Nievas<\/strong> prepara distintas actividades en el marco del<strong> festejo por su 147\u00ba aniversario<\/strong> que se desarrollar\u00e1 el <strong>domingo 11 de mayo<\/strong> en la localidad.<\/p>\n<p>Asimismo, ese d\u00eda se realizar\u00e1 la<strong> celebraci\u00f3n de la Kerb o del Santo Patrono, que es San Miguel Arc\u00e1ngel<\/strong>. <em>\u201cEstas festividades tienen un profundo sentido religioso y cultural\u201d<\/em> se indic\u00f3 desde la localidad.<\/p>\n<p>Se record\u00f3 que <strong>Colonia Nievas fue fundada en 1878 por Alemanes del Volga<\/strong>. Cinco a\u00f1os despu\u00e9s, en 1883, fundaron la Capilla \u201cSan Miguel Arc\u00e1ngel\u201d. Esta es la primera iglesia cat\u00f3lica de los Alemanes del Volga en Argentina y la capilla m\u00e1s antigua del Partido de Olavarr\u00eda.<\/p>\n<p>La jornada festiva se emplazar\u00e1 en la <strong>Plaza \u201cJuan Jos\u00e9 Naviliat\u201d<\/strong> y dar\u00e1 inicio a las 11 horas con <strong>la misa en la Capilla<\/strong> y continuar\u00e1 desde el mediod\u00eda con <strong>patio de comidas, artesanos, desfile y espect\u00e1culos musicales<\/strong>.<\/p>\n<blockquote><p>\u201cEn la actualidad este evento re\u00fane cada a\u00f1o mayor cantidad de concurrentes de toda la regi\u00f3n, atra\u00eddos por la importante propuesta religiosa, cultural, gastron\u00f3mica, artesanal y tambi\u00e9n la presentaci\u00f3n de distintos espect\u00e1culos\u201d se destac\u00f3 desde Colonia Nievas.<\/p><\/blockquote>\n<h3>Programaci\u00f3n<\/h3>\n<p>11:00 horas: Celebraci\u00f3n de la Santa Misa en la Capilla San Miguel Arc\u00e1ngel y posterior procesi\u00f3n.<\/p>\n<p>13:00 horas. Habilitaci\u00f3n oficial de los patios de comida con puestos gastronom\u00eda t\u00edpica y foodtruck y de la muestra de artesanos y emprendedores.<\/p>\n<p>14:00 horas. Presentaci\u00f3n de la Banda Escuela \u201cHugo Bazzano\u201d.<\/p>\n<p>14:30 horas. Acto protocolar.<\/p>\n<p>14:45 horas. Danza t\u00edpica a cargo del Ballet \u201cWir Bringen Freunden\u201d.<\/p>\n<p>15:00 horas. Desfile de representaciones.<\/p>\n<p>15:30 horas. Danza t\u00edpica a cargo del \u201cBallet Vesn\u00e1\u201d de la ciudad de Azul.<\/p>\n<p>16:00 horas. Nicol\u00e1s Centineo<\/p>\n<p>17:00 horas. Cierre a cargo del grupo \u201cHay Amor\u201d de la ciudad de Azul.<\/p>\n<blockquote><p>Se invit\u00f3 a participar de este evento popular que pretende generar un espacio festivo y reunir a vecinos, ex vecinos, y p\u00fablico en general poniendo en valor la cultura y tradici\u00f3n de los alemanes del Volga, la gastronom\u00eda, la m\u00fasica y la danza.<\/p><\/blockquote>\n","protected":false},"excerpt":{"rendered":"<p>El domingo 11 de mayo coincidir\u00e1 con la realizaci\u00f3n de la celebraci\u00f3n de la Kerb. Las actividades se emplazar\u00e1n en<\/p>\n","protected":false},"author":4,"featured_media":142490,"comment_status":"closed","ping_status":"closed","sticky":false,"template":"","format":"standard","meta":{"_jetpack_memberships_contains_paid_content":false,"footnotes":""},"categories":[9,1],"tags":[],"class_list":["post-170142","post","type-post","status-publish","format-standard","has-post-thumbnail","hentry","category-cultura","category-portada"],"jetpack_featured_media_url":"https:\/\/i0.wp.com\/cdnoticias.com\/wp-content\/uploads\/2025\/01\/colonia-nievas-mantenimiento.png?fit=896%2C474&ssl=1","jetpack_sharing_enabled":true,"_links":{"self":[{"href":"https:\/\/cdnoticias.com\/index.php\/wp-json\/wp\/v2\/posts\/170142","targetHints":{"allow":["GET"]}}],"collection":[{"href":"https:\/\/cdnoticias.com\/index.php\/wp-json\/wp\/v2\/posts"}],"about":[{"href":"https:\/\/cdnoticias.com\/index.php\/wp-json\/wp\/v2\/types\/post"}],"author":[{"embeddable":true,"href":"https:\/\/cdnoticias.com\/index.php\/wp-json\/wp\/v2\/users\/4"}],"replies":[{"embeddable":true,"href":"https:\/\/cdnoticias.com\/index.php\/wp-json\/wp\/v2\/comments?post=170142"}],"version-history":[{"count":0,"href":"https:\/\/cdnoticias.com\/index.php\/wp-json\/wp\/v2\/posts\/170142\/revisions"}],"wp:featuredmedia":[{"embeddable":true,"href":"https:\/\/cdnoticias.com\/index.php\/wp-json\/wp\/v2\/media\/142490"}],"wp:attachment":[{"href":"https:\/\/cdnoticias.com\/index.php\/wp-json\/wp\/v2\/media?parent=170142"}],"wp:term":[{"taxonomy":"category","embeddable":true,"href":"https:\/\/cdnoticias.com\/index.php\/wp-json\/wp\/v2\/categories?post=170142"},{"taxonomy":"post_tag","embeddable":true,"href":"https:\/\/cdnoticias.com\/index.php\/wp-json\/wp\/v2\/tags?post=170142"}],"curies":[{"name":"wp","href":"https:\/\/api.w.org\/{rel}","templated":true}]}}