{"id":170103,"date":"2025-04-27T18:16:51","date_gmt":"2025-04-27T21:16:51","guid":{"rendered":"https:\/\/cdnoticias.com\/?p=170103"},"modified":"2025-04-28T09:08:34","modified_gmt":"2025-04-28T12:08:34","slug":"el-paso-al-frente","status":"publish","type":"post","link":"https:\/\/cdnoticias.com\/index.php\/2025\/04\/27\/el-paso-al-frente\/","title":{"rendered":"El paso al frente"},"content":{"rendered":"\n<p>Despidos y seguridad, al tope de temas locales. Cerr\u00f3 la conciliaci\u00f3n en la negociaci\u00f3n de Soeco con Cerro Negro y empez\u00f3 un conflicto en la empresa. Adem\u00e1s, la situaci\u00f3n del Club Loma Negra.<\/p>\n\n\n\n<hr class=\"wp-block-separator has-alpha-channel-opacity\"\/>\n\n\n\n<p><em>(Extracto de Volver a las Fuentes por Josefina Bargas y Alexis Grierson)<\/em><\/p>\n\n\n\n<p><\/p>\n\n\n\n<p>A lo largo de la semana hubo novedades en lo que, prevemos, ser\u00e1n dos grandes ejes de debate durante la campa\u00f1a legislativa provincial y local: econom\u00eda y seguridad. Cada uno con sus bajadas y sus desprendimientos tem\u00e1ticos.<\/p>\n\n\n\n<p><\/p>\n\n\n\n<p>Sobre econom\u00eda, en lo local se va a destacar el tratamiento por la ca\u00edda de la actividad econ\u00f3mica y la reducci\u00f3n de puestos laborales que abona a\u00fan m\u00e1s a la ca\u00edda de la actividad. Lo sucedido con Cerro Negro, inicio de paro y protesta mediante sobre el fin de esta semana, y la propuesta legislativa que present\u00f3 La Libertad Avanza fueron dos de los hitos.<\/p>\n\n\n\n<p><\/p>\n\n\n\n<p>Destacamos que, ahora s\u00ed, se pronunci\u00f3 en forma directa Maximiliano Wesner: en su cuenta de la red X dej\u00f3 un an\u00e1lisis del tema y lo hizo en forma p\u00fablica reci\u00e9n con el cierre de la conciliaci\u00f3n. Lo vamos a analizar en detalle m\u00e1s adelante, pero en este punto queremos subrayar el momento elegido para comunicar y la intenci\u00f3n expresada de previsi\u00f3n y acompa\u00f1amiento. \u201cNosotros advertimos\u201d y \u201cvamos a hacer todo lo posible para amortiguar este golpe\u201d fueron algunas de las ideas del jefe comunal.<\/p>\n\n\n\n<p><\/p>\n\n\n\n<p>Respecto de la situaci\u00f3n de seguridad hubo much\u00edsimas novedades. Es cierto que el tema tiene mucho de \u201csensaci\u00f3n\u201d, pero eso no es un impedimento ni mucho menos sirve como justificaci\u00f3n a ninguna gesti\u00f3n para minimizar el panorama. Hechos violentos de las \u00faltimas semanas pusieron sobre la mesa el panorama y el Ejecutivo sali\u00f3 a mostrar gesti\u00f3n con una reuni\u00f3n en la que estuvieron los jefes policiales y representantes del Ministerio P\u00fablico. \u201cLa situaci\u00f3n actual amerita una respuesta mancomunada entre el Municipio, la Justicia y las fuerzas de seguridad\u201d se comunic\u00f3 desde la Municipalidad.<\/p>\n\n\n\n<p><\/p>\n\n\n\n<p>En ambos temas, la intenci\u00f3n del Ejecutivo se repite: Maximiliano Wesner se muestra con acci\u00f3n y pronunciamientos para definir e intervenir. La idea es la de un Ejecutivo en acci\u00f3n y un paso al frente. La imagen tiene algo de novedoso y tal vez se corresponda a una gesti\u00f3n en inicio, con dirigentes de poco pasado en responsabilidad institucional local, pero al menos por ahora, parece que Wesner\/el Ejecutivo quiere ser la referencia en las situaciones conflictivas, a\u00fan demarcando responsabilidades ajenas y l\u00edmites propios.<\/p>\n\n\n\n<p><\/p>\n\n\n\n<p>Le\u00edmos esa actitud en el acto del Club Loma Negra donde el intendente dej\u00f3 fuertes declaraciones: \u201cel Municipio va a trabajar y va a garantizar la continuidad de las puertas abiertas de este hermoso y honrado club. Vamos a poner a disposici\u00f3n todos los recursos que podamos para que el club siga abierto\u201d dijo. El Ejecutivo eligi\u00f3 ponerse al frente del conflicto que, en este caso, afecta a la localidad por el alcance potencial del cierre, pero que puntualmente enfrenta a la instituci\u00f3n deportiva con la justicia.<\/p>\n\n\n\n<p><\/p>\n\n\n\n<p>Lo que adelanta esto, entendemos, es que veremos una campa\u00f1a electoral del oficialismo local con el intendente participando de forma muy activa y protag\u00f3nica m\u00e1s all\u00e1 de los candidatos que se designen. Va a ser el destinatario de los mensajes de los sectores opositores y va a ser quien los responda.<\/p>\n\n\n\n<p><\/p>\n\n\n\n<p><strong>El fin de la conciliaci\u00f3n en Cerro Negro<\/strong><\/p>\n\n\n\n<p>Entre el lunes y el jueves se llevaron a cabo las \u00faltimas negociaciones de la conciliaci\u00f3n obligatoria entre Soeco-Focra y Cerro Negro. Finalmente fueron 23 los trabajadores reincorporados de los 96 telegramas enviados en marzo. Hubo 41 despedidos y el resto acept\u00f3 retiros voluntarios.<\/p>\n\n\n\n<p><\/p>\n\n\n\n<p>\u201cLa realidad es que los puestos de trabajo en Olavarr\u00eda se est\u00e1n cayendo\u201d alert\u00f3 en una entrevista en Radio Sapiens Gustavo Bustamante del Soeco. Apunt\u00f3 a la gesti\u00f3n nacional: \u201cEste gobierno est\u00e1 haciendo un desastre. \u00bfQu\u00e9 puede pasar de ac\u00e1 al m\u00e1s? No lo sabemos. Lo que estamos viviendo hoy nosotros, los trabajadores en Argentina, los jubilados, no lo hemos vivido nunca\u201d. Y ampli\u00f3 sus cr\u00edticas: \u201cyo no s\u00e9 en qu\u00e9 est\u00e1 pensando este Gobierno. Habla mucho del cepo, del d\u00e9ficit cero, del pr\u00e9stamo del Fondo, de la macro y todas esas cosas a nosotros poco nos interesan. Nosotros estamos pensando en tener trabajo, no en comprar d\u00f3lares\u201d. Pero ese no fue el \u00fanico blanco, cuestion\u00f3 tambi\u00e9n a los dirigentes locales de LLA sobre quienes afirm\u00f3 que &#8220;no comparten la preocupaci\u00f3n&#8221; por la ca\u00edda de puestos de trabajo. \u201cLo escucho a Guillermo Lascano, a Celeste Arouxet y me parece que est\u00e1n viviendo en otra ciudad\u201d dijo inicialmente y sigui\u00f3 con duras cr\u00edticas.<\/p>\n\n\n\n<p><\/p>\n\n\n\n<figure class=\"wp-block-image size-full\"><img data-recalc-dims=\"1\" loading=\"lazy\" decoding=\"async\" width=\"800\" height=\"445\" src=\"https:\/\/i0.wp.com\/cdnoticias.com\/wp-content\/uploads\/2025\/04\/cerro-negro-01.png?resize=800%2C445&#038;ssl=1\" alt=\"\" class=\"wp-image-169877\" srcset=\"https:\/\/i0.wp.com\/cdnoticias.com\/wp-content\/uploads\/2025\/04\/cerro-negro-01.png?w=800&amp;ssl=1 800w, https:\/\/i0.wp.com\/cdnoticias.com\/wp-content\/uploads\/2025\/04\/cerro-negro-01.png?resize=300%2C167&amp;ssl=1 300w, https:\/\/i0.wp.com\/cdnoticias.com\/wp-content\/uploads\/2025\/04\/cerro-negro-01.png?resize=768%2C427&amp;ssl=1 768w\" sizes=\"auto, (max-width: 800px) 100vw, 800px\" \/><\/figure>\n\n\n\n<p><\/p>\n\n\n\n<p>Adem\u00e1s, se quej\u00f3 de que los miembros de la CGT \u201cgastan mucha tinta en comunicados y gastan muy pocas zapatillas\u201d.<\/p>\n\n\n\n<p><\/p>\n\n\n\n<p>En contraste, destac\u00f3 que con Maximiliano Wesner mantienen comunicaci\u00f3n frecuente. \u201cSe viene muy duro Olavarr\u00eda. Esta es una preocupaci\u00f3n que tenemos todos. La tiene el Intendente, con quien estamos hablando d\u00eda por medio porque est\u00e1 llamando a ver c\u00f3mo contin\u00faa todo\u201d destac\u00f3. El propio Bustamante hab\u00eda advertido que la situaci\u00f3n del sector ceramista est\u00e1 comprometida en todo el pa\u00eds (hace pocos d\u00edas se conoci\u00f3 tambi\u00e9n la suspensi\u00f3n de 100 trabajadores en una empresa de Luj\u00e1n) y proyect\u00f3 que la ca\u00edda de puestos de trabajo seguir\u00e1 en Olavarr\u00eda con m\u00e1s rubros afectados.<\/p>\n\n\n\n<p><\/p>\n\n\n\n<p>El cierre de la negociaci\u00f3n fue el inicio de un paro y protesta por tiempo indeterminado en la planta Cerro Negro, donde con la presencia de directivos de Focra el reclamo es por la reincoproraci\u00f3n de los 41 despedidos.<\/p>\n\n\n\n<p><\/p>\n\n\n\n<p>En este contexto hubo distintos mensajes de apoyo. La CGT y la CTA emitieron comunicados. \u201cRatificamos nuestro apoyo y acompa\u00f1amiento con los trabajadores de Cerro Negro\u201d y \u201cacompa\u00f1amiento y solidaridad con la jornada de lucha\u201d, expresaron respectivamente. Adem\u00e1s, el s\u00e1bado directivos de CTA estuvieron en las puertas de la empresa para sumarse a la manifestaci\u00f3n de Soeco.<\/p>\n\n\n\n<p><\/p>\n\n\n\n<p>El intendente Maximiliano Wesner emiti\u00f3 tambi\u00e9n un mensaje, como ya comentamos. Cuando el conflicto se inici\u00f3 hubo una comunicaci\u00f3n del oficialismo, pero de forma indirecta con lo que la del jueves es la primera expresi\u00f3n p\u00fablica oficial sobre los despidos en las redes del mandatario.<\/p>\n\n\n\n<p><\/p>\n\n\n\n<p>Unific\u00f3 las situaciones de FABI y Cerro Negro, mencion\u00f3 &#8220;m\u00e1s de mil despidos&#8221; en total en Olavarr\u00eda para apuntar al presidente Javier Milei y a su modelo de gesti\u00f3n econ\u00f3mica.<\/p>\n\n\n\n<p><\/p>\n\n\n\n<p>\u201cOlavarr\u00eda y sus trabajadores est\u00e1n sufriendo en primera persona las consecuencias de la pol\u00edtica macroecon\u00f3mica del presidente Milei, con especial \u00e9nfasis en un modelo productivo de desindustrializaci\u00f3n, apertura de importaciones y la paralizaci\u00f3n de la obra p\u00fablica. La desregulaci\u00f3n hace que el producto importado sustituya el producido de nuestros trabajadores\u201d sostuvo Wesner. Consider\u00f3 que el panorama \u201cno se puede resolver a nivel local\u201d mientras se mantenga \u201cel rumbo econ\u00f3mico\u201d a nivel nacional.<\/p>\n\n\n\n<p><\/p>\n\n\n\n<p>Tal como hab\u00eda adelantado Guillermo Lascano la semana pasada, LLA llev\u00f3 al Concejo Deliberante un proyecto que busca impulsar las obras p\u00fablicas locales desde el sector privado.<\/p>\n\n\n\n<p><\/p>\n\n\n\n<p>Esta iniciativa parte del reconocimiento de que, efectivamente, la paralizaci\u00f3n de la obra p\u00fablica que impuso el Presidente es un gran problema para Olavarr\u00eda y requiere una respuesta espec\u00edfica. Esta respuesta es distinta a la de semanas anteriores cuando el mismo Lascano y Celeste Arouxet hablaron de \u201cmaster plan\u201d y de modificar la matriz productiva local ante el planteo de uno de los efectos de esta ca\u00edda, que son los despidos. No son respuestas contradictorias, hay que aclarar tambi\u00e9n.<\/p>\n\n\n\n<p><\/p>\n\n\n\n<p>Adem\u00e1s, en los considerandos del proyecto, cuestionaron los gastos municipales por la \u201csobredimensi\u00f3n de su estructura\u201d. \u201cOlavarr\u00eda s\u00f3lo invirti\u00f3 el 6% de ingresos en el a\u00f1o 2024\u201d tambi\u00e9n se a\u00f1adi\u00f3.<\/p>\n\n\n\n<p><\/p>\n\n\n\n<p>\u00bfQu\u00e9 dice el proyecto? B\u00e1sicamente es una importante modificaci\u00f3n a la hora de pensar la concreci\u00f3n de las obras p\u00fablicas: quieren que las empresas \u201cgeneren, financien y ejecuten la obra p\u00fablica que determine el municipio de Olavarr\u00eda\u201d, algo que hasta el momento no est\u00e1 habilitado. \u00bfC\u00f3mo lo har\u00edan? Mediante el mecanismo de uni\u00f3n transitoria de empresas (UTE) y las famosas \u201cPPP\u201d (Participaci\u00f3n P\u00fablico-Privada). \u00bfPor qu\u00e9 lo har\u00edan? Por ventajas impositivas: cambian inversi\u00f3n en obras en vez de aportar fondos en el pago de tasas y derechos \u201cpor un tiempo determinado o por proyectos ejecutados\u201d.<\/p>\n\n\n\n<p><\/p>\n\n\n\n<p>Ahora, presentado el proyecto son\u00f3 raro -y si lo estiramos, contradictorio- el video difundido por LLA local donde un militante de la Juventud Libertaria propone devolver a las empresas lo cobrado por el Impuesto a la Piedra. M\u00e1s all\u00e1 de que el planteo es de una lectura inocente en la voz de un joven y peligroso al ser expuesto sin se\u00f1alamientos por una cuenta del partido gobernante en la naci\u00f3n, termina encuadrado en lo local en un camino hacia tener menos ventajas impositivas sobre las que impulsar al sector privado a asumir obras p\u00fablicas.<\/p>\n\n\n\n<p><\/p>\n\n\n\n<p>De cualquier manera, esto reci\u00e9n comienza. El proyecto tom\u00f3 estado parlamentario en la sesi\u00f3n del jueves para ser estudiado en las comisiones. Seguramente ser\u00e1 una carta que LLA juegue en la campa\u00f1a legislativa.<\/p>\n\n\n\n<p><\/p>\n\n\n\n<p>Dos menciones al pasar. Despidos: 40 trabajadores fueron despedidos en Azul del frigor\u00edfico Devesa. Una denuncia: un medio platense hizo p\u00fablica una denuncia an\u00f3nima contra Guillermo Lascano por su gesti\u00f3n en el PAMI.<\/p>\n\n\n\n<p><\/p>\n\n\n\n<p><strong>Datos y sensaciones<\/strong><\/p>\n\n\n\n<p>Varios casos de robos y ataques con armas fueron noticia en las \u00faltimas semanas y con ello la inseguridad qued\u00f3 subrayado como problema local. A la par, el intendente firm\u00f3 el acceso al Fondo de Seguridad provincial -ya lo contamos- lo que se traducir\u00e1 en m\u00e1s m\u00f3viles.<\/p>\n\n\n\n<p><\/p>\n\n\n\n<p>El tema se plante\u00f3 por dos carriles. Por un lado, el intendente Wesner encabez\u00f3 una reuni\u00f3n con todas las autoridades policiales y con fiscales para abordar \u201cdesde diversas aristas en cuanto a seguridad y seguir desplegando a partir de all\u00ed acciones conjuntas y articuladas, con el foco en la prevenci\u00f3n\u201d. Se comunic\u00f3 oficialmente que la situaci\u00f3n amerita \u201cuna respuesta mancomunada entre el Municipio, la Justicia y las fuerzas de seguridad. Es por ello que se acord\u00f3 adem\u00e1s el compromiso de sostener en el tiempo este tipo de encuentros, como as\u00ed tambi\u00e9n la vinculaci\u00f3n y comunicaci\u00f3n permanente\u201d. \u00bfEso no era algo que hac\u00eda el Foro de Seguridad Municipal?<\/p>\n\n\n\n<p><\/p>\n\n\n\n<p>Adem\u00e1s hubo un caso que demand\u00f3 intervenci\u00f3n directa -\u201cabordaje integral\u201d-: un grupo de adolescentes que atacaba a otros en la plaza central y se filmaba para subir las im\u00e1genes a las redes. Los hechos fueron denunciados penalmente. El Municipio logr\u00f3 identificar a algunos de los atacantes, convoc\u00f3 a sus familias, a autoridades de seguridad municipal y policial, referentes educativos y m\u00e1s actores. En la semana tambi\u00e9n se inform\u00f3 una reuni\u00f3n con vecinos de El Pasillo.<\/p>\n\n\n\n<p><\/p>\n\n\n\n<p>Por otro lado, los bloques Pro y Juntos por Olavarr\u00eda presentaron un pedido de informe en el Concejo Deliberante. \u201cLamentablemente vemos que hay robos por todos lados en el Partido de Olavarr\u00eda. Desde asaltos en la v\u00eda p\u00fablica, hasta abigeatos pasando por robos en comercios y viviendas\u201d expresaron los ediles. Sostuvieron que \u201cno vemos respuestas por parte de la Municipalidad. En este sentido es que buscamos saber qu\u00e9 acciones tiene pensada desde la gesti\u00f3n de Wesner para prevenir el delito\u201d.<\/p>\n\n\n\n<p><\/p>\n\n\n\n<p>El pedido es de informaci\u00f3n diversa: las inversiones de fondos locales de seguridad, el organigrama de la Subsecretar\u00eda Municipal de Seguridad, la cantidad de m\u00f3viles y personal, el patrullaje, los pagos de horas Polad y los gasto en reparaciones, adem\u00e1s de pedir la \u201cestad\u00edsticas de los robos en lo que va del a\u00f1o y comparativas con el 2024\u201d.<\/p>\n\n\n\n<p><\/p>\n\n\n\n<p>Guillermina Amespil, de Juntos, se\u00f1al\u00f3 que en los tipos de delitos detectados en general \u201cde alguna forma, no hay violencia. Hay como una situaci\u00f3n de menor escala, si se quiere, que genera la intranquilidad porque uno entra a su casa y se da cuenta que alguien estuvo adentro\u201d. Se refiri\u00f3 a hechos de \u201crobo menor o hurto&#8221; como lo m\u00e1s reiterado.<\/p>\n\n\n\n<p>El proyecto se present\u00f3 en la sesi\u00f3n donde el concejal Carlos Coscia asegur\u00f3 que los hechos delictivos est\u00e1n en aumento. El presidente del bloque oficialista, Federico Aguilera, dijo que eso \u201cen el sustento cuantitativo y estad\u00edstico no se refleja\u201d y cit\u00f3 datos locales que dan cuenta de una baja de los robos denunciados en la comparativa entre el inicio de 2024 y de 2025.<\/p>\n\n\n\n<p><\/p>\n\n\n\n<p>En una entrevista en Radio Sapiens, el subsecretario El\u00edas Quintas inform\u00f3 que en el primer trimestre del 2024 hubo 443 il\u00edcitos consumados y este a\u00f1o, 282: baja de 35%. Se trata de estad\u00edstica propia que se elabora en el Centro Municipal de Monitoreo.<\/p>\n\n\n\n<p><\/p>\n\n\n\n<p>\u201cEn Olavarr\u00eda sigue predominando el delito al paso, que es el robo y el hurto. Por ah\u00ed podemos llegar a tener situaciones de escruche \u2013robo en vivienda en ausencia de sus propietarios- y dem\u00e1s\u201d reconoci\u00f3. Y sum\u00f3 que \u201cha aumentado la cantidad de interacciones de los vecinos y vecinas de la ciudad con las herramientas de alerta de las situaciones de il\u00edcitos en un 16% entre el primer trimestre del 2025 y el primer trimestre del 2024\u201d.<\/p>\n\n\n\n<p><\/p>\n\n\n\n<p>Quintas sigui\u00f3 el tratamiento del tema en el HCD y dej\u00f3 su mensaje para la oposici\u00f3n: pidi\u00f3 \u201cresponsabilidad\u201d en la forma \u201cen que brindamos o solicitamos la informaci\u00f3n (\u2026), no necesariamente tienen que hacer pantomimas medi\u00e1ticas\u201d.<\/p>\n\n\n\n<p><\/p>\n\n\n\n<p>Tambi\u00e9n denunci\u00f3 irregularidades en la colocaci\u00f3n y mantenimiento de c\u00e1maras de seguridad en la gesti\u00f3n anterior. Quintas se\u00f1al\u00f3 que unos 30 equipos eran &#8220;c\u00e1maras fantasmas&#8221;: &#8220;nunca se hab\u00edan terminado de instalar. En muchos casos los gabinetes de esas c\u00e1maras de seguridad estaban vac\u00edos y ni siquiera ten\u00edan la bajada el\u00e9ctrica. Esto obviamente fue escandaloso\u201d.<\/p>\n\n\n\n<p><\/p>\n\n\n\n<p>En el \u00e1mbito rural hubo abigeatos en la zona de Blanca Grande. Desde el Foro se Seguridad Rural Argentino se inform\u00f3 que no es una cantidad alarmante de delitos y que se comunicaron con el intendente Wesner quien mostr\u00f3 estar al tanto de los casos. El intendente les dijo que buscar\u00e1 reforzar los patrullajes en esa zona con veh\u00edculos que se adquirir\u00e1n mediante el Fondo de Seguridad municipal.<\/p>\n\n\n\n<p><\/p>\n\n\n\n<p>Otra menci\u00f3n al pasar. El Ministerio de Desarrollo Agrario habilit\u00f3 la caza de jabal\u00ed en toda la provincia y eso, dicen, puede ser un problema para Olavarr\u00eda en materia de seguridad. Especialmente porque los jabal\u00edes se ubican en zonas rurales donde el patrullaje -la cantidad de m\u00f3viles y de personal- es deficiente: Blanca Grande, Espigas y Loma Negra. Esperan que el Municipio no adhiera a la medida, pero ya lo hizo Tapalqu\u00e9 y temen que desde all\u00ed ingresar\u00edan cazadores. No obstante, se reconoce que el problema de la sobrepoblaci\u00f3n de esta especie invasora existe en nuestra regi\u00f3n: una hembra puede tener unas 100 cr\u00edas por a\u00f1o y se reproducen desde los 6 meses de edad.<\/p>\n\n\n\n<p><\/p>\n\n\n\n<p><strong>En defensa de la celeste<\/strong><\/p>\n\n\n\n<p>El riesgo de desaparici\u00f3n del Club Loma Negra convoc\u00f3 la atenci\u00f3n esta semana: hubo comunicado de la Uni\u00f3n de Clubes y proyectos que se trataron en el Concejo Deliberante. As\u00ed se lleg\u00f3 al viernes a la tarde a una reuni\u00f3n en la sede deportiva donde los directivos explicaron la situaci\u00f3n y estuvo el intendente.<\/p>\n\n\n\n<p><\/p>\n\n\n\n<figure class=\"wp-block-image size-full\"><img data-recalc-dims=\"1\" loading=\"lazy\" decoding=\"async\" width=\"800\" height=\"445\" src=\"https:\/\/i0.wp.com\/cdnoticias.com\/wp-content\/uploads\/2025\/04\/Diseno-sin-titulo-1.jpg?resize=800%2C445&#038;ssl=1\" alt=\"\" class=\"wp-image-170035\" srcset=\"https:\/\/i0.wp.com\/cdnoticias.com\/wp-content\/uploads\/2025\/04\/Diseno-sin-titulo-1.jpg?w=800&amp;ssl=1 800w, https:\/\/i0.wp.com\/cdnoticias.com\/wp-content\/uploads\/2025\/04\/Diseno-sin-titulo-1.jpg?resize=300%2C167&amp;ssl=1 300w, https:\/\/i0.wp.com\/cdnoticias.com\/wp-content\/uploads\/2025\/04\/Diseno-sin-titulo-1.jpg?resize=768%2C427&amp;ssl=1 768w\" sizes=\"auto, (max-width: 800px) 100vw, 800px\" \/><\/figure>\n\n\n\n<p><\/p>\n\n\n\n<p>Vamos a se\u00f1alar algunos aspectos destacados. Primero: este es un conflicto con la justicia del fuero laboral de Olavarr\u00eda. Hubo dos fallos por escenarios muy similares con resultados distintos: una sentencia considera responsable a la empresa Loma Negra y la otra no. El presidente del club, Walter Bahl, explic\u00f3 el panorama y el ex integrante de la comisi\u00f3n de f\u00fatbol, Cristian Saut\u00fa, nombr\u00f3 a los jueces en cuesti\u00f3n del Tribunal de Trabajo y de los Juzgados Civiles. En lo formal, presentaron la apelaci\u00f3n a\u00fan sin disponer del dinero que se requiere para hacerlo y esperan obtener la habilitaci\u00f3n para llevar el caso a la Suprema Corte: quieren que los magistrados contrasten ambos fallos y exponer los antecedentes judiciales en los que la cementera actu\u00f3 como solidaria responsable.<\/p>\n\n\n\n<p><\/p>\n\n\n\n<p>Segundo. El presidente de la Uni\u00f3n de Clubes, Jos\u00e9 Maceo, tambi\u00e9n centraliz\u00f3 su intervenci\u00f3n en se\u00f1alar a los jueces que fallaron en contra: Propuso \u201cprotestar en las puertas de la empresa Loma Negra (preparen las gomas que hay que quemar)\u201d. Lo que llam\u00f3 la atenci\u00f3n fue el tono de su discurso, sonaba a una arenga \u2026 en tono de campa\u00f1a legislativa. Estuvieron los presidentes de entidades deportivas integrantes de la Uni\u00f3n de Clubes; entre los ausentes, el presidente de Racing, Hugo Fayan\u00e1s.<\/p>\n\n\n\n<p><\/p>\n\n\n\n<p>Tercero. Wesner se convirti\u00f3 en defensor del club. No hablamos del libro de pases del f\u00fatbol sino del discurso del intendente. \u201cHoy todos somos Loma Negra, este club va a seguir abierto\u201d dijo y hasta afirm\u00f3 que a\u00fan si el fallo es adverso en la Suprema Corte, el Municipio \u201cgarantizar\u00e1 la continuidad de las puertas abiertas de este hermoso y adorado club\u201d.<\/p>\n\n\n\n<p><\/p>\n\n\n\n<p>El \u00faltimo orador de la convocatoria fue el Intendente quien expres\u00f3 que su presencia as\u00ed como la del Municipio de Olavarr\u00eda busca \u201cque la familia lomanegrense siga viviendo y haciendo algo por lo que todos trabajamos, el sentido de comunidad\u201d.<\/p>\n\n\n\n<p><\/p>\n\n\n\n<p><strong>Algo para las Legislativas<\/strong><\/p>\n\n\n\n<p>Siguen las tensiones entre Mauricio Macri y Javier Milei por un posible acuerdo entre LLA y el Pro en la provincia para presentarse a las elecciones bonaerenses.<\/p>\n\n\n\n<p><\/p>\n\n\n\n<p>El ex presidente habl\u00f3 de dirigentes \u201cque se compran\u201d en referencia a los pases de referentes amarillos a las filas violetas y el actual presidente le respondi\u00f3 \u201cque le \u201cmuestre la factura\u201d. A pesar de eso, Milei sostuvo en una entrevista televisiva que \u201cel acuerdo para la Provincia de Buenos Aires marcha muy fuerte\u201d y declar\u00f3 la intenci\u00f3n de \u201carmar una estructura super-competitiva\u201d para ganar.<\/p>\n\n\n\n<p><\/p>\n\n\n\n<p>Recordemos que la conducci\u00f3n de negociaci\u00f3n es de Karina Milei y ella quiere solo el sello libertario en carrera.<\/p>\n\n\n\n<p><\/p>\n\n\n\n<p>Para hoy esper\u00e1bamos poder hablar del Congreso de La Libertad Avanza bonaerense, pero se suspendi\u00f3 por la muerte del papa Francisco. A\u00fan no se inform\u00f3 reprogramaci\u00f3n.<\/p>\n\n\n\n<p><\/p>\n\n\n\n<p>En tanto, desde otra punta del espectro ideol\u00f3gico el massismo tuvo actividad local. El referente de Foro Olavarr\u00eda, Eduardo Rodr\u00edguez, asisti\u00f3 a la inauguraci\u00f3n de una obra de AUBASA. la bajada de 520. Estuvo con el presidente de AUBASA Jose Arteaga y la gerenta de seguridad de la empresa.<\/p>\n\n\n\n<p><\/p>\n\n\n\n<p>El viernes se reuni\u00f3 el Foro-Frente Renovador en Olavarr\u00eda. Junto con Rodr\u00edguez estuvieron Gast\u00f3n Sarachu y Carlos Bettiga. Definieron la organizaci\u00f3n de un encuentro para el viernes 9 de mayo a fin de compartir informaci\u00f3n y concientizar de las dificultades por la gesti\u00f3n nacional, movilizar la gente mas comprometida y \u2026 trabajar con miras al nuevo escenario electoral con la premisa de la unidad frente a Milei.<\/p>\n","protected":false},"excerpt":{"rendered":"<p>Despidos y seguridad, al tope de temas locales. Cerr\u00f3 la conciliaci\u00f3n en la negociaci\u00f3n de Soeco con Cerro Negro y<\/p>\n","protected":false},"author":5,"featured_media":170104,"comment_status":"closed","ping_status":"closed","sticky":false,"template":"","format":"standard","meta":{"_jetpack_memberships_contains_paid_content":false,"footnotes":""},"categories":[4,1],"tags":[],"class_list":["post-170103","post","type-post","status-publish","format-standard","has-post-thumbnail","hentry","category-politica","category-portada"],"jetpack_featured_media_url":"https:\/\/i0.wp.com\/cdnoticias.com\/wp-content\/uploads\/2025\/04\/unnamed.jpg?fit=1600%2C1058&ssl=1","jetpack_sharing_enabled":true,"_links":{"self":[{"href":"https:\/\/cdnoticias.com\/index.php\/wp-json\/wp\/v2\/posts\/170103","targetHints":{"allow":["GET"]}}],"collection":[{"href":"https:\/\/cdnoticias.com\/index.php\/wp-json\/wp\/v2\/posts"}],"about":[{"href":"https:\/\/cdnoticias.com\/index.php\/wp-json\/wp\/v2\/types\/post"}],"author":[{"embeddable":true,"href":"https:\/\/cdnoticias.com\/index.php\/wp-json\/wp\/v2\/users\/5"}],"replies":[{"embeddable":true,"href":"https:\/\/cdnoticias.com\/index.php\/wp-json\/wp\/v2\/comments?post=170103"}],"version-history":[{"count":0,"href":"https:\/\/cdnoticias.com\/index.php\/wp-json\/wp\/v2\/posts\/170103\/revisions"}],"wp:featuredmedia":[{"embeddable":true,"href":"https:\/\/cdnoticias.com\/index.php\/wp-json\/wp\/v2\/media\/170104"}],"wp:attachment":[{"href":"https:\/\/cdnoticias.com\/index.php\/wp-json\/wp\/v2\/media?parent=170103"}],"wp:term":[{"taxonomy":"category","embeddable":true,"href":"https:\/\/cdnoticias.com\/index.php\/wp-json\/wp\/v2\/categories?post=170103"},{"taxonomy":"post_tag","embeddable":true,"href":"https:\/\/cdnoticias.com\/index.php\/wp-json\/wp\/v2\/tags?post=170103"}],"curies":[{"name":"wp","href":"https:\/\/api.w.org\/{rel}","templated":true}]}}