{"id":170063,"date":"2025-04-26T12:50:05","date_gmt":"2025-04-26T15:50:05","guid":{"rendered":"https:\/\/cdnoticias.com\/?p=170063"},"modified":"2025-04-26T16:20:53","modified_gmt":"2025-04-26T19:20:53","slug":"seguridad-rural-abigeatos-en-la-zona-de-blanca-grande-y-compromiso-de-inversion-municipal","status":"publish","type":"post","link":"https:\/\/cdnoticias.com\/index.php\/2025\/04\/26\/seguridad-rural-abigeatos-en-la-zona-de-blanca-grande-y-compromiso-de-inversion-municipal\/","title":{"rendered":"Seguridad rural: abigeatos en la zona de Blanca Grande y compromiso de inversi\u00f3n municipal"},"content":{"rendered":"\n<p>Desde el Foro de Seguridad Rural Argentino se destac\u00f3 que \u201cla cifra no es para alarmarse\u201d tras contacto con los productores. Adem\u00e1s, expusieron la situaci\u00f3n al intendente Wesner.<\/p>\n\n\n\n<hr class=\"wp-block-separator has-alpha-channel-opacity\"\/>\n\n\n\n<p>Desde el <strong>Foro de Seguridad Rural Argentino <\/strong>se inform\u00f3 que <strong>\u201ca ra\u00edz de algunos hechos de abigeato en Blanca Grande, nos pusimos en contacto con productores de esa zona que participan en la Mesa de Trabajo\u201d.<\/strong><\/p>\n\n\n\n<p><\/p>\n\n\n\n<p>En referencia a las expresiones de esos productores se indic\u00f3 que <strong>\u201csi bien hubo hechos pero la cifra no es para alarmarse\u201d <\/strong>al tiempo desde el Foro se hizo un llamado \u201ca seguir trabajando\u201d en la zona.<\/p>\n\n\n\n<p><\/p>\n\n\n\n<p>En paralelo, desde la agrupaci\u00f3n se inform\u00f3 que <strong>mantuvieron contacto con el intendente Maximiliano Wesner <\/strong>para exponer la situaci\u00f3n y que la respuesta del jefe comunal fue, no s\u00f3lo estar al tanto del panorama, sino adelantar el compromiso de inversi\u00f3n para mejoras en materia de seguridad.<\/p>\n\n\n\n<p><\/p>\n\n\n\n<blockquote class=\"wp-block-quote is-layout-flow wp-block-quote-is-layout-flow\">\n<p>\u201cEl intendente me comunic\u00f3 que con el Fondo de Fortalecimiento de Seguridad que viene de provincia van a comprar m\u00f3viles para reforzar la zona de Recalde, Espigas y Santa Luisa algo que me puso contento porque es un pedido que ven\u00edamos haciendo desde el Foro de Seguridad Rural Argentino\u201d dijo Pablo Gonz\u00e1lez, miembro del Foro, a Central de Noticias.<\/p>\n<\/blockquote>\n\n\n\n<p><\/p>\n\n\n\n<p>Cabe recordar que el jueves se envi\u00f3 el<a href=\"https:\/\/cdnoticias.com\/index.php\/2025\/04\/24\/la-provincia-transfirio-la-primera-cuota-del-fondo-de-fortalecimiento-de-la-seguridad\/\" data-type=\"link\" data-id=\"https:\/\/cdnoticias.com\/index.php\/2025\/04\/24\/la-provincia-transfirio-la-primera-cuota-del-fondo-de-fortalecimiento-de-la-seguridad\/\"> primer adelanto del Fondo de Seguridad provincial <\/a>a los municipios que adhirieron, entre ellos Olavarr\u00eda.<\/p>\n\n\n\n<p><\/p>\n\n\n\n<figure class=\"wp-block-embed is-type-wp-embed is-provider-central-de-noticias-olavarr-a wp-block-embed-central-de-noticias-olavarr-a\"><div class=\"wp-block-embed__wrapper\">\n<blockquote class=\"wp-embedded-content\" data-secret=\"3bytFEjQGl\"><a href=\"https:\/\/cdnoticias.com\/index.php\/2025\/04\/24\/la-provincia-transfirio-la-primera-cuota-del-fondo-de-fortalecimiento-de-la-seguridad\/\">La Provincia transfiri\u00f3 la primera cuota del Fondo de Fortalecimiento de la Seguridad<\/a><\/blockquote><iframe loading=\"lazy\" class=\"wp-embedded-content\" sandbox=\"allow-scripts\" security=\"restricted\" style=\"position: absolute; visibility: hidden;\" title=\"&#8220;La Provincia transfiri\u00f3 la primera cuota del Fondo de Fortalecimiento de la Seguridad&#8221; &#8212; Central de Noticias | Olavarr\u00eda\" src=\"https:\/\/cdnoticias.com\/index.php\/2025\/04\/24\/la-provincia-transfirio-la-primera-cuota-del-fondo-de-fortalecimiento-de-la-seguridad\/embed\/#?secret=cb2H6Omozd#?secret=3bytFEjQGl\" data-secret=\"3bytFEjQGl\" width=\"600\" height=\"338\" frameborder=\"0\" marginwidth=\"0\" marginheight=\"0\" scrolling=\"no\"><\/iframe>\n<\/div><\/figure>\n\n\n\n<p><\/p>\n\n\n\n<p><\/p>\n","protected":false},"excerpt":{"rendered":"<p>Desde el Foro de Seguridad Rural Argentino se destac\u00f3 que \u201cla cifra no es para alarmarse\u201d tras contacto con los<\/p>\n","protected":false},"author":5,"featured_media":44123,"comment_status":"closed","ping_status":"closed","sticky":false,"template":"","format":"standard","meta":{"_jetpack_memberships_contains_paid_content":false,"footnotes":""},"categories":[14,1],"tags":[],"class_list":["post-170063","post","type-post","status-publish","format-standard","has-post-thumbnail","hentry","category-policiales","category-portada"],"jetpack_featured_media_url":"https:\/\/i0.wp.com\/cdnoticias.com\/wp-content\/uploads\/2022\/01\/patrulla-rural-800x445A.jpg?fit=800%2C445&ssl=1","jetpack_sharing_enabled":true,"_links":{"self":[{"href":"https:\/\/cdnoticias.com\/index.php\/wp-json\/wp\/v2\/posts\/170063","targetHints":{"allow":["GET"]}}],"collection":[{"href":"https:\/\/cdnoticias.com\/index.php\/wp-json\/wp\/v2\/posts"}],"about":[{"href":"https:\/\/cdnoticias.com\/index.php\/wp-json\/wp\/v2\/types\/post"}],"author":[{"embeddable":true,"href":"https:\/\/cdnoticias.com\/index.php\/wp-json\/wp\/v2\/users\/5"}],"replies":[{"embeddable":true,"href":"https:\/\/cdnoticias.com\/index.php\/wp-json\/wp\/v2\/comments?post=170063"}],"version-history":[{"count":0,"href":"https:\/\/cdnoticias.com\/index.php\/wp-json\/wp\/v2\/posts\/170063\/revisions"}],"wp:featuredmedia":[{"embeddable":true,"href":"https:\/\/cdnoticias.com\/index.php\/wp-json\/wp\/v2\/media\/44123"}],"wp:attachment":[{"href":"https:\/\/cdnoticias.com\/index.php\/wp-json\/wp\/v2\/media?parent=170063"}],"wp:term":[{"taxonomy":"category","embeddable":true,"href":"https:\/\/cdnoticias.com\/index.php\/wp-json\/wp\/v2\/categories?post=170063"},{"taxonomy":"post_tag","embeddable":true,"href":"https:\/\/cdnoticias.com\/index.php\/wp-json\/wp\/v2\/tags?post=170063"}],"curies":[{"name":"wp","href":"https:\/\/api.w.org\/{rel}","templated":true}]}}