{"id":170017,"date":"2025-04-27T17:21:05","date_gmt":"2025-04-27T20:21:05","guid":{"rendered":"https:\/\/cdnoticias.com\/?p=170017"},"modified":"2025-04-27T20:31:12","modified_gmt":"2025-04-27T23:31:12","slug":"el-municipio-licita-tierras-cultivables-en-la-zona-del-aerodromo","status":"publish","type":"post","link":"https:\/\/cdnoticias.com\/index.php\/2025\/04\/27\/el-municipio-licita-tierras-cultivables-en-la-zona-del-aerodromo\/","title":{"rendered":"El Municipio licita tierras cultivables en la zona del aer\u00f3dromo"},"content":{"rendered":"\n<p>Ser\u00e1 el mi\u00e9rcoles 30 de abril en el Palacio San Mart\u00edn.\u00a0La licitaci\u00f3n abarca las tierras cultivables ubicadas en el predio en el que se encuentra enclavado el Aer\u00f3dromo Municipal, por un per\u00edodo de dos a\u00f1os. <\/p>\n\n\n\n<hr class=\"wp-block-separator aligncenter has-alpha-channel-opacity\"\/>\n\n\n\n<p>En la ma\u00f1ana del pr\u00f3ximo <strong>mi\u00e9rcoles 30 de abril <\/strong>se llevar\u00e1 a cabo el <strong>acto de apertura de ofertas<\/strong> en el marco de la<strong> Licitaci\u00f3n P\u00fablica 7\/25, de arrendamiento de tierras cultivables en el aer\u00f3dromo municipal.<\/strong><\/p>\n\n\n\n<p><\/p>\n\n\n\n<blockquote class=\"wp-block-quote is-layout-flow wp-block-quote-is-layout-flow\">\n<p>La actividad se llevar\u00e1 a cabo a partir de las 10 horas, en el Palacio San Mart\u00edn, encabezado por funcionarios de la Direcci\u00f3n de Licitaciones y de la Secretar\u00eda de Desarrollo Econ\u00f3mico y Productivo.<\/p>\n<\/blockquote>\n\n\n\n<p><\/p>\n\n\n\n<p>El pliego y dem\u00e1s documentos que integran la licitaci\u00f3n <strong>podr\u00e1n retirarse de la oficina de dicha direcci\u00f3n hasta las 13 horas del pr\u00f3ximo 28 de abril.<\/strong> El plazo para la entrega de sobres ser\u00e1 hasta el inicio del acto de apertura.<\/p>\n\n\n\n<p><\/p>\n\n\n\n<p>La licitaci\u00f3n abarca las <strong>tierras cultivables<\/strong> ubicadas en el predio en el que <strong>se encuentra enclavado el Aer\u00f3dromo Municipal, <\/strong>por un <strong>per\u00edodo de dos a\u00f1os. <\/strong>Comprende fracciones de las chacras 805, 823, 822, 824, 825 y chacra 826.<\/p>\n\n\n\n<p><\/p>\n","protected":false},"excerpt":{"rendered":"<p>Ser\u00e1 el mi\u00e9rcoles 30 de abril en el Palacio San Mart\u00edn.\u00a0La licitaci\u00f3n abarca las tierras cultivables ubicadas en el predio<\/p>\n","protected":false},"author":6,"featured_media":116040,"comment_status":"closed","ping_status":"closed","sticky":false,"template":"","format":"standard","meta":{"_jetpack_memberships_contains_paid_content":false,"footnotes":""},"categories":[5,1],"tags":[],"class_list":["post-170017","post","type-post","status-publish","format-standard","has-post-thumbnail","hentry","category-informacion-general","category-portada"],"jetpack_featured_media_url":"https:\/\/i0.wp.com\/cdnoticias.com\/wp-content\/uploads\/2024\/05\/palacio-san-martin-municipio.jpg?fit=1072%2C596&ssl=1","jetpack_sharing_enabled":true,"_links":{"self":[{"href":"https:\/\/cdnoticias.com\/index.php\/wp-json\/wp\/v2\/posts\/170017","targetHints":{"allow":["GET"]}}],"collection":[{"href":"https:\/\/cdnoticias.com\/index.php\/wp-json\/wp\/v2\/posts"}],"about":[{"href":"https:\/\/cdnoticias.com\/index.php\/wp-json\/wp\/v2\/types\/post"}],"author":[{"embeddable":true,"href":"https:\/\/cdnoticias.com\/index.php\/wp-json\/wp\/v2\/users\/6"}],"replies":[{"embeddable":true,"href":"https:\/\/cdnoticias.com\/index.php\/wp-json\/wp\/v2\/comments?post=170017"}],"version-history":[{"count":0,"href":"https:\/\/cdnoticias.com\/index.php\/wp-json\/wp\/v2\/posts\/170017\/revisions"}],"wp:featuredmedia":[{"embeddable":true,"href":"https:\/\/cdnoticias.com\/index.php\/wp-json\/wp\/v2\/media\/116040"}],"wp:attachment":[{"href":"https:\/\/cdnoticias.com\/index.php\/wp-json\/wp\/v2\/media?parent=170017"}],"wp:term":[{"taxonomy":"category","embeddable":true,"href":"https:\/\/cdnoticias.com\/index.php\/wp-json\/wp\/v2\/categories?post=170017"},{"taxonomy":"post_tag","embeddable":true,"href":"https:\/\/cdnoticias.com\/index.php\/wp-json\/wp\/v2\/tags?post=170017"}],"curies":[{"name":"wp","href":"https:\/\/api.w.org\/{rel}","templated":true}]}}