{"id":170007,"date":"2025-04-27T14:50:11","date_gmt":"2025-04-27T17:50:11","guid":{"rendered":"https:\/\/cdnoticias.com\/?p=170007"},"modified":"2025-04-27T18:17:43","modified_gmt":"2025-04-27T21:17:43","slug":"olavarria-sera-sede-de-una-nueva-edicion-de-expo-unicen","status":"publish","type":"post","link":"https:\/\/cdnoticias.com\/index.php\/2025\/04\/27\/olavarria-sera-sede-de-una-nueva-edicion-de-expo-unicen\/","title":{"rendered":"Olavarr\u00eda ser\u00e1 sede de una nueva edici\u00f3n de Expo UNICEN"},"content":{"rendered":"\n<p>Ser\u00e1 el pr\u00f3ximo 30 de abril en el Complejo Universitario Olavarr\u00eda. Los estudiantes secundarios podr\u00e1n conocer la oferta completa de carreras.&nbsp;<\/p>\n\n\n\n<hr class=\"wp-block-separator aligncenter has-alpha-channel-opacity\"\/>\n\n\n\n<p>El <strong>mi\u00e9rcoles 30 de abril <\/strong>se llevar\u00e1 adelante en el<strong> Complejo Universitario Olavarr\u00eda<\/strong> la pr\u00f3xima edici\u00f3n <strong>Expo UNICEN en Olavarr\u00eda,<\/strong> la cual ya recorri\u00f3, a lo largo de las \u00faltimas semanas, las ciudades de<strong> Tandil y Quequ\u00e9n.<\/strong> Durante mayo se concretar\u00e1 en<strong> Azul.<\/strong><\/p>\n\n\n\n<p><\/p>\n\n\n\n<p>Expo UNICEN es una propuesta de la Universidad Nacional del Centro de la Provincia de Buenos Aires que desde hace varios a\u00f1os <strong>se desarrolla en cada una de las sedes y subsedes universitarias,<\/strong> as\u00ed como en otras ciudades de la Provincia de Buenos Aires.<\/p>\n\n\n\n<p><\/p>\n\n\n\n<blockquote class=\"wp-block-quote is-layout-flow wp-block-quote-is-layout-flow\">\n<p>El encuentro se realizar\u00e1 en avenida Del Valle 5737 a partir de las 8:30, cuando se realice la apertura por parte de las autoridades de UNICEN.\u00a0<\/p>\n<\/blockquote>\n\n\n\n<p><\/p>\n\n\n\n<p>La muestra tiene como objetivo principal <strong>difundir la oferta acad\u00e9mica y los servicios que la universidad ofrece a estudiantes de escuelas secundarias y a la comunidad en general. <\/strong>En la jornada, cientos de estudiantes de los \u00faltimos a\u00f1os del Nivel Secundario podr\u00e1n conocer cu\u00e1les son las carreras que se dictan en las unidades acad\u00e9micas de la UNICEN, a trav\u00e9s de <strong>stands, charlas informativas, talleres, muestras y propuestas did\u00e1cticas.<\/strong><\/p>\n\n\n\n<p><\/p>\n\n\n\n<figure class=\"wp-block-image aligncenter size-full\"><img data-recalc-dims=\"1\" loading=\"lazy\" decoding=\"async\" width=\"800\" height=\"445\" src=\"https:\/\/i0.wp.com\/cdnoticias.com\/wp-content\/uploads\/2023\/08\/expo-unicen-04.jpg?resize=800%2C445&#038;ssl=1\" alt=\"\" class=\"wp-image-92796\" srcset=\"https:\/\/i0.wp.com\/cdnoticias.com\/wp-content\/uploads\/2023\/08\/expo-unicen-04.jpg?w=800&amp;ssl=1 800w, https:\/\/i0.wp.com\/cdnoticias.com\/wp-content\/uploads\/2023\/08\/expo-unicen-04.jpg?resize=300%2C167&amp;ssl=1 300w, https:\/\/i0.wp.com\/cdnoticias.com\/wp-content\/uploads\/2023\/08\/expo-unicen-04.jpg?resize=768%2C427&amp;ssl=1 768w\" sizes=\"auto, (max-width: 800px) 100vw, 800px\" \/><\/figure>\n\n\n\n<p><\/p>\n\n\n\n<blockquote class=\"wp-block-quote is-layout-flow wp-block-quote-is-layout-flow\">\n<p>Participar\u00e1n las facultades de Ciencias de la Salud, Ciencias Sociales, Ingenier\u00eda, Agronom\u00eda, Derecho, Ciencias Veterinarias, Ciencias Humanas, Ciencias Exactas, Arte y Ciencias Econ\u00f3micas y Log\u00edstica Portuaria.<\/p>\n<\/blockquote>\n\n\n\n<p><\/p>\n\n\n\n<p>Adem\u00e1s, se ofrecer\u00e1 informaci\u00f3n sobre los servicios que brinda la Universidad a trav\u00e9s del \u00e1rea de <strong>Bienestar Estudiantil, como becas, acceso a residencias, comedor universitario, deportes, cultura<\/strong> y otras iniciativas destinadas a futuros\/as estudiantes universitarios.<\/p>\n\n\n\n<p><\/p>\n\n\n\n<p class=\"has-medium-font-size\"><strong>Cronograma de actividades<\/strong><\/p>\n\n\n\n<ul class=\"wp-block-list\">\n<li>8:30 horas. Inauguraci\u00f3n institucional a cargo de autoridades de la Universidad.<\/li>\n<\/ul>\n\n\n\n<ul class=\"wp-block-list\">\n<li>9:30 horas:<\/li>\n<\/ul>\n\n\n\n<p>-Derecho sin etiquetas: todo lo que no te imaginas de un\/a abogado\/a. <em>Facultad de Derecho<\/em> &#8211; Aula C6.<\/p>\n\n\n\n<p>-C\u00f3mo vivir del arte y no morir en el intento. <em>Facultad de Arte<\/em> &#8211; Aula C7.<\/p>\n\n\n\n<p>-Estudi\u00e1 en Azul: ven\u00ed a la <em>Facultad de Agronom\u00eda<\/em> &#8211; Aula C8.<\/p>\n\n\n\n<p>-Preparate para el futuro\u2026 estudi\u00e1 en Exactas!!! <em>Facultad de Ciencias Exactas<\/em> &#8211; Aula C9.<\/p>\n\n\n\n<ul class=\"wp-block-list\">\n<li>10:15 horas:<\/li>\n<\/ul>\n\n\n\n<p>-Medicina y enfermer\u00eda, espacios de formaci\u00f3n comprometidos con la salud p\u00fablica. <em>Facultad de Ciencias de la Salud <\/em>&#8211; Aula C6.<\/p>\n\n\n\n<p>-\u00bfQu\u00e9 hacen los veterinarios y licenciados en tecnolog\u00eda de los alimentos? Ven\u00ed que te lo contamos. <em>Facultad de Ciencias Veterinarias<\/em> &#8211; Aula C7.<\/p>\n\n\n\n<p>-Conoc\u00e9 Sociales, #EstudiaenSociales. <em>Facultad de Ciencias Sociales<\/em> &#8211; Aula C8.<\/p>\n\n\n\n<p>-La Ingenier\u00eda no es para vos\u2026 <em>Facultad de Ingenier\u00eda<\/em> &#8211; Aula C9.<\/p>\n\n\n\n<ul class=\"wp-block-list\">\n<li>11:00 horas:<\/li>\n<\/ul>\n\n\n\n<p>-Los aficionados hacen t\u00e1cticas, los profesionales hacen log\u00edstica. <em>Unidad de Ense\u00f1anza Quequ\u00e9n<\/em> &#8211; Aula C7.<\/p>\n\n\n\n<p>-Pensar, crear, transformar: el poder de las Ciencias Humanas. <em>Facultad de Ciencias Humanas <\/em>&#8211; Aula C8.<\/p>\n\n\n\n<p>-Una formaci\u00f3n, infinitas posibilidades &#8211; <em>Facultad de Ciencias Econ\u00f3micas<\/em> &#8211; Aula C9.<\/p>\n\n\n\n<ul class=\"wp-block-list\">\n<li>11:15 horas:<\/li>\n<\/ul>\n\n\n\n<p>-La vida universitaria en la UNICEN. <em>\u00c1rea de Bienestar Universitario<\/em> &#8211; C2.<\/p>\n\n\n\n<ul class=\"wp-block-list\">\n<li>13:15 horas.<\/li>\n<\/ul>\n\n\n\n<p>-Derecho sin etiquetas: todo lo que no te imaginas de un\/a abogado\/a. <em>Facultad de Derecho<\/em> &#8211; Aula C6.<\/p>\n\n\n\n<p>-C\u00f3mo vivir del arte y no morir en el intento. <em>Facultad de Arte<\/em> &#8211; Aula C7.<\/p>\n\n\n\n<p>-Estudi\u00e1 en Azul: ven\u00ed a la <em>Facultad de Agronom\u00eda<\/em> &#8211; Aula C8.<\/p>\n\n\n\n<p>-Preparate para el futuro\u2026 estudi\u00e1 en Exactas!!! <em>Facultad de Ciencias Exactas<\/em> &#8211; Aula C9.<\/p>\n\n\n\n<ul class=\"wp-block-list\">\n<li>13:45 horas.<\/li>\n<\/ul>\n\n\n\n<p>-Medicina y enfermer\u00eda, espacios de formaci\u00f3n comprometidos con la salud p\u00fablica. <em>Facultad de Ciencias de la Salud<\/em> &#8211; Aula C6.<\/p>\n\n\n\n<p>-\u00bfQu\u00e9 hacen los veterinarios y licenciados en tecnolog\u00eda de los alimentos? Ven\u00ed que te lo contamos. <em>Facultad de Ciencias Veterinarias<\/em> &#8211; Aula C7.<\/p>\n\n\n\n<p>-Conoc\u00e9 Sociales, #EstudiaenSociales. <em>Facultad de Ciencias Sociales<\/em> &#8211; Aula C8.<\/p>\n\n\n\n<p>-La Ingenier\u00eda no es para vos\u2026 <em>Facultad de Ingenier\u00eda<\/em> &#8211; Aula C9.<\/p>\n\n\n\n<ul class=\"wp-block-list\">\n<li>14:15 horas.<\/li>\n<\/ul>\n\n\n\n<p>-Los aficionados hacen t\u00e1cticas, los profesionales hacen log\u00edstica. <em>Unidad de Ense\u00f1anza Quequ\u00e9n<\/em> &#8211; Aula C7.<\/p>\n\n\n\n<p>-Pensar, crear, transformar: el poder de las Ciencias Humanas. <em>Facultad de Ciencias Humanas<\/em> &#8211; Aula C8-Una formaci\u00f3n, infinitas posibilidades. <em>Facultad de Ciencias Econ\u00f3micas<\/em> &#8211; Aula C9.<\/p>\n\n\n\n<p><\/p>\n","protected":false},"excerpt":{"rendered":"<p>Ser\u00e1 el pr\u00f3ximo 30 de abril en el Complejo Universitario Olavarr\u00eda. Los estudiantes secundarios podr\u00e1n conocer la oferta completa de<\/p>\n","protected":false},"author":6,"featured_media":92797,"comment_status":"closed","ping_status":"closed","sticky":false,"template":"","format":"standard","meta":{"_jetpack_memberships_contains_paid_content":false,"footnotes":""},"categories":[5,1],"tags":[],"class_list":["post-170007","post","type-post","status-publish","format-standard","has-post-thumbnail","hentry","category-informacion-general","category-portada"],"jetpack_featured_media_url":"https:\/\/i0.wp.com\/cdnoticias.com\/wp-content\/uploads\/2023\/08\/expo-unicen-05.jpg?fit=800%2C445&ssl=1","jetpack_sharing_enabled":true,"_links":{"self":[{"href":"https:\/\/cdnoticias.com\/index.php\/wp-json\/wp\/v2\/posts\/170007","targetHints":{"allow":["GET"]}}],"collection":[{"href":"https:\/\/cdnoticias.com\/index.php\/wp-json\/wp\/v2\/posts"}],"about":[{"href":"https:\/\/cdnoticias.com\/index.php\/wp-json\/wp\/v2\/types\/post"}],"author":[{"embeddable":true,"href":"https:\/\/cdnoticias.com\/index.php\/wp-json\/wp\/v2\/users\/6"}],"replies":[{"embeddable":true,"href":"https:\/\/cdnoticias.com\/index.php\/wp-json\/wp\/v2\/comments?post=170007"}],"version-history":[{"count":0,"href":"https:\/\/cdnoticias.com\/index.php\/wp-json\/wp\/v2\/posts\/170007\/revisions"}],"wp:featuredmedia":[{"embeddable":true,"href":"https:\/\/cdnoticias.com\/index.php\/wp-json\/wp\/v2\/media\/92797"}],"wp:attachment":[{"href":"https:\/\/cdnoticias.com\/index.php\/wp-json\/wp\/v2\/media?parent=170007"}],"wp:term":[{"taxonomy":"category","embeddable":true,"href":"https:\/\/cdnoticias.com\/index.php\/wp-json\/wp\/v2\/categories?post=170007"},{"taxonomy":"post_tag","embeddable":true,"href":"https:\/\/cdnoticias.com\/index.php\/wp-json\/wp\/v2\/tags?post=170007"}],"curies":[{"name":"wp","href":"https:\/\/api.w.org\/{rel}","templated":true}]}}