{"id":170003,"date":"2025-04-25T16:08:13","date_gmt":"2025-04-25T19:08:13","guid":{"rendered":"https:\/\/cdnoticias.com\/?p=170003"},"modified":"2025-04-25T21:42:59","modified_gmt":"2025-04-26T00:42:59","slug":"un-hombre-resulto-con-heridas-de-consideracion-tras-ser-baleado-en-villa-mailin","status":"publish","type":"post","link":"https:\/\/cdnoticias.com\/index.php\/2025\/04\/25\/un-hombre-resulto-con-heridas-de-consideracion-tras-ser-baleado-en-villa-mailin\/","title":{"rendered":"Un hombre result\u00f3 con heridas de consideraci\u00f3n tras ser baleado en Villa Mail\u00edn"},"content":{"rendered":"\n<p>Fue en la ma\u00f1ana de este viernes. Sufri\u00f3 importantes heridas en un brazo y una pierna. La persona que dispar\u00f3 se dio a la fuga.<\/p>\n\n\n\n<hr class=\"wp-block-separator aligncenter has-alpha-channel-opacity\"\/>\n\n\n\n<p>En la ma\u00f1ana de este viernes, <strong>un hombre result\u00f3 con heridas de consideraci\u00f3n tras recibir al menos dos disparos de un arma de fuego que utiliz\u00f3 su atacante, que se dio a la fuga.<\/strong><\/p>\n\n\n\n<p>El hecho se registr\u00f3 en Villa Mail\u00edn, m\u00e1s precisamente en <strong>Pueyrred\u00f3n al 5900,<\/strong> a metros de la zona del CEMO. Por causas que se intentan esclarecer,<strong> un hombre le dispar\u00f3 a otros en varias oportunidades y lo impact\u00f3 en un brazo y una de sus piernas.<\/strong><\/p>\n\n\n\n<p>R\u00e1pidamente, personal de Comando de Patrullas se hizo presente donde, antes de que una ambulancia traslade a la v\u00edctima,<strong> logr\u00f3 dialogar y contarle su versi\u00f3n de los hechos. El agresor, por su parte, se dio a la fuga y es buscado por el personal policial.<\/strong><\/p>\n\n\n\n<p>Tras llegar al Hospital Municipal, se inform\u00f3 que<strong> ingres\u00f3 con lesiones de consideraci\u00f3n y se quedar\u00eda internado en observaci\u00f3n.<\/strong><\/p>\n\n\n\n<p>Por el hecho, intervino la doctora Paula Serrano, titular de la UFI N\u00b04, que catalog\u00f3 la causa como<em><strong> \u201chomicidio en grado de tentativa\u201d.<\/strong><\/em><\/p>\n","protected":false},"excerpt":{"rendered":"<p>Fue en la ma\u00f1ana de este viernes. Sufri\u00f3 importantes heridas en un brazo y una pierna. La persona que dispar\u00f3<\/p>\n","protected":false},"author":2,"featured_media":165392,"comment_status":"closed","ping_status":"closed","sticky":false,"template":"","format":"standard","meta":{"_jetpack_memberships_contains_paid_content":false,"footnotes":""},"categories":[14,1],"tags":[],"class_list":["post-170003","post","type-post","status-publish","format-standard","has-post-thumbnail","hentry","category-policiales","category-portada"],"jetpack_featured_media_url":"https:\/\/i0.wp.com\/cdnoticias.com\/wp-content\/uploads\/2025\/02\/hospital-guardia-ambulancia-02.jpg?fit=1000%2C557&ssl=1","jetpack_sharing_enabled":true,"_links":{"self":[{"href":"https:\/\/cdnoticias.com\/index.php\/wp-json\/wp\/v2\/posts\/170003","targetHints":{"allow":["GET"]}}],"collection":[{"href":"https:\/\/cdnoticias.com\/index.php\/wp-json\/wp\/v2\/posts"}],"about":[{"href":"https:\/\/cdnoticias.com\/index.php\/wp-json\/wp\/v2\/types\/post"}],"author":[{"embeddable":true,"href":"https:\/\/cdnoticias.com\/index.php\/wp-json\/wp\/v2\/users\/2"}],"replies":[{"embeddable":true,"href":"https:\/\/cdnoticias.com\/index.php\/wp-json\/wp\/v2\/comments?post=170003"}],"version-history":[{"count":0,"href":"https:\/\/cdnoticias.com\/index.php\/wp-json\/wp\/v2\/posts\/170003\/revisions"}],"wp:featuredmedia":[{"embeddable":true,"href":"https:\/\/cdnoticias.com\/index.php\/wp-json\/wp\/v2\/media\/165392"}],"wp:attachment":[{"href":"https:\/\/cdnoticias.com\/index.php\/wp-json\/wp\/v2\/media?parent=170003"}],"wp:term":[{"taxonomy":"category","embeddable":true,"href":"https:\/\/cdnoticias.com\/index.php\/wp-json\/wp\/v2\/categories?post=170003"},{"taxonomy":"post_tag","embeddable":true,"href":"https:\/\/cdnoticias.com\/index.php\/wp-json\/wp\/v2\/tags?post=170003"}],"curies":[{"name":"wp","href":"https:\/\/api.w.org\/{rel}","templated":true}]}}