{"id":169991,"date":"2025-04-27T11:44:21","date_gmt":"2025-04-27T14:44:21","guid":{"rendered":"https:\/\/cdnoticias.com\/?p=169991"},"modified":"2025-04-27T17:21:37","modified_gmt":"2025-04-27T20:21:37","slug":"desde-el-municipio-destacan-una-baja-del-35-de-los-delitos-consumados-en-olavarria","status":"publish","type":"post","link":"https:\/\/cdnoticias.com\/index.php\/2025\/04\/27\/desde-el-municipio-destacan-una-baja-del-35-de-los-delitos-consumados-en-olavarria\/","title":{"rendered":"Desde el Municipio destacan una baja del 35% de los delitos consumados en Olavarr\u00eda"},"content":{"rendered":"\n<p>El subsecretario El\u00edas Quintas inform\u00f3 que en el primer trimestre del 2024 hubo 443 il\u00edcitos consumados y este a\u00f1o, 282. Habl\u00f3 de las c\u00e1maras de seguridad \u201cfantasmas\u201d del gobierno anterior, la optimizaci\u00f3n del Centro de Monitoreo y pidi\u00f3 a la oposici\u00f3n no hacer \u201cpantomimas medi\u00e1ticas\u201d.<\/p>\n\n\n\n<hr class=\"wp-block-separator has-alpha-channel-opacity\"\/>\n\n\n\n<p>En las \u00faltimas horas el intendente Maximiliano Wesner encabez\u00f3 una<a href=\"https:\/\/cdnoticias.com\/index.php\/2025\/04\/24\/inseguridad-wesner-encabezo-una-reunion-con-autoridades-policiales-y-judiciales\/\" data-type=\"link\" data-id=\"https:\/\/cdnoticias.com\/index.php\/2025\/04\/24\/inseguridad-wesner-encabezo-una-reunion-con-autoridades-policiales-y-judiciales\/\"> <strong>reuni\u00f3n con autoridades policiales y judiciales <\/strong><\/a><strong>para abordar el tema de la seguridad.<\/strong> Uno de los asistentes al encuentro fue<strong> el subsecretario de Protecci\u00f3n Ciudadana, El\u00edas Quintas<\/strong>, quien destac\u00f3 el trabajo diario no solo con estos referentes sino tambi\u00e9n con \u201cvecinos, instituciones, agrupaciones\u201d.<\/p>\n\n\n\n<p><\/p>\n\n\n\n<p>\u201cEl objetivo de todo eso es justamente <strong>ir llevando de cerca el term\u00f3metro social, pero tambi\u00e9n ir poniendo en conocimiento las diferentes herramientas con las que contamos en el municipio para abordar esta tem\u00e1tica.<\/strong> Contarles a los vecinos y a las vecinas c\u00f3mo venimos trabajando, c\u00f3mo venimos realizando el desempe\u00f1o, c\u00f3mo venimos coordinando con las fuerzas de seguridad\u201d, destac\u00f3 Quintas.<\/p>\n\n\n\n<p><\/p>\n\n\n\n<p>En ese sentido, en di\u00e1logo con el <strong>programa Levantate por Radio Sapiens<\/strong>, se\u00f1al\u00f3 que \u201ctrabajo mucho no solamente con el term\u00f3metro con el cual me encuentro en las reuniones y en las diferentes intervenciones que hacemos en el municipio, sino que tambi\u00e9n con la estad\u00edstica que vamos desarrollando diariamente, minuto a minuto, desde el Centro Municipal de Monitoreo\u201d.<\/p>\n\n\n\n<p><\/p>\n\n\n\n<p>El subsecretario especific\u00f3 que estas <strong>estad\u00edsticas<\/strong> se elaboran en base a las distintas situaciones, entre las que se encuentran la escucha de la frecuencia radial del 911, los ingresos a trav\u00e9s de la l\u00ednea de WhatsApp de Vecinos en Red, las l\u00edneas fijas del Centro de Monitoreo y la informaci\u00f3n que se comparte con la Estaci\u00f3n Departamental de Polic\u00eda y Seguridad de Olavarr\u00eda, comandada por el Comisario Inspector Leandro Scavuzzo.<\/p>\n\n\n\n<p><\/p>\n\n\n\n<figure class=\"wp-block-image size-large\"><img data-recalc-dims=\"1\" loading=\"lazy\" decoding=\"async\" width=\"800\" height=\"588\" src=\"https:\/\/i0.wp.com\/cdnoticias.com\/wp-content\/uploads\/2025\/04\/Handball-y-Reunion-seguridad-61-scaled-1.jpg?resize=800%2C588&#038;ssl=1\" alt=\"\" class=\"wp-image-169929\" srcset=\"https:\/\/i0.wp.com\/cdnoticias.com\/wp-content\/uploads\/2025\/04\/Handball-y-Reunion-seguridad-61-scaled-1.jpg?resize=1024%2C752&amp;ssl=1 1024w, https:\/\/i0.wp.com\/cdnoticias.com\/wp-content\/uploads\/2025\/04\/Handball-y-Reunion-seguridad-61-scaled-1.jpg?resize=300%2C220&amp;ssl=1 300w, https:\/\/i0.wp.com\/cdnoticias.com\/wp-content\/uploads\/2025\/04\/Handball-y-Reunion-seguridad-61-scaled-1.jpg?resize=768%2C564&amp;ssl=1 768w, https:\/\/i0.wp.com\/cdnoticias.com\/wp-content\/uploads\/2025\/04\/Handball-y-Reunion-seguridad-61-scaled-1.jpg?resize=1536%2C1129&amp;ssl=1 1536w, https:\/\/i0.wp.com\/cdnoticias.com\/wp-content\/uploads\/2025\/04\/Handball-y-Reunion-seguridad-61-scaled-1.jpg?resize=2048%2C1505&amp;ssl=1 2048w, https:\/\/i0.wp.com\/cdnoticias.com\/wp-content\/uploads\/2025\/04\/Handball-y-Reunion-seguridad-61-scaled-1.jpg?w=1600&amp;ssl=1 1600w, https:\/\/i0.wp.com\/cdnoticias.com\/wp-content\/uploads\/2025\/04\/Handball-y-Reunion-seguridad-61-scaled-1.jpg?w=2400&amp;ssl=1 2400w\" sizes=\"auto, (max-width: 800px) 100vw, 800px\" \/><\/figure>\n\n\n\n<p><\/p>\n\n\n\n<p><strong>El \u201cterm\u00f3metro social\u201d y las estad\u00edsticas<\/strong><\/p>\n\n\n\n<p><\/p>\n\n\n\n<p>El\u00edas Quintas se refiri\u00f3 al concepto de<strong> \u201cterm\u00f3metro social\u201d <\/strong>que va de la mano seg\u00fan \u00e9l de \u201cla agenda medi\u00e1tica\u201d. \u201cTodos sabemos que<strong> hay una agenda instalada, que no solamente es local, sino que es incluso a nivel provincial<\/strong>\u201d.<\/p>\n\n\n\n<p><\/p>\n\n\n\n<p>De esta forma, se\u00f1al\u00f3 que \u201ca veces <strong>eso tambi\u00e9n repercute en nuestros vecinos<\/strong> que se alarman por la informaci\u00f3n que obtienen de los medios de afuera y creen que esa realidad puede llegar a Olavarr\u00eda\u201d y aclar\u00f3: \u201c<strong>no estoy subestimando o desmereciendo la situaci\u00f3n,<\/strong> al contrario, porque es algo que me ocupa y me preocupa, pero tambi\u00e9n tenemos que tener en cuenta los contextos\u201d.<\/p>\n\n\n\n<p><\/p>\n\n\n\n<p>Ya de lleno en cuestiones estad\u00edsticas, afirm\u00f3 que \u201c<strong>en Olavarr\u00eda sigue predominando el delito al paso, que es el robo y el hurto.<\/strong> Por ah\u00ed podemos llegar a tener situaciones de<strong> escruche<\/strong> \u2013robo en vivienda en ausencia de sus propietarios- y dem\u00e1s\u201d.<\/p>\n\n\n\n<p><\/p>\n\n\n\n<p>Por otra parte, destac\u00f3 que \u201c<strong>ha aumentado la cantidad de interacciones de los vecinos y vecinas de la ciudad con las herramientas de alerta <\/strong>de las situaciones de il\u00edcitos en un 16% entre el primer trimestre del 2025 y el primer trimestre del 2024\u201d.<\/p>\n\n\n\n<p><\/p>\n\n\n\n<blockquote class=\"wp-block-quote is-layout-flow wp-block-quote-is-layout-flow\">\n<p>Sin embargo, Quintas indic\u00f3 que \u201clos delitos consumados entre el primer trimestre del 2025 y el primer trimestre del 2024 descendieron. Con decirte que en el primer trimestre del 2024 tuvimos 443 hechos il\u00edcitos consumados y en el primer trimestre del 2025 se registraron 282 hechos il\u00edcitos consumados. Esto lleva a una baja en el delito consumado de aproximadamente un 35%\u201d.<\/p>\n<\/blockquote>\n\n\n\n<p><\/p>\n\n\n\n<p>El funcionario municipal resalt\u00f3, a su vez, que las denominadas <strong>\u201czonas calientes\u201d van \u201cmutando\u201d<\/strong>: \u201cactualmente tenemos diferentes \u00f3rdenes de servicio que se trabajan mancomunadamente entre la Estaci\u00f3n Departamental de Polic\u00eda y UTOI, entonces, as\u00ed como nosotros vamos cambiando de zona, los delincuentes tambi\u00e9n van cambiando de zona\u201d.<\/p>\n\n\n\n<p><\/p>\n\n\n\n<p>\u201cLa sustracci\u00f3n de un tel\u00e9fono celular, por ejemplo, o robos menores, se dan principalmente en la zona c\u00e9ntrica o en los parques. Despu\u00e9s, el robo de bicicletas se da fuera de domicilios o comercios y los robos nocturnos, los escruches o ingresos a obras de construcci\u00f3n y dem\u00e1s, se est\u00e1n dando en sectores m\u00e1s afuera de la ciudad\u201d, detall\u00f3.<\/p>\n\n\n\n<p><\/p>\n\n\n\n<p>Quintas se\u00f1al\u00f3 que estuvo \u201catento\u201d al <strong>debate que se desarroll\u00f3 en el Concejo Deliberante<\/strong> respecto al tema de la seguridad y el <a href=\"https:\/\/cdnoticias.com\/index.php\/2025\/04\/24\/cuando-la-inseguridad-se-asienta-o-te-toca-tu-vida-no-es-la-misma\/\" data-type=\"link\" data-id=\"https:\/\/cdnoticias.com\/index.php\/2025\/04\/24\/cuando-la-inseguridad-se-asienta-o-te-toca-tu-vida-no-es-la-misma\/\">pedido de informes solicitado por la oposici\u00f3n<\/a> y pidi\u00f3 \u201cresponsabilidad\u201d en la forma \u201cen que brindamos o solicitamos la informaci\u00f3n. La subsecretar\u00eda est\u00e1 abierta a absolutamente todos los vecinos y vecinas del Partido y tienen acceso a informaci\u00f3n que lo pueden verificar, no necesariamente tienen que hacer pantomimas medi\u00e1ticas\u201d.<\/p>\n\n\n\n<p><\/p>\n\n\n\n<p>\u201c<strong>Todos los informes que llegan a la Subsecretar\u00eda de Protecci\u00f3n Ciudadana relacionados con la seguridad han sido respondidos en tiempo y forma. <\/strong>Y es parte del compromiso que nosotros como funcionarios tenemos porque nosotros no venimos a trabajar para nosotros ac\u00e1, venimos a trabajar para todos los vecinos y vecinas\u201d, cerr\u00f3.<\/p>\n\n\n\n<p><\/p>\n\n\n\n<figure class=\"wp-block-image size-full\"><img data-recalc-dims=\"1\" loading=\"lazy\" decoding=\"async\" width=\"800\" height=\"445\" src=\"https:\/\/i0.wp.com\/cdnoticias.com\/wp-content\/uploads\/2025\/04\/centro-monitoreo-camaras-03.png?resize=800%2C445&#038;ssl=1\" alt=\"\" class=\"wp-image-169168\" srcset=\"https:\/\/i0.wp.com\/cdnoticias.com\/wp-content\/uploads\/2025\/04\/centro-monitoreo-camaras-03.png?w=800&amp;ssl=1 800w, https:\/\/i0.wp.com\/cdnoticias.com\/wp-content\/uploads\/2025\/04\/centro-monitoreo-camaras-03.png?resize=300%2C167&amp;ssl=1 300w, https:\/\/i0.wp.com\/cdnoticias.com\/wp-content\/uploads\/2025\/04\/centro-monitoreo-camaras-03.png?resize=768%2C427&amp;ssl=1 768w\" sizes=\"auto, (max-width: 800px) 100vw, 800px\" \/><\/figure>\n\n\n\n<p><\/p>\n\n\n\n<p><strong>Recuperaci\u00f3n de c\u00e1maras de seguridad<\/strong><\/p>\n\n\n\n<p><\/p>\n\n\n\n<p>El subsecretario de Protecci\u00f3n Ciudadana anunci\u00f3 que<strong> \u201cllevamos recuperadas 7 c\u00e1maras del a\u00f1o pasado y 36 de este a\u00f1o. Son un total de 43 c\u00e1maras de seguridad en su mayor\u00eda inal\u00e1mbricas\u201d.<\/strong><\/p>\n\n\n\n<p><\/p>\n\n\n\n<p>Asimismo, denunci\u00f3 que \u201clo m\u00e1s grave\u201d fue que \u201cde un total de 120 c\u00e1maras, <strong>estaban sin reportar al Centro de Monitoreo, l<\/strong>o que m\u00e1s nos hab\u00eda llamado la atenci\u00f3n a nosotros es que durante el 2023 se hab\u00eda realizado una obra de colocaci\u00f3n de c\u00e1maras de seguridad en diferentes puntos de la ciudad, con un total de 30 c\u00e1maras que nunca se hab\u00edan terminado de instalar\u201d.<\/p>\n\n\n\n<p><\/p>\n\n\n\n<p>\u201c<strong>En muchos casos los gabinetes de esas c\u00e1maras de seguridad estaban vac\u00edos y ni siquiera ten\u00edan la bajada el\u00e9ctrica.<\/strong> Esto obviamente fue escandaloso\u201d, lanz\u00f3 Quintas e indic\u00f3 que \u201c<strong>hicimos a trav\u00e9s del \u00e1rea Legal y T\u00e9cnica del municipio los reclamos correspondientes a la empresa, el domicilio que figuraba como el domicilio legal, ac\u00e1 en Olavarr\u00eda, era un domicilio \u201cfantasma\u201d <\/strong>porque la verdad que nunca se pudo dar con el domicilio\u201d.<\/p>\n\n\n\n<p><\/p>\n\n\n\n<p>Ante esta situaci\u00f3n \u201cavanzamos con un<strong> relevamiento pormenorizado de esas 30 c\u00e1maras que denominamos \u201cc\u00e1maras fantasmas\u201d <\/strong>y continuamos con el resto de las c\u00e1maras inal\u00e1mbricas instalas por el 2017-2018, incluso en las localidades. Lo que suced\u00eda es que <strong>quienes brindaban el mantenimiento no eran locales,<\/strong> sino que ven\u00edan de afuera de la ciudad, en un primer momento de Capital Federal, en otro momento de Santa Fe\u201d.<\/p>\n\n\n\n<p><\/p>\n\n\n\n<blockquote class=\"wp-block-quote is-layout-flow wp-block-quote-is-layout-flow\">\n<p>\u201cYo no s\u00e9 si por distancia o por qu\u00e9 nunca ven\u00edan a realizar el mantenimiento. Las c\u00e1maras iban cada vez dejando de funcional y obviamente cuando nosotros llegamos nos encontramos con un Centro de Monitoreo con una infraestructura de videovigilancia completamente deteriorada\u201d, indic\u00f3.<\/p>\n<\/blockquote>\n\n\n\n<p><\/p>\n\n\n\n<p>\u201cHicimos todo el relevamiento pormenorizado, y este a\u00f1o empezamos a trabajar activamente en la <strong>recuperaci\u00f3n de esa infraestructura<\/strong> con la esperanza incluso de poder ampliarla\u201d asegur\u00f3 Quintas y resalt\u00f3 que <strong>\u201ctenemos monitoreo de la localidad de Sierra Chica, de sus 13 c\u00e1maras de la localidad de Sierra Chica\u201d <\/strong>y record\u00f3 que \u201clas c\u00e1maras que hab\u00eda y cuando funcionaron, solamente reportaron a un DVR que estaba instalado o en la subcomisar\u00eda de la localidad o en la delegaci\u00f3n municipal. Nosotros logramos establecer un punto de conexi\u00f3n que nos permite monitorear las c\u00e1maras de seguridad de las localidades desde nuestro Centro de Monitoreo\u201d.<\/p>\n\n\n\n<p><\/p>\n\n\n\n<p>\u201cRecuperamos tambi\u00e9n <strong>Sierras Bayas<\/strong> y puntos estrat\u00e9gicos como algunos relacionados a los accesos a la ciudad que son important\u00edsimos para tener controlado el flujo de ingreso y egreso\u201d, agreg\u00f3.<\/p>\n\n\n\n<p><\/p>\n\n\n\n<p>Consultado por un reclamo vecinal respecto a una<strong> c\u00e1mara retirada de barrio Pikelado<\/strong>, colocada en San Mart\u00edn y Vicente Bah\u00eda respondi\u00f3 que \u201cen ese punto hab\u00eda un domo que estaba atornillado a un palo y abajo un gabinete vac\u00edo. Hab\u00eda sido violentado. O sea que no solamente nunca anduvo, sino que lo agarraron a piedrazos.<strong> Lo retiramos para cambiarlo y lo vamos a poner a una altura mayor\u201d<\/strong>.<\/p>\n","protected":false},"excerpt":{"rendered":"<p>El subsecretario El\u00edas Quintas inform\u00f3 que en el primer trimestre del 2024 hubo 443 il\u00edcitos consumados y este a\u00f1o, 282.<\/p>\n","protected":false},"author":5,"featured_media":119294,"comment_status":"closed","ping_status":"closed","sticky":false,"template":"","format":"standard","meta":{"_jetpack_memberships_contains_paid_content":false,"footnotes":""},"categories":[5,1],"tags":[],"class_list":["post-169991","post","type-post","status-publish","format-standard","has-post-thumbnail","hentry","category-informacion-general","category-portada"],"jetpack_featured_media_url":"https:\/\/i0.wp.com\/cdnoticias.com\/wp-content\/uploads\/2024\/06\/inauguracion-sede-gad-04-elias-quintas.jpg?fit=1000%2C556&ssl=1","jetpack_sharing_enabled":true,"_links":{"self":[{"href":"https:\/\/cdnoticias.com\/index.php\/wp-json\/wp\/v2\/posts\/169991","targetHints":{"allow":["GET"]}}],"collection":[{"href":"https:\/\/cdnoticias.com\/index.php\/wp-json\/wp\/v2\/posts"}],"about":[{"href":"https:\/\/cdnoticias.com\/index.php\/wp-json\/wp\/v2\/types\/post"}],"author":[{"embeddable":true,"href":"https:\/\/cdnoticias.com\/index.php\/wp-json\/wp\/v2\/users\/5"}],"replies":[{"embeddable":true,"href":"https:\/\/cdnoticias.com\/index.php\/wp-json\/wp\/v2\/comments?post=169991"}],"version-history":[{"count":0,"href":"https:\/\/cdnoticias.com\/index.php\/wp-json\/wp\/v2\/posts\/169991\/revisions"}],"wp:featuredmedia":[{"embeddable":true,"href":"https:\/\/cdnoticias.com\/index.php\/wp-json\/wp\/v2\/media\/119294"}],"wp:attachment":[{"href":"https:\/\/cdnoticias.com\/index.php\/wp-json\/wp\/v2\/media?parent=169991"}],"wp:term":[{"taxonomy":"category","embeddable":true,"href":"https:\/\/cdnoticias.com\/index.php\/wp-json\/wp\/v2\/categories?post=169991"},{"taxonomy":"post_tag","embeddable":true,"href":"https:\/\/cdnoticias.com\/index.php\/wp-json\/wp\/v2\/tags?post=169991"}],"curies":[{"name":"wp","href":"https:\/\/api.w.org\/{rel}","templated":true}]}}