{"id":169906,"date":"2025-04-24T17:57:43","date_gmt":"2025-04-24T20:57:43","guid":{"rendered":"https:\/\/cdnoticias.com\/?p=169906"},"modified":"2025-04-24T18:37:03","modified_gmt":"2025-04-24T21:37:03","slug":"el-desafio-es-volver-a-encontrarnos-para-pensar-como-seguir-produciendo-en-este-contexto-adverso","status":"publish","type":"post","link":"https:\/\/cdnoticias.com\/index.php\/2025\/04\/24\/el-desafio-es-volver-a-encontrarnos-para-pensar-como-seguir-produciendo-en-este-contexto-adverso\/","title":{"rendered":"\u201cEl desaf\u00edo es volver a encontrarnos para pensar c\u00f3mo seguir produciendo en este contexto adverso\u201d\u00a0"},"content":{"rendered":"\n<p>Olavarr\u00eda ser\u00e1 sede de la Muestra y Encuentro Plurinacional de Cine Comunitario que se llevar\u00e1 a cabo desde este viernes 25 hasta el domingo 27. Contar\u00e1 con la participaci\u00f3n de Adri\u00e1n Caetano, guionista, director de cine y creador de \u201cPizza, birra, faso\u201d &#8220;Tumberos\u201d; \u201cEl Marginal\u201d entre otras.&nbsp;<\/p>\n\n\n\n<hr class=\"wp-block-separator aligncenter has-alpha-channel-opacity\"\/>\n\n\n\n<p>Desde este viernes <strong>se llevar\u00e1 a cabo en nuestra ciudad La 3\u00aa Muestra y Encuentro Plurinacional de Cine Comunitario de la Red Argentina de Cine Comunitario <\/strong>(RACC). Las entradas son libres y gratuitas para todo p\u00fablico.&nbsp;<\/p>\n\n\n\n<p><\/p>\n\n\n\n<blockquote class=\"wp-block-quote is-layout-flow wp-block-quote-is-layout-flow\">\n<p>En el encuentro, se desarrollar\u00e1n talleres, conversatorios y proyecciones en distintos espacios y organizaciones de la ciudad destinadas a la comunidad local. En ese marco, llegar\u00e1 a Olavarr\u00eda el director y guionista Adri\u00e1n Caetano para dictar un taller de cine comunitario.<\/p>\n<\/blockquote>\n\n\n\n<p><\/p>\n\n\n\n<p><em>Central de Noticias<\/em> dialog\u00f3 con <strong>Ver\u00f3nica Eseberri, miembro de la Red Argentina de Cine Comunitario RACC <\/strong>quien expres\u00f3 que <em>\u201cel est\u00edmulo fue haber quedado en una convocatoria del Instituto Cultural de la Provincia de Buenos Aires que nos permiti\u00f3 pensar en realizar este encuentro\u201d.&nbsp;<\/em><\/p>\n\n\n\n<p><\/p>\n\n\n\n<p>Asimismo, cont\u00f3 que luego se sumaron instituciones e incluso el Municipio para acompa\u00f1ar la iniciativa: <strong>\u201cEstamos con muchas ganas de volver a encontrarnos en el tercer encuentro\u201d.&nbsp;<\/strong><\/p>\n\n\n\n<p><\/p>\n\n\n\n<figure class=\"wp-block-image aligncenter size-full\"><img data-recalc-dims=\"1\" loading=\"lazy\" decoding=\"async\" width=\"800\" height=\"530\" src=\"https:\/\/i0.wp.com\/cdnoticias.com\/wp-content\/uploads\/2025\/04\/encuentro-de-cine-comunitario2.jpg?resize=800%2C530&#038;ssl=1\" alt=\"\" class=\"wp-image-169909\" srcset=\"https:\/\/i0.wp.com\/cdnoticias.com\/wp-content\/uploads\/2025\/04\/encuentro-de-cine-comunitario2.jpg?w=900&amp;ssl=1 900w, https:\/\/i0.wp.com\/cdnoticias.com\/wp-content\/uploads\/2025\/04\/encuentro-de-cine-comunitario2.jpg?resize=300%2C199&amp;ssl=1 300w, https:\/\/i0.wp.com\/cdnoticias.com\/wp-content\/uploads\/2025\/04\/encuentro-de-cine-comunitario2.jpg?resize=768%2C509&amp;ssl=1 768w\" sizes=\"auto, (max-width: 800px) 100vw, 800px\" \/><\/figure>\n\n\n\n<p><\/p>\n\n\n\n<p>Sobre la  la importancia de volver a encontrarse en este momento para realizar cine comunitario, Esberri remarc\u00f3 que &#8220;En principio el<strong> desaf\u00edo es volver a encontrarnos para pensar c\u00f3mo seguir produciendo en este contexto muy adverso<\/strong>. Hoy nos enteramos que el Instituto Nacional de Cine y Artes Audiovisuales (INCAA) <strong>es la primera vez que no habilita una producci\u00f3n nacional.<\/strong> Tambi\u00e9n vemos las noticias de los reclamos frente a Cerro Negro y dem\u00e1s despedidos&#8221;. <\/p>\n\n\n\n<p><\/p>\n\n\n\n<blockquote class=\"wp-block-quote is-layout-flow wp-block-quote-is-layout-flow\">\n<p>&#8220;Estamos en un contexto muy adverso en muchos aspectos y el cine como medio de comunicaci\u00f3n no es ajeno a eso. La importancia del encuentro es poder seguir visibilizando esos relatos que son necesarios para visualizar muchas realidades que a veces los medios hegem\u00f3nicos no las visibilizan y poder encontrarnos reflejados en esas pantallas que hablan tambi\u00e9n de una diversidad cultural en nuestro pa\u00eds&#8221;. <\/p>\n<\/blockquote>\n\n\n\n<p><\/p>\n\n\n\n<p>Asimismo agreg\u00f3: &#8220;Tambi\u00e9n seguir produciendo y realizando<strong> a\u00fan ante muchas veces faltas de acompa\u00f1amiento de subsidios<\/strong> o cosas que nos permitan producir como es el Instituto Nacional de Cine Argentino que siempre fue quien a partir de sus convocatorias nos permite producir. Ante eso <strong>hay que encontrar otras maneras de encontrarnos en contextos adversos<\/strong>&#8220;.<\/p>\n\n\n\n<p><\/p>\n\n\n\n<blockquote class=\"wp-block-quote is-layout-flow wp-block-quote-is-layout-flow\">\n<p>&#8220;Hoy quedan las siglas del INCAA, pero lo que es la funci\u00f3n del INCAA, que es acompa\u00f1ar convocatorias, l\u00edneas de fomento, entre otros objetivos est\u00e1 totalmente desmantelado. Es consonancia de lo que viene atravesando nuestro pa\u00eds, lamentablemente, en todos los sentidos&#8221; reflexion\u00f3 Eseberri. <\/p>\n<\/blockquote>\n\n\n\n<p><\/p>\n\n\n\n<p>Por \u00faltimo, Eseberri expres\u00f3 que &#8220;anivel local yo<strong> siento que son necesarios estos espacios de encuentro, <\/strong>muchas veces a trav\u00e9s de propuestas de talleres de cine comunitario.&nbsp; Desde ac\u00e1 encontramos otros <strong>modos de producir de manera m\u00e1s autogestiva<\/strong>, pero eso nos quita que justamente si uno tiene un contexto adverso, es dif\u00edcil pensar en trabajar independientemente, porque <strong>siempre necesitas el acompa\u00f1amiento del Estado para producir<\/strong>&#8220;. <\/p>\n\n\n\n<p><\/p>\n\n\n\n<blockquote class=\"wp-block-quote is-layout-flow wp-block-quote-is-layout-flow\">\n<p>&#8220;Mi deseo como olavarriense es que este encuentro deje semillas de este hacer comunitario, pensando que es posible seguir realizando a\u00fan, a veces ante la carencia de una ayuda importante del Estado, sino poder seguir produciendo y poder visibilizar de manera audiovisual las historias que nos atraviesan como ciudad, eso siempre creo que es el est\u00edmulo del cine comunicar&#8221; cerr\u00f3. <\/p>\n<\/blockquote>\n\n\n\n<p><\/p>\n\n\n\n<p class=\"has-medium-font-size\"><strong>Taller Cine Comunitario con la participaci\u00f3n especial de Adri\u00e1n Caetano<\/strong><\/p>\n\n\n\n<p>Ver\u00f3nica Eseberri cont\u00f3 que \u201c<em>desde la organizaci\u00f3n de la Red de Cine Comunitario propusimos hacer este taller abierto a la comunidad, y Adri\u00e1n Caetano viene a dar su conversatorio y quiso sumarse a esta propuesta de realizaci\u00f3n\u201d.<\/em><\/p>\n\n\n\n<p><\/p>\n\n\n\n<figure class=\"wp-block-image aligncenter size-full\"><img data-recalc-dims=\"1\" loading=\"lazy\" decoding=\"async\" width=\"450\" height=\"629\" src=\"https:\/\/i0.wp.com\/cdnoticias.com\/wp-content\/uploads\/2025\/04\/Muestra-y-Encuentro-Plurinacional-de-Cine-Comunitario-cronograma-caetano.jpg?resize=450%2C629&#038;ssl=1\" alt=\"\" class=\"wp-image-169356\" srcset=\"https:\/\/i0.wp.com\/cdnoticias.com\/wp-content\/uploads\/2025\/04\/Muestra-y-Encuentro-Plurinacional-de-Cine-Comunitario-cronograma-caetano.jpg?w=450&amp;ssl=1 450w, https:\/\/i0.wp.com\/cdnoticias.com\/wp-content\/uploads\/2025\/04\/Muestra-y-Encuentro-Plurinacional-de-Cine-Comunitario-cronograma-caetano.jpg?resize=215%2C300&amp;ssl=1 215w\" sizes=\"auto, (max-width: 450px) 100vw, 450px\" \/><\/figure>\n\n\n\n<p><\/p>\n\n\n\n<blockquote class=\"wp-block-quote is-layout-flow wp-block-quote-is-layout-flow\">\n<p>\u201cVamos a hacer un trabajo colaborativo. Las producciones de Adri\u00e1n Caetano est\u00e1n muy vinculadas tambi\u00e9n con una mirada muy cr\u00edtica y social; entonces no es ajeno a su modo de mirar\u201d.&nbsp;<\/p>\n<\/blockquote>\n\n\n\n<p><\/p>\n\n\n\n<p>Adri\u00e1n Caetano es <strong>guionista y director de cine y televisi\u00f3n uruguayo <\/strong>radicado desde joven en Argentina. Entre sus producciones se encuentran <strong>\u201cPizza, Birra, Faso\u201d ; \u201cUn Oso Rojo\u201d ; \u201cCr\u00f3nica de una Fuga\u201d ; \u201cTumberos\u201d y \u201cEl Marginal\u201d.&nbsp;<\/strong><\/p>\n\n\n\n<p><\/p>\n\n\n\n<p class=\"has-medium-font-size\"><strong>Cronograma completo&nbsp;<\/strong><\/p>\n\n\n\n<ul class=\"wp-block-list\">\n<li>Viernes 25 de Abril (Centro Cultural Universitario de la Unicen, San Mart\u00edn 1955). 20hs Proyecci\u00f3n Cine + Debate. Entrada libre y gratuita. ATP. <\/li>\n\n\n\n<li>S\u00e1bado 26 de Abril. 14hs. Taller Cine Comunitario con la participaci\u00f3n especial de Adri\u00e1n Caetano (Mutual Sikuris, Mendoza 1932 entre Balcarce y Las Heras). Entrada libre y gratuita. ATP. 20hs. Proyecci\u00f3n y Cierre del Encuentro (Centro Cultural San Jos\u00e9, Riobamba 2949) Entrada libre y gratuita. ATP.<\/li>\n\n\n\n<li>Domingo 27 de Abril (Sociedad de Fomento Villa Aurora, Los Gladiolos 2285). 16 horas. Proyecci\u00f3n Cine + Debate &#8211; Entrada libre y gratuita. ATP.<\/li>\n<\/ul>\n\n\n\n<p><\/p>\n\n\n\n<p>La propuesta es organizada por la RACC, con el acompa\u00f1amiento de la Secretar\u00eda de Extensi\u00f3n, el \u00c1rea de Cultura, la Facultad de Ciencias Sociales, el Centro Cultural Universitario de Olavarr\u00eda y el Punto de Extensi\u00f3n Territorial Olavarr\u00eda de la Universidad Nacional del Centro de la Provincia de Buenos Aires. Se suman tambi\u00e9n el Instituto Cultural de la Provincia de Buenos Aires, la Municipalidad de Olavarr\u00eda, el CEPEAC N.\u00ba 1 de Olavarr\u00eda, Red Puentes Olavarr\u00eda y la Mutual de Arte Los Sikuris.<\/p>\n","protected":false},"excerpt":{"rendered":"<p>Olavarr\u00eda ser\u00e1 sede de la Muestra y Encuentro Plurinacional de Cine Comunitario que se llevar\u00e1 a cabo desde este viernes<\/p>\n","protected":false},"author":6,"featured_media":169910,"comment_status":"closed","ping_status":"closed","sticky":false,"template":"","format":"standard","meta":{"_jetpack_memberships_contains_paid_content":false,"footnotes":""},"categories":[9,1],"tags":[],"class_list":["post-169906","post","type-post","status-publish","format-standard","has-post-thumbnail","hentry","category-cultura","category-portada"],"jetpack_featured_media_url":"https:\/\/i0.wp.com\/cdnoticias.com\/wp-content\/uploads\/2025\/04\/encuentro-de-cine-comunitario1.jpg?fit=900%2C472&ssl=1","jetpack_sharing_enabled":true,"_links":{"self":[{"href":"https:\/\/cdnoticias.com\/index.php\/wp-json\/wp\/v2\/posts\/169906","targetHints":{"allow":["GET"]}}],"collection":[{"href":"https:\/\/cdnoticias.com\/index.php\/wp-json\/wp\/v2\/posts"}],"about":[{"href":"https:\/\/cdnoticias.com\/index.php\/wp-json\/wp\/v2\/types\/post"}],"author":[{"embeddable":true,"href":"https:\/\/cdnoticias.com\/index.php\/wp-json\/wp\/v2\/users\/6"}],"replies":[{"embeddable":true,"href":"https:\/\/cdnoticias.com\/index.php\/wp-json\/wp\/v2\/comments?post=169906"}],"version-history":[{"count":0,"href":"https:\/\/cdnoticias.com\/index.php\/wp-json\/wp\/v2\/posts\/169906\/revisions"}],"wp:featuredmedia":[{"embeddable":true,"href":"https:\/\/cdnoticias.com\/index.php\/wp-json\/wp\/v2\/media\/169910"}],"wp:attachment":[{"href":"https:\/\/cdnoticias.com\/index.php\/wp-json\/wp\/v2\/media?parent=169906"}],"wp:term":[{"taxonomy":"category","embeddable":true,"href":"https:\/\/cdnoticias.com\/index.php\/wp-json\/wp\/v2\/categories?post=169906"},{"taxonomy":"post_tag","embeddable":true,"href":"https:\/\/cdnoticias.com\/index.php\/wp-json\/wp\/v2\/tags?post=169906"}],"curies":[{"name":"wp","href":"https:\/\/api.w.org\/{rel}","templated":true}]}}