{"id":169897,"date":"2025-04-24T16:10:12","date_gmt":"2025-04-24T19:10:12","guid":{"rendered":"https:\/\/cdnoticias.com\/?p=169897"},"modified":"2025-04-24T16:10:13","modified_gmt":"2025-04-24T19:10:13","slug":"la-provincia-transfirio-la-primera-cuota-del-fondo-de-fortalecimiento-de-la-seguridad","status":"publish","type":"post","link":"https:\/\/cdnoticias.com\/index.php\/2025\/04\/24\/la-provincia-transfirio-la-primera-cuota-del-fondo-de-fortalecimiento-de-la-seguridad\/","title":{"rendered":"La Provincia transfiri\u00f3 la primera cuota del Fondo de Fortalecimiento de la Seguridad"},"content":{"rendered":"<p>Son unos $28.600 millones que llegar\u00e1n a 58 distritos, entre ellos Olavarr\u00eda. \u201cPermitir\u00e1 adquirir veh\u00edculos policiales y equipamiento, y realizar obras de infraestructura\u201d se inform\u00f3 desde la Gobernaci\u00f3n.<!--more--><\/p>\n<hr \/>\n<p>El <strong>Gobierno de la provincia de Buenos Aires<\/strong> inform\u00f3 que <strong>transfiri\u00f3 $28.600 millones a los 58 municipios bonaerenses<\/strong> que adhirieron al <strong>Fondo de Fortalecimiento de la Seguridad<\/strong> creado por el decreto N\u00b0371\/2025.<\/p>\n<blockquote><p>\u201cEl monto corresponde a la primera cuota del Fondo, sobre un total de $71.500 millones, y permitir\u00e1 a los municipios adquirir veh\u00edculos policiales y equipamiento, y realizar obras de infraestructura como as\u00ed tambi\u00e9n otros gastos que puedan ser necesarios para la prevenci\u00f3n y el combate del delito\u201d detall\u00f3 la Gobernaci\u00f3n al dar a conocer la novedad.<\/p><\/blockquote>\n<p>Se indic\u00f3 que el Fondo de Fortalecimiento de la Seguridad est\u00e1 enmarcado en el <strong>Plan Integral de Seguridad Bonaerense<\/strong> que implica una inversi\u00f3n total de la Provincia de <strong>$170.000 millones para fortalecer la seguridad en los 135 distritos<\/strong>.<\/p>\n<p>Se aclar\u00f3 que los municipios no comprendidos por este Fondo son los adheridos al <em>R\u00e9gimen de Polic\u00edas Comunales, cuyo monto se triplic\u00f3 a partir de abril<\/em>.<\/p>\n<p><a href=\"https:\/\/cdnoticias.com\/index.php\/2025\/04\/16\/wesner-en-la-firma-del-fondo-de-fortalecimiento-de-la-seguridad\/\" target=\"_blank\" rel=\"noopener\">La semana pasada<\/a> <strong>el intendente Maximiliano Wesner firm\u00f3 la adhesi\u00f3n de Olavarr\u00eda<\/strong> al Fondo de Fortalecimiento de la Seguridad que implicar\u00e1 un total de <strong>602 millones de pesos<\/strong>. Anunci\u00f3 que se destinar\u00e1 a la <strong>compra de nuevos m\u00f3viles para destinar a las fuerzas de seguridad locales<\/strong>.<\/p>\n<blockquote class=\"wp-embedded-content\" data-secret=\"oGByMooLw8\"><p><a href=\"https:\/\/cdnoticias.com\/index.php\/2025\/04\/17\/fondo-de-seguridad-municipal-wesner-informo-que-sumara-patrulleros-y-motos\/\">Fondo de Seguridad Municipal: Wesner inform\u00f3 que sumar\u00e1 patrulleros y motos<\/a><\/p><\/blockquote>\n<p><iframe loading=\"lazy\" class=\"wp-embedded-content\" sandbox=\"allow-scripts\" security=\"restricted\" style=\"position: absolute; visibility: hidden;\" title=\"&#8220;Fondo de Seguridad Municipal: Wesner inform\u00f3 que sumar\u00e1 patrulleros y motos&#8221; &#8212; Central de Noticias | Olavarr\u00eda\" src=\"https:\/\/cdnoticias.com\/index.php\/2025\/04\/17\/fondo-de-seguridad-municipal-wesner-informo-que-sumara-patrulleros-y-motos\/embed\/#?secret=5b4486KuH6#?secret=oGByMooLw8\" data-secret=\"oGByMooLw8\" width=\"600\" height=\"338\" frameborder=\"0\" marginwidth=\"0\" marginheight=\"0\" scrolling=\"no\"><\/iframe><\/p>\n","protected":false},"excerpt":{"rendered":"<p>Son unos $28.600 millones que llegar\u00e1n a 58 distritos, entre ellos Olavarr\u00eda. \u201cPermitir\u00e1 adquirir veh\u00edculos policiales y equipamiento, y realizar<\/p>\n","protected":false},"author":4,"featured_media":169381,"comment_status":"closed","ping_status":"closed","sticky":false,"template":"","format":"standard","meta":{"_jetpack_memberships_contains_paid_content":false,"footnotes":""},"categories":[5,1],"tags":[],"class_list":["post-169897","post","type-post","status-publish","format-standard","has-post-thumbnail","hentry","category-informacion-general","category-portada"],"jetpack_featured_media_url":"https:\/\/i0.wp.com\/cdnoticias.com\/wp-content\/uploads\/2025\/04\/fondo-de-seguridad-municipal-1.jpg?fit=1000%2C557&ssl=1","jetpack_sharing_enabled":true,"_links":{"self":[{"href":"https:\/\/cdnoticias.com\/index.php\/wp-json\/wp\/v2\/posts\/169897","targetHints":{"allow":["GET"]}}],"collection":[{"href":"https:\/\/cdnoticias.com\/index.php\/wp-json\/wp\/v2\/posts"}],"about":[{"href":"https:\/\/cdnoticias.com\/index.php\/wp-json\/wp\/v2\/types\/post"}],"author":[{"embeddable":true,"href":"https:\/\/cdnoticias.com\/index.php\/wp-json\/wp\/v2\/users\/4"}],"replies":[{"embeddable":true,"href":"https:\/\/cdnoticias.com\/index.php\/wp-json\/wp\/v2\/comments?post=169897"}],"version-history":[{"count":0,"href":"https:\/\/cdnoticias.com\/index.php\/wp-json\/wp\/v2\/posts\/169897\/revisions"}],"wp:featuredmedia":[{"embeddable":true,"href":"https:\/\/cdnoticias.com\/index.php\/wp-json\/wp\/v2\/media\/169381"}],"wp:attachment":[{"href":"https:\/\/cdnoticias.com\/index.php\/wp-json\/wp\/v2\/media?parent=169897"}],"wp:term":[{"taxonomy":"category","embeddable":true,"href":"https:\/\/cdnoticias.com\/index.php\/wp-json\/wp\/v2\/categories?post=169897"},{"taxonomy":"post_tag","embeddable":true,"href":"https:\/\/cdnoticias.com\/index.php\/wp-json\/wp\/v2\/tags?post=169897"}],"curies":[{"name":"wp","href":"https:\/\/api.w.org\/{rel}","templated":true}]}}