{"id":169887,"date":"2025-04-24T20:01:55","date_gmt":"2025-04-24T23:01:55","guid":{"rendered":"https:\/\/cdnoticias.com\/?p=169887"},"modified":"2025-04-24T20:01:55","modified_gmt":"2025-04-24T23:01:55","slug":"el-gobierno-bonaerense-dio-luz-verde-a-la-caza-plaguicida-del-jabali-europeo","status":"publish","type":"post","link":"https:\/\/cdnoticias.com\/index.php\/2025\/04\/24\/el-gobierno-bonaerense-dio-luz-verde-a-la-caza-plaguicida-del-jabali-europeo\/","title":{"rendered":"El Gobierno bonaerense dio luz verde a la \u201ccaza plaguicida\u201d del jabal\u00ed europeo"},"content":{"rendered":"<p>Este animal es \u201cuna de las amenazas m\u00e1s persistentes para la biodiversidad y la producci\u00f3n agropecuaria\u201d. Se autoriz\u00f3 su caza en el territorio provincial bajo estrictas medidas de control.<!--more--><\/p>\n<hr \/>\n<p>El <strong>Ministerio de Desarrollo Agrario de la provincia de Buenos Aires<\/strong> dio un paso clave en la <strong>regulaci\u00f3n y el combate<\/strong> de \u201cuna de las amenazas m\u00e1s persistentes para la biodiversidad y la producci\u00f3n agropecuaria local\u201d: el <strong>jabal\u00ed europeo<\/strong>. Mediante la Disposici\u00f3n N\u00ba 313, publicada en las \u00faltimas semanas en el Bolet\u00edn Oficial, <strong>se autoriza la denominada \u201ccaza plaguicida\u201d de esta especie invasora en todo el territorio bonaerense<\/strong>, con la excepci\u00f3n de \u00e1reas protegidas y zonas urbanas espec\u00edficas.<\/p>\n<p>Esta medida, seg\u00fan se explica en la disposici\u00f3n, se inscribe en un marco normativo consolidado que incluye las leyes provinciales N\u00ba 10.081 (C\u00f3digo Rural) y N\u00ba 15.477, y en decretos como el N\u00ba 1878\/73, que faculta al<em> Ejecutivo provincial a fijar zonas y per\u00edodos de caza con fines de control poblacional<\/em>. En este contexto, <strong>el jabal\u00ed europeo fue clasificado como especie plaga y de caza comercial, dado su impacto ecol\u00f3gico y econ\u00f3mico<\/strong>.<\/p>\n<blockquote><p>Adem\u00e1s, desde hace unos d\u00edas el Comando de Prevenci\u00f3n Rural de la Polic\u00eda Bonaerense alert\u00f3 sobre la presencia de jabal\u00edes en rutas durante la cosecha de ma\u00edz tard\u00edo, lo que incrementa el riesgo de accidentes.<\/p><\/blockquote>\n<p>Por ello,<strong> se recomienda reducir la velocidad al circular cerca de campos sembrados<\/strong>, extremar las precauciones al conducir de noche y al amanecer, y si se ven animales en la ruta, evitar frenar bruscamente o realizar maniobras peligrosas.<\/p>\n<h3>Amenaza m\u00faltiple<\/h3>\n<p>El jabal\u00ed europeo es considerado una <strong>Especie Ex\u00f3tica Invasora (EEI)<\/strong>, incluida en la Estrategia Nacional sobre Especies Ex\u00f3ticas Invasoras de la Rep\u00fablica Argentina. Su presencia en los ecosistemas bonaerenses genera serios perjuicios: <strong>altera suelos, depreda fauna nativa, destruye cultivos y propaga enfermedades<\/strong>, incluidas las zoon\u00f3ticas. Se estima que <strong>su crecimiento descontrolado representa un riesgo concreto para la producci\u00f3n agropecuaria, la salud p\u00fablica y la biodiversidad<\/strong>.<\/p>\n<p>La normativa actual se fundamenta <strong>en experiencias previas en distritos como Tordillo, Azul, Tapalqu\u00e9, Carmen de Patagones y Mar Chiquita<\/strong>, donde medidas similares permitieron una reducci\u00f3n significativa de las poblaciones de jabal\u00ed. Basados en estos resultados, las autoridades decidieron <strong>ampliar la estrategia de control a escala provincial.<\/strong><\/p>\n<p><em>El jabal\u00ed se ha vuelto incontrolable en provincias como La Pampa, San Luis, C\u00f3rdoba, Santa Fe, Buenos Aires y Entre R\u00edos<\/em>. Su impacto no es menor: seg\u00fan un informe de 2022 del ex Ministerio de Ambiente y Desarrollo Sostenible y la FAO,<strong> esta especie causa p\u00e9rdidas econ\u00f3micas anuales de 1.380 millones de d\u00f3lares en Argentina.<\/strong><\/p>\n<p>Originario del norte de \u00c1frica, el jabal\u00ed se expandi\u00f3 por Europa y Asia, y fue introducido en el pa\u00eds en 1905 por Pedro Luro para actividades de caza en La Pampa. Con el tiempo, la fuga de ejemplares permiti\u00f3 su cruce con cerdos dom\u00e9sticos, dando lugar a una especie cimarrona de gran porte y dif\u00edcil control.<\/p>\n<h3>Reglas estrictas<\/h3>\n<p>La disposici\u00f3n oficial autoriza <strong>\u201cla caza plaguicida\u201d del jabal\u00ed<\/strong> en todo el \u00e1mbito de la provincia, pero <strong>con restricciones<\/strong>.<\/p>\n<p>As\u00ed, <strong>se excluyen expresamente las \u00e1reas protegidas<\/strong> contempladas en la ley provincial 10.907, de declaraci\u00f3n de reservas naturales.<\/p>\n<p>Tambi\u00e9n queda <strong>prohibida en zonas urbanas y suburbanas<\/strong>, as\u00ed como en inmediaciones de caminos p\u00fablicos y lugares concurridos, salvo que se cumplan distancias m\u00ednimas de seguridad (300 metros con armas de perdigones y 1.500 metros con armas de bala).<\/p>\n<p>Adem\u00e1s, se establece un <strong>Manual Operativo que regula los procedimientos de caza y transporte de ejemplares<\/strong>. Solo podr\u00e1n intervenir propietarios de campos o terceros autorizados por ellos, quienes deber\u00e1n contar con una<strong> licencia de caza habilitante y un permiso espec\u00edfico para transporte<\/strong>.<\/p>\n<p><strong>Los jabal\u00edes abatidos podr\u00e1n ser comercializados<\/strong>, siempre que se cumpla con las normativas sanitarias correspondientes a nivel municipal, provincial y nacional.<\/p>\n<p>La normativa contempla la <strong>creaci\u00f3n del Comit\u00e9 de Gesti\u00f3n de la Caza Plaguicida para el Control del Jabal\u00ed Europeo<\/strong>. Este \u00f3rgano estar\u00e1 integrado por autoridades provinciales, municipales y representantes del sector productivo, y tendr\u00e1 como misi\u00f3n definir criterios de acci\u00f3n, monitorear los resultados y generar informes t\u00e9cnicos.<\/p>\n<p>La medida reconoce que el control de una especie invasora no puede limitarse a acciones aisladas, sino que requiere una<strong> estrategia sostenida y articulada<\/strong> en el tiempo. As\u00ed lo se\u00f1ala la disposici\u00f3n al destacar la necesidad de criterios de \u201cmasividad y coordinaci\u00f3n regional\u201d.<\/p>\n<h3>Obligaciones<\/h3>\n<p>El marco regulatorio impone <strong>obligaciones precisas para los cazadores<\/strong>. Toda persona que participe en la actividad deber\u00e1:<\/p>\n<ul>\n<li>Agotar los medios disponibles para rematar piezas heridas.<\/li>\n<li>Recoger todos los animales abatidos.<\/li>\n<li>Evitar dejar restos en el campo cuando las condiciones lo permitan.<\/li>\n<li>Solicitar autorizaci\u00f3n para retirar piezas que escapen a predios vecinos.<\/li>\n<li>Asimismo, se proh\u00edbe toda maniobra que implique destruir o disminuir la protecci\u00f3n natural del h\u00e1bitat, as\u00ed como desalojar a los animales de su refugio mediante incendio, explosi\u00f3n, inundaci\u00f3n u otras acciones similares.<\/li>\n<\/ul>\n<p>El esp\u00edritu de la disposici\u00f3n es preventivo y normativo. La idea de establecer un permiso formal para el transporte de ejemplares cazados apunta a formalizar una actividad que, hasta ahora, en muchos casos se desarrollaba en los m\u00e1rgenes de la legalidad.<\/p>\n<p>El documento oficial prev\u00e9 tambi\u00e9n la <strong>posibilidad de que los municipios soliciten la exclusi\u00f3n de zonas espec\u00edficas de la autorizaci\u00f3n general<\/strong>, siempre que lo fundamenten mediante nota formal y acto administrativo.<\/p>\n<h3>La mirada del proteccionismo<\/h3>\n<p>Por el lado de los <strong>proteccionistas<\/strong>, lejos de poner el grito en el cielo como sucedi\u00f3 en 2017 con una medida similar decidida por la administraci\u00f3n de Mar\u00eda Eugenia Vidal, <strong>ven la disposici\u00f3n actual con cautela<\/strong>. As\u00ed, desde la<strong> Asociaci\u00f3n Argentina de Ecolog\u00eda se afirma que \u201ces urgente avanzar con una estrategia nacional de control<\/strong> que incluya el monitoreo cient\u00edfico riguroso, coordinaci\u00f3n interjurisdiccional, educaci\u00f3n ambiental para productores y cazadores y alternativas \u00e9ticas como el control poblacional no letal\u201d.<\/p>\n<p>Hace ocho a\u00f1os, la Direcci\u00f3n de Flora y Fauna provincial reconoci\u00f3 al jabal\u00ed como una plaga y autoriz\u00f3 la caza con perros como m\u00e9todo de control poblacional en el partido de Patagones. En ese momento, las asociaciones proteccionistas \u201cSin Zoo\u201d y \u201cProyecto Galgo Argentina\u201d se\u00f1alaron que \u201cla caza pertenece a una tradici\u00f3n que como base tienen la explotaci\u00f3n y el sufrimiento animal\u201d.<\/p>\n<p>Adem\u00e1s, a trav\u00e9s de un comunicado, el proteccionista Andrei Chtcherbine repudi\u00f3 \u201cla caza del jabal\u00ed, el uso de perros, y toda actividad humana que implique sufrimiento y muerte para otras especies animales\u201d. Y agreg\u00f3: \u201cInstamos a Fauna Provincia a modernizarse, atrasan 100 a\u00f1os, y que empiecen a pensar que si quieren erradicar una plaga lo mejor ser\u00e1 usar cebos anticonceptivos\u201d.<\/p>\n<p>Fuente:<em> Agencia DIB<\/em><\/p>\n","protected":false},"excerpt":{"rendered":"<p>Este animal es \u201cuna de las amenazas m\u00e1s persistentes para la biodiversidad y la producci\u00f3n agropecuaria\u201d. Se autoriz\u00f3 su caza<\/p>\n","protected":false},"author":4,"featured_media":169888,"comment_status":"closed","ping_status":"closed","sticky":false,"template":"","format":"standard","meta":{"_jetpack_memberships_contains_paid_content":false,"footnotes":""},"categories":[6,1],"tags":[],"class_list":["post-169887","post","type-post","status-publish","format-standard","has-post-thumbnail","hentry","category-nacionales","category-portada"],"jetpack_featured_media_url":"https:\/\/i0.wp.com\/cdnoticias.com\/wp-content\/uploads\/2025\/04\/jabali.jpg?fit=653%2C420&ssl=1","jetpack_sharing_enabled":true,"_links":{"self":[{"href":"https:\/\/cdnoticias.com\/index.php\/wp-json\/wp\/v2\/posts\/169887","targetHints":{"allow":["GET"]}}],"collection":[{"href":"https:\/\/cdnoticias.com\/index.php\/wp-json\/wp\/v2\/posts"}],"about":[{"href":"https:\/\/cdnoticias.com\/index.php\/wp-json\/wp\/v2\/types\/post"}],"author":[{"embeddable":true,"href":"https:\/\/cdnoticias.com\/index.php\/wp-json\/wp\/v2\/users\/4"}],"replies":[{"embeddable":true,"href":"https:\/\/cdnoticias.com\/index.php\/wp-json\/wp\/v2\/comments?post=169887"}],"version-history":[{"count":0,"href":"https:\/\/cdnoticias.com\/index.php\/wp-json\/wp\/v2\/posts\/169887\/revisions"}],"wp:featuredmedia":[{"embeddable":true,"href":"https:\/\/cdnoticias.com\/index.php\/wp-json\/wp\/v2\/media\/169888"}],"wp:attachment":[{"href":"https:\/\/cdnoticias.com\/index.php\/wp-json\/wp\/v2\/media?parent=169887"}],"wp:term":[{"taxonomy":"category","embeddable":true,"href":"https:\/\/cdnoticias.com\/index.php\/wp-json\/wp\/v2\/categories?post=169887"},{"taxonomy":"post_tag","embeddable":true,"href":"https:\/\/cdnoticias.com\/index.php\/wp-json\/wp\/v2\/tags?post=169887"}],"curies":[{"name":"wp","href":"https:\/\/api.w.org\/{rel}","templated":true}]}}