{"id":169867,"date":"2025-04-24T09:52:45","date_gmt":"2025-04-24T12:52:45","guid":{"rendered":"https:\/\/cdnoticias.com\/?p=169867"},"modified":"2025-04-24T11:13:01","modified_gmt":"2025-04-24T14:13:01","slug":"la-provincia-convoco-a-docentes-y-estatales-a-una-nueva-paritaria-esperan-oferta-salarial","status":"publish","type":"post","link":"https:\/\/cdnoticias.com\/index.php\/2025\/04\/24\/la-provincia-convoco-a-docentes-y-estatales-a-una-nueva-paritaria-esperan-oferta-salarial\/","title":{"rendered":"La Provincia convoc\u00f3 a docentes y estatales a una nueva paritaria: esperan oferta salarial"},"content":{"rendered":"\n<p>Ser\u00e1 el pr\u00f3ximo martes en La Plata, tras el encuentro del pasado 14 de abril que tuvo un acercamiento pero no una oferta salarial. <\/p>\n\n\n\n<hr class=\"wp-block-separator aligncenter has-alpha-channel-opacity\"\/>\n\n\n\n<p>El Gobierno de la provincia de Buenos Aires oficializ\u00f3 este martes la <strong>convocatoria a una nueva ronda de negociaciones paritarias<\/strong> con los gremios docentes y estatales, en medio de un contexto de alta inflaci\u00f3n y crecientes tensiones salariales. Las reuniones se realizar\u00e1n el pr\u00f3ximo <strong>martes 29 de abril<\/strong> en la sede del Ministerio de Trabajo provincial, en la ciudad de La Plata.<\/p>\n\n\n\n<p>Seg\u00fan se inform\u00f3, el <strong>encuentro con los gremios docentes<\/strong> nucleados en el Frente de Unidad Docente Bonaerense (FUDB) \u2014que integran organizaciones como SUTEBA, FEB, AMET, UDA y SADOP\u2014 est\u00e1 previsto para las <strong>10 de la ma\u00f1ana<\/strong>, mientras que a las <strong>12 del mediod\u00eda<\/strong> ser\u00e1 el turno de los <strong>estatales comprendidos en la Ley 10.430<\/strong>, representados por gremios como ATE y UPCN.<\/p>\n\n\n\n<p>Esta nueva convocatoria llega luego de la reuni\u00f3n paritaria celebrada el pasado <strong>lunes 14 de abril<\/strong>, en la que <strong>no se present\u00f3 una oferta concreta<\/strong>. En ese encuentro, se repasaron las implicancias de las medidas econ\u00f3micas del Gobierno nacional \u2014especialmente la aceleraci\u00f3n inflacionaria y los posibles efectos de una futura salida del cepo cambiario\u2014, pero no se avanz\u00f3 en n\u00fameros espec\u00edficos para un nuevo acuerdo salarial.<\/p>\n\n\n\n<p>Tanto desde el \u00e1mbito docente como desde el sector estatal, ven\u00edan <strong>reclamando con fuerza una nueva convocatoria<\/strong> y advert\u00edan sobre el deterioro del poder adquisitivo de los trabajadores frente a la escalada de precios registrada en los primeros meses del a\u00f1o.<\/p>\n\n\n\n<p>No obstante, a\u00fan si en esta nueva instancia la Provincia presentara una propuesta concreta de incremento salarial, <strong>su aplicaci\u00f3n efectiva reci\u00e9n podr\u00eda reflejarse en los sueldos de junio<\/strong>, debido a los plazos t\u00e9cnicos y administrativos que demanda el proceso de liquidaci\u00f3n de haberes. Cabe recordar que el esquema salarial provincial requiere iniciar el cierre de n\u00f3minas varios d\u00edas antes del pago, lo que complica cualquier ajuste de \u00faltimo momento.<\/p>\n\n\n\n<p>Este nuevo cap\u00edtulo de la negociaci\u00f3n se da en continuidad con el acuerdo cerrado en febrero, que incluy\u00f3 una <strong>suba del 7% al salario b\u00e1sico cobrada en marzo<\/strong> y un <strong>ajuste adicional del 2% percibido en abril<\/strong>. Sin embargo, ambos tramos quedaron r\u00e1pidamente desfasados frente al alza del costo de vida, motivo por el cual los gremios volvieron a presionar por una actualizaci\u00f3n que contemple la aceleraci\u00f3n inflacionaria de marzo y abril.<\/p>\n","protected":false},"excerpt":{"rendered":"<p>Ser\u00e1 el pr\u00f3ximo martes en La Plata, tras el encuentro del pasado 14 de abril que tuvo un acercamiento pero<\/p>\n","protected":false},"author":2,"featured_media":151120,"comment_status":"closed","ping_status":"closed","sticky":false,"template":"","format":"standard","meta":{"_jetpack_memberships_contains_paid_content":false,"footnotes":""},"categories":[6,1],"tags":[],"class_list":["post-169867","post","type-post","status-publish","format-standard","has-post-thumbnail","hentry","category-nacionales","category-portada"],"jetpack_featured_media_url":"https:\/\/i0.wp.com\/cdnoticias.com\/wp-content\/uploads\/2025\/02\/paritarias-kicillof-e1746997150233.jpg?fit=696%2C370&ssl=1","jetpack_sharing_enabled":true,"_links":{"self":[{"href":"https:\/\/cdnoticias.com\/index.php\/wp-json\/wp\/v2\/posts\/169867","targetHints":{"allow":["GET"]}}],"collection":[{"href":"https:\/\/cdnoticias.com\/index.php\/wp-json\/wp\/v2\/posts"}],"about":[{"href":"https:\/\/cdnoticias.com\/index.php\/wp-json\/wp\/v2\/types\/post"}],"author":[{"embeddable":true,"href":"https:\/\/cdnoticias.com\/index.php\/wp-json\/wp\/v2\/users\/2"}],"replies":[{"embeddable":true,"href":"https:\/\/cdnoticias.com\/index.php\/wp-json\/wp\/v2\/comments?post=169867"}],"version-history":[{"count":0,"href":"https:\/\/cdnoticias.com\/index.php\/wp-json\/wp\/v2\/posts\/169867\/revisions"}],"wp:featuredmedia":[{"embeddable":true,"href":"https:\/\/cdnoticias.com\/index.php\/wp-json\/wp\/v2\/media\/151120"}],"wp:attachment":[{"href":"https:\/\/cdnoticias.com\/index.php\/wp-json\/wp\/v2\/media?parent=169867"}],"wp:term":[{"taxonomy":"category","embeddable":true,"href":"https:\/\/cdnoticias.com\/index.php\/wp-json\/wp\/v2\/categories?post=169867"},{"taxonomy":"post_tag","embeddable":true,"href":"https:\/\/cdnoticias.com\/index.php\/wp-json\/wp\/v2\/tags?post=169867"}],"curies":[{"name":"wp","href":"https:\/\/api.w.org\/{rel}","templated":true}]}}