{"id":169862,"date":"2025-04-24T09:11:56","date_gmt":"2025-04-24T12:11:56","guid":{"rendered":"https:\/\/cdnoticias.com\/?p=169862"},"modified":"2025-04-24T09:15:32","modified_gmt":"2025-04-24T12:15:32","slug":"el-concejo-deliberante-expresara-profundo-pesar-por-la-muerte-del-papa-francisco","status":"publish","type":"post","link":"https:\/\/cdnoticias.com\/index.php\/2025\/04\/24\/el-concejo-deliberante-expresara-profundo-pesar-por-la-muerte-del-papa-francisco\/","title":{"rendered":"El Concejo Deliberante expresar\u00e1 \u201cprofundo pesar\u201d por la muerte del papa Francisco"},"content":{"rendered":"<p>Este jueves se desarrollar\u00e1 la sesi\u00f3n del Concejo Deliberante. Tambi\u00e9n se presentaron distintas iniciativas por la situaci\u00f3n del club Loma Negra, en riesgo de cierre.<!--more--><\/p>\n<hr \/>\n<p>Este<strong> jueves desde las 9<\/strong> en el CEMO se desarrollar\u00e1 la <strong>sesi\u00f3n del Concejo Deliberante<\/strong> en la que se tratar\u00e1 una <strong>expresi\u00f3n por la <a href=\"https:\/\/cdnoticias.com\/index.php\/2025\/04\/21\/murio-el-papa-francisco\/\" target=\"_blank\" rel=\"noopener\">muerte del papa Francisco<\/a><\/strong>. En lo formal, la actividad tendr\u00e1<strong> dos sesiones especiales<\/strong> previas a la <strong>sesi\u00f3n ordinaria<\/strong> en la que se debatir\u00e1n <strong>22 proyectos<\/strong> incluidos en el orden del d\u00eda.<\/p>\n<p><strong>La sesi\u00f3n no tendr\u00e1 transmisi\u00f3n en vivo<\/strong>. <em>&#8220;Por un corte de luz se encuentra interrumpido el suministro de fibra \u00f3ptica en el CEMO por lo que la sesi\u00f3n del HCD de este jueves 24 de abril no podr\u00e1 ser emitida en vivo&#8221;<\/em> inform\u00f3 el HCD. El desarrollo de la sesi\u00f3n ser\u00e1 grabado y cargado posteriormente al canal de YouTube oficial.<\/p>\n<p>En la primera sesi\u00f3n especial se aprobar\u00e1 la<strong> licencia del concejal Hilario Galli (bloque Pro-ERF) y su reemplazo por Gabriel Osvaldo Requena.<\/strong> La licencia se extiende del 23 al 30 de abril, con lo que en esta sesi\u00f3n estar\u00e1 Requena sentado en el recinto. Cabe recordar que tambi\u00e9n <a href=\"https:\/\/cdnoticias.com\/index.php\/2025\/04\/21\/hcd-asumio-luis-canevello-como-concejal\/\" target=\"_blank\" rel=\"noopener\">fue reemplazado el concejal Sebasti\u00e1n Matrella (bloque UCR)<\/a> con lo que ser\u00e1 tambi\u00e9n la primera sesi\u00f3n para el concejal Luis Canevello.<\/p>\n<blockquote><p>A continuaci\u00f3n se realizar\u00e1 la segunda sesi\u00f3n especial en la que se tratar\u00e1 un decreto que \u201cexpresa profundo pesar ante el fallecimiento de Su Santidad, el papa Francisco el d\u00eda lunes 21 de abril del corriente a\u00f1o a los 88 a\u00f1os, dejando su legado en la iglesia cat\u00f3lica, siendo el primer pont\u00edfice de origen argentino y latinoamericano\u201d.<\/p><\/blockquote>\n<p>Por \u00faltimo, se llevar\u00e1 a cabo la <strong>cuarta sesi\u00f3n ordinaria<\/strong> con el tratamiento de <strong>10 ordenanzas de donaciones de inmuebles<\/strong> a vecinos del distrito.<\/p>\n<p>Entre los temas destacados en la sesi\u00f3n, se cuentan un <strong>proyecto de resoluci\u00f3n del bloque UCR<\/strong> para que el Ejecutivo intervenga<strong> \u201cante la grave situaci\u00f3n edilicia de la Escuela Primaria 51 y la Escuela Secundaria 13 de Pourtal\u00e9\u201d.<\/strong><\/p>\n<p>Tambi\u00e9n los <strong>bloques PRO-ERF, Juntos por Olavarr\u00eda y Uni\u00f3n por la Patria<\/strong> presentaron distintas iniciativas para manifestarse por la <strong>situaci\u00f3n del club Loma Negra, en riesgo de cierre<\/strong> por las deudas generadas a<a href=\"https:\/\/cdnoticias.com\/index.php\/2025\/04\/16\/juicio-al-club-loma-negra-es-una-cifra-millonaria-que-no-podemos-afrontar\/\" target=\"_blank\" rel=\"noopener\"> partir de dos fallos judiciales<\/a>.<\/p>\n<p>Por \u00faltimo, tambi\u00e9n se tratar\u00e1 el<strong> pedido de informe<\/strong> emitido <a href=\"https:\/\/cdnoticias.com\/index.php\/2025\/04\/23\/hcd-pedido-de-informe-de-pro-erf-y-juntos-por-olavarria-por-la-inversion-en-seguridad\/\" target=\"_blank\" rel=\"noopener\">por los bloques PRO-ERF y Juntos por Olavarr\u00eda<\/a> sobre la<strong> inversi\u00f3n de la Subsecretar\u00eda de Protecci\u00f3n Ciudadana y sobre la actualidad de la seguridad<\/strong> en el municipio.<\/p>\n","protected":false},"excerpt":{"rendered":"<p>Este jueves se desarrollar\u00e1 la sesi\u00f3n del Concejo Deliberante. Tambi\u00e9n se presentaron distintas iniciativas por la situaci\u00f3n del club Loma<\/p>\n","protected":false},"author":4,"featured_media":168729,"comment_status":"closed","ping_status":"closed","sticky":false,"template":"","format":"standard","meta":{"_jetpack_memberships_contains_paid_content":false,"footnotes":""},"categories":[4,1],"tags":[],"class_list":["post-169862","post","type-post","status-publish","format-standard","has-post-thumbnail","hentry","category-politica","category-portada"],"jetpack_featured_media_url":"https:\/\/i0.wp.com\/cdnoticias.com\/wp-content\/uploads\/2025\/04\/HCD-sesion-10-de-abril-2025.jpg?fit=1000%2C563&ssl=1","jetpack_sharing_enabled":true,"_links":{"self":[{"href":"https:\/\/cdnoticias.com\/index.php\/wp-json\/wp\/v2\/posts\/169862","targetHints":{"allow":["GET"]}}],"collection":[{"href":"https:\/\/cdnoticias.com\/index.php\/wp-json\/wp\/v2\/posts"}],"about":[{"href":"https:\/\/cdnoticias.com\/index.php\/wp-json\/wp\/v2\/types\/post"}],"author":[{"embeddable":true,"href":"https:\/\/cdnoticias.com\/index.php\/wp-json\/wp\/v2\/users\/4"}],"replies":[{"embeddable":true,"href":"https:\/\/cdnoticias.com\/index.php\/wp-json\/wp\/v2\/comments?post=169862"}],"version-history":[{"count":0,"href":"https:\/\/cdnoticias.com\/index.php\/wp-json\/wp\/v2\/posts\/169862\/revisions"}],"wp:featuredmedia":[{"embeddable":true,"href":"https:\/\/cdnoticias.com\/index.php\/wp-json\/wp\/v2\/media\/168729"}],"wp:attachment":[{"href":"https:\/\/cdnoticias.com\/index.php\/wp-json\/wp\/v2\/media?parent=169862"}],"wp:term":[{"taxonomy":"category","embeddable":true,"href":"https:\/\/cdnoticias.com\/index.php\/wp-json\/wp\/v2\/categories?post=169862"},{"taxonomy":"post_tag","embeddable":true,"href":"https:\/\/cdnoticias.com\/index.php\/wp-json\/wp\/v2\/tags?post=169862"}],"curies":[{"name":"wp","href":"https:\/\/api.w.org\/{rel}","templated":true}]}}