{"id":169860,"date":"2025-04-24T08:34:17","date_gmt":"2025-04-24T11:34:17","guid":{"rendered":"https:\/\/cdnoticias.com\/?p=169860"},"modified":"2025-04-24T10:40:26","modified_gmt":"2025-04-24T13:40:26","slug":"los-trabajadores-municipales-tendran-aumento-salarial-de-3-mensual-hasta-junio","status":"publish","type":"post","link":"https:\/\/cdnoticias.com\/index.php\/2025\/04\/24\/los-trabajadores-municipales-tendran-aumento-salarial-de-3-mensual-hasta-junio\/","title":{"rendered":"Los trabajadores municipales tendr\u00e1n aumento salarial de 3% mensual hasta junio"},"content":{"rendered":"<p>Wesner inform\u00f3 el cierre de paritarias. La suba se aplica sobre la base del mes anterior a partir de abril. No alcanza al personal superior. \u201cEstamos atravesando una profunda crisis econ\u00f3mica\u201d advirti\u00f3.<!--more--><\/p>\n<hr \/>\n<p>El <strong>Municipio y el Sindicato de Trabajadores Municipales de Olavarr\u00eda cerraron paritarias<\/strong>: la suba salarial acordada es de <strong>9% por tres meses<\/strong>. El personal superior no qued\u00f3 incluido en el acuerdo que alcanza al b\u00e1sico, adicional salarial de suma fija, bonificaci\u00f3n de presentismo y puntualidad y guardias m\u00e9dicas.<\/p>\n<blockquote><p>En el detalle, se defini\u00f3 un incremento de 9% en total para los meses de abril, mayo y junio sobre la base del mes anterior.<\/p><\/blockquote>\n<p>La informaci\u00f3n fue brindada a los trabajadores municipales a trav\u00e9s de <strong>una nota que firm\u00f3 el intendente Maximiliano Wesner<\/strong> en la que expuso el <strong>contexto econ\u00f3mico y financiero adverso<\/strong> en el que se lleg\u00f3 al acuerdo.<\/p>\n<p><img data-recalc-dims=\"1\" loading=\"lazy\" decoding=\"async\" class=\"size-full wp-image-167676 aligncenter\" src=\"https:\/\/i0.wp.com\/cdnoticias.com\/wp-content\/uploads\/2025\/03\/maximiliano-wesner.jpg?resize=800%2C445&#038;ssl=1\" alt=\"\" width=\"800\" height=\"445\" srcset=\"https:\/\/i0.wp.com\/cdnoticias.com\/wp-content\/uploads\/2025\/03\/maximiliano-wesner.jpg?w=1000&amp;ssl=1 1000w, https:\/\/i0.wp.com\/cdnoticias.com\/wp-content\/uploads\/2025\/03\/maximiliano-wesner.jpg?resize=300%2C167&amp;ssl=1 300w, https:\/\/i0.wp.com\/cdnoticias.com\/wp-content\/uploads\/2025\/03\/maximiliano-wesner.jpg?resize=768%2C427&amp;ssl=1 768w, https:\/\/i0.wp.com\/cdnoticias.com\/wp-content\/uploads\/2025\/03\/maximiliano-wesner.jpg?resize=800%2C445&amp;ssl=1 800w\" sizes=\"auto, (max-width: 800px) 100vw, 800px\" \/><\/p>\n<blockquote><p>Las subas salariales se definieron seg\u00fan los agrupamientos. Por un lado, para el personal del escalaf\u00f3n Obrero y Servicios, Administrativo, T\u00e9cnico, Profesionales de la Administraci\u00f3n, Profesionales de la Salud y personal de Cultura se defini\u00f3 una suba de 3 % sobre la base del mes de marzo de 2025 al B\u00e1sico, Adicional Salarial de Suma Fija, Bonificaci\u00f3n de Presentismo y Puntualidad y Guardias M\u00e9dicas a pagar en el mes de abril de 2025. Otro 3% para pagar en mayo incrementado sobre el pago de abril y un tercer tramo de 3% para pagar en junio sobre la base de mayo.<\/p><\/blockquote>\n<p>El <strong>personal superior qued\u00f3 excluido<\/strong> del aumento a<strong> excepci\u00f3n de los trabajadores de categor\u00edas Directores B y Delegados<\/strong>.<\/p>\n<p>Respecto del pago del <strong>Premio de Presentismo Anual se fij\u00f3 en $180.000<\/strong> para el personal del escalaf\u00f3n Obrero y Servicios, Administrativo, T\u00e9cnico, Profesionales de la Administraci\u00f3n y Profesionales de la Salud. El pago se efectuar\u00e1 con los sueldos de abril.<\/p>\n<h3>\u201cProfunda crisis\u201d<\/h3>\n<p>En la nota dirigida a los trabajadores, <strong>Wesner hizo referencia a la situaci\u00f3n financiera municipal<\/strong>, algo que ya <a href=\"https:\/\/cdnoticias.com\/index.php\/2025\/04\/17\/impuesto-a-la-piedra-nos-estan-planteando-pagarnos-en-especies\/\" target=\"_blank\" rel=\"noopener\">hab\u00eda adelantado la secretaria del \u00e1rea Eugenia Bezzoni d\u00edas atr\u00e1s<\/a>.<\/p>\n<blockquote><p>\u201cComo todos ya saben estamos atravesando una profunda crisis econ\u00f3mica en nuestro pa\u00eds, con par\u00e1lisis de la obra p\u00fablica, ca\u00edda abrupta del consumo, cierre de empresas y cientos de despidos. Esta crisis no deja de golpear tambi\u00e9n a nuestro Municipio, especialmente en nuestra recaudaci\u00f3n\u201d advirti\u00f3 el Intendente a los trabajadores municipales.<\/p><\/blockquote>\n<p>Afirm\u00f3 que \u201ca pesar de este escenario negativo, <strong>la firme voluntad, la austeridad y el orden nos permiten concretar un nuevo acuerdo salarial<\/strong>. Entendemos que no alcanza, <strong>la realidad de los trabajadores se ha vuelto en la Argentina de los \u00faltimos tiempos un sacrificio constante<\/strong> que estamos dispuestos a revertir, porque sabemos del esfuerzo que hacen d\u00eda a d\u00eda\u201d.<\/p>\n","protected":false},"excerpt":{"rendered":"<p>Wesner inform\u00f3 el cierre de paritarias. La suba se aplica sobre la base del mes anterior a partir de abril.<\/p>\n","protected":false},"author":4,"featured_media":50372,"comment_status":"closed","ping_status":"closed","sticky":false,"template":"","format":"standard","meta":{"_jetpack_memberships_contains_paid_content":false,"footnotes":""},"categories":[4,1],"tags":[],"class_list":["post-169860","post","type-post","status-publish","format-standard","has-post-thumbnail","hentry","category-politica","category-portada"],"jetpack_featured_media_url":"https:\/\/i0.wp.com\/cdnoticias.com\/wp-content\/uploads\/2022\/03\/Palacio-Municipal-San-Martin-drone-Olavarria-Municipalidad.jpg?fit=800%2C445&ssl=1","jetpack_sharing_enabled":true,"_links":{"self":[{"href":"https:\/\/cdnoticias.com\/index.php\/wp-json\/wp\/v2\/posts\/169860","targetHints":{"allow":["GET"]}}],"collection":[{"href":"https:\/\/cdnoticias.com\/index.php\/wp-json\/wp\/v2\/posts"}],"about":[{"href":"https:\/\/cdnoticias.com\/index.php\/wp-json\/wp\/v2\/types\/post"}],"author":[{"embeddable":true,"href":"https:\/\/cdnoticias.com\/index.php\/wp-json\/wp\/v2\/users\/4"}],"replies":[{"embeddable":true,"href":"https:\/\/cdnoticias.com\/index.php\/wp-json\/wp\/v2\/comments?post=169860"}],"version-history":[{"count":0,"href":"https:\/\/cdnoticias.com\/index.php\/wp-json\/wp\/v2\/posts\/169860\/revisions"}],"wp:featuredmedia":[{"embeddable":true,"href":"https:\/\/cdnoticias.com\/index.php\/wp-json\/wp\/v2\/media\/50372"}],"wp:attachment":[{"href":"https:\/\/cdnoticias.com\/index.php\/wp-json\/wp\/v2\/media?parent=169860"}],"wp:term":[{"taxonomy":"category","embeddable":true,"href":"https:\/\/cdnoticias.com\/index.php\/wp-json\/wp\/v2\/categories?post=169860"},{"taxonomy":"post_tag","embeddable":true,"href":"https:\/\/cdnoticias.com\/index.php\/wp-json\/wp\/v2\/tags?post=169860"}],"curies":[{"name":"wp","href":"https:\/\/api.w.org\/{rel}","templated":true}]}}