{"id":169833,"date":"2025-04-24T08:03:37","date_gmt":"2025-04-24T11:03:37","guid":{"rendered":"https:\/\/cdnoticias.com\/?p=169833"},"modified":"2025-04-24T09:53:19","modified_gmt":"2025-04-24T12:53:19","slug":"los-taxistas-de-olavarria-expusieron-sus-problematicas","status":"publish","type":"post","link":"https:\/\/cdnoticias.com\/index.php\/2025\/04\/24\/los-taxistas-de-olavarria-expusieron-sus-problematicas\/","title":{"rendered":"Los taxistas de Olavarr\u00eda expusieron sus problem\u00e1ticas"},"content":{"rendered":"\n<p>En una reuni\u00f3n con el Municipio, plantearon por ejemplo la preocupaci\u00f3n acerca de la presencia de \u201cremises truchos\u201d, quienes no s\u00f3lo operar\u00edan en la ciudad sino que adem\u00e1s utilizar\u00edan las paradas exclusivas.<\/p>\n\n\n\n<hr class=\"wp-block-separator aligncenter has-alpha-channel-opacity\"\/>\n\n\n\n<p>Este martes, referentes de la Subsecretar\u00eda de Protecci\u00f3n Ciudadana <strong>llevaron a cabo una reuni\u00f3n con taxistas de nuestra ciudad,<\/strong> en un encuentro que se concret\u00f3 en el Sal\u00f3n Blanco del Palacio Municipal y que permiti\u00f3 dialogar sobre diversos temas.<\/p>\n\n\n\n<p><\/p>\n\n\n\n<p>La actividad fue convocada por el Municipio y encabezada por el Subsecretario de Protecci\u00f3n Ciudadana El\u00edas Quintas, quien estuvo acompa\u00f1ado por la Coordinadora de Transporte Municipal Mar\u00eda Jos\u00e9 Tejeda. Se hicieron presentes <strong>un total de 26 taxistas, todas personas titulares de licencias habilitantes<\/strong> para operar en la ciudad.<\/p>\n\n\n\n<p><\/p>\n\n\n\n<blockquote class=\"wp-block-quote is-layout-flow wp-block-quote-is-layout-flow\">\n<p>En la reuni\u00f3n plantearon distintos temas vinculados al sector, como por ejemplo la preocupaci\u00f3n acerca de la presencia de \u201cremises truchos\u201d, quienes no s\u00f3lo operar\u00edan en la ciudad sino que adem\u00e1s utilizar\u00edan las paradas exclusivas.<\/p>\n<\/blockquote>\n\n\n\n<p><\/p>\n\n\n\n<figure class=\"wp-block-image aligncenter size-full\"><img data-recalc-dims=\"1\" loading=\"lazy\" decoding=\"async\" width=\"800\" height=\"461\" src=\"https:\/\/i0.wp.com\/cdnoticias.com\/wp-content\/uploads\/2025\/04\/reunion-taxistas-municipio1.png?resize=800%2C461&#038;ssl=1\" alt=\"\" class=\"wp-image-169836\" srcset=\"https:\/\/i0.wp.com\/cdnoticias.com\/wp-content\/uploads\/2025\/04\/reunion-taxistas-municipio1.png?w=870&amp;ssl=1 870w, https:\/\/i0.wp.com\/cdnoticias.com\/wp-content\/uploads\/2025\/04\/reunion-taxistas-municipio1.png?resize=300%2C173&amp;ssl=1 300w, https:\/\/i0.wp.com\/cdnoticias.com\/wp-content\/uploads\/2025\/04\/reunion-taxistas-municipio1.png?resize=768%2C442&amp;ssl=1 768w\" sizes=\"auto, (max-width: 800px) 100vw, 800px\" \/><\/figure>\n\n\n\n<p><\/p>\n\n\n\n<p>En ese sentido, se avanz\u00f3 tambi\u00e9n sobre la <strong>situaci\u00f3n particular de las paradas exclusivas para taxistas<\/strong>, en lo que <strong>se pidi\u00f3 no s\u00f3lo la demarcaci\u00f3n<\/strong>, sino adem\u00e1s que <strong>puedan contar con sitios de resguardo para pasajeros<\/strong>, como as\u00ed tambi\u00e9n la posibilidad de <strong>contar con nuevas paradas, <\/strong>con especial \u00e9nfasis en lugares donde se llevan a cabo eventos masivos.<\/p>\n\n\n\n<p><\/p>\n\n\n\n<p>El Municipio \u201c<em>consider\u00f3 la reuni\u00f3n como muy positiva, ya que no s\u00f3lo dio marco a la escucha de las inquietudes y planteos por parte del sector, sino que adem\u00e1s dio marco para que los funcionarios puedan contar lo que se realiza desde el \u00e1rea y, principalmente, acordar el despliegue de trabajos conjuntos\u201d.\u00a0<\/em><\/p>\n\n\n\n<p><\/p>\n\n\n\n<p>Por \u00faltimo, se detall\u00f3 que desde la Subsecretar\u00eda de Protecci\u00f3n Ciudadana se realiz\u00f3 el compromiso de acompa\u00f1ar y darle el curso correspondiente a cada uno de los pedidos realizados. Inclusive se llevar\u00e1 a cabo pr\u00f3ximamente <strong>los trabajos de demarcaci\u00f3n de paradas<\/strong>, como as\u00ed la modificaci\u00f3n de algunos sitios en particular.<\/p>\n\n\n\n<p><\/p>\n","protected":false},"excerpt":{"rendered":"<p>En una reuni\u00f3n con el Municipio, plantearon por ejemplo la preocupaci\u00f3n acerca de la presencia de \u201cremises truchos\u201d, quienes no<\/p>\n","protected":false},"author":6,"featured_media":169835,"comment_status":"closed","ping_status":"closed","sticky":false,"template":"","format":"standard","meta":{"_jetpack_memberships_contains_paid_content":false,"footnotes":""},"categories":[5,1],"tags":[],"class_list":["post-169833","post","type-post","status-publish","format-standard","has-post-thumbnail","hentry","category-informacion-general","category-portada"],"jetpack_featured_media_url":"https:\/\/i0.wp.com\/cdnoticias.com\/wp-content\/uploads\/2025\/04\/reunion-taxistas-municipio2.png?fit=892%2C507&ssl=1","jetpack_sharing_enabled":true,"_links":{"self":[{"href":"https:\/\/cdnoticias.com\/index.php\/wp-json\/wp\/v2\/posts\/169833","targetHints":{"allow":["GET"]}}],"collection":[{"href":"https:\/\/cdnoticias.com\/index.php\/wp-json\/wp\/v2\/posts"}],"about":[{"href":"https:\/\/cdnoticias.com\/index.php\/wp-json\/wp\/v2\/types\/post"}],"author":[{"embeddable":true,"href":"https:\/\/cdnoticias.com\/index.php\/wp-json\/wp\/v2\/users\/6"}],"replies":[{"embeddable":true,"href":"https:\/\/cdnoticias.com\/index.php\/wp-json\/wp\/v2\/comments?post=169833"}],"version-history":[{"count":0,"href":"https:\/\/cdnoticias.com\/index.php\/wp-json\/wp\/v2\/posts\/169833\/revisions"}],"wp:featuredmedia":[{"embeddable":true,"href":"https:\/\/cdnoticias.com\/index.php\/wp-json\/wp\/v2\/media\/169835"}],"wp:attachment":[{"href":"https:\/\/cdnoticias.com\/index.php\/wp-json\/wp\/v2\/media?parent=169833"}],"wp:term":[{"taxonomy":"category","embeddable":true,"href":"https:\/\/cdnoticias.com\/index.php\/wp-json\/wp\/v2\/categories?post=169833"},{"taxonomy":"post_tag","embeddable":true,"href":"https:\/\/cdnoticias.com\/index.php\/wp-json\/wp\/v2\/tags?post=169833"}],"curies":[{"name":"wp","href":"https:\/\/api.w.org\/{rel}","templated":true}]}}