{"id":169800,"date":"2025-04-23T10:08:37","date_gmt":"2025-04-23T13:08:37","guid":{"rendered":"https:\/\/cdnoticias.com\/?p=169800"},"modified":"2025-04-23T13:21:52","modified_gmt":"2025-04-23T16:21:52","slug":"campana-antigripal-mas-de-6-200-personas-ya-se-vacunaron-en-olavarria","status":"publish","type":"post","link":"https:\/\/cdnoticias.com\/index.php\/2025\/04\/23\/campana-antigripal-mas-de-6-200-personas-ya-se-vacunaron-en-olavarria\/","title":{"rendered":"Campa\u00f1a antigripal: m\u00e1s de 6.200 personas ya se vacunaron en Olavarr\u00eda"},"content":{"rendered":"<p>La Direcci\u00f3n de Epidemiolog\u00eda inform\u00f3 el avance hasta la primera quincena de abril. Sigue la campa\u00f1a: la poblaci\u00f3n incluida y los vacunatorios habilitados.<!--more--><\/p>\n<hr \/>\n<p>En el marco de la <strong>Campa\u00f1a de Vacunaci\u00f3n Antigripal 2025<\/strong>, el Consejo de Salud del Municipio, a trav\u00e9s de la Direcci\u00f3n de Epidemiolog\u00eda, <strong>destac\u00f3 el avance<\/strong>.<\/p>\n<blockquote><p>Se inform\u00f3 que hasta la primera quincena de abril se llevan aplicadas 6.200 dosis de la totalidad de la poblaci\u00f3n objetivo.<\/p><\/blockquote>\n<p>La campa\u00f1a contin\u00faa vigente, por lo que las personas interesadas en recibir la inmunizaci\u00f3n pueden acercarse al <strong>vacunatorio m\u00e1s cercano a su domicilio<\/strong>: vacunatorio del Hospital Municipal \u201cDr. H\u00e9ctor M. Cura\u201d, Banco de Leche, Centros de Atenci\u00f3n Primaria de la Salud y Hospitales de la zona serrana.<\/p>\n<p>Como todos los a\u00f1os, <strong>las dosis se reciben por tandas<\/strong>, en funci\u00f3n de la <strong>disponibilidad de vacunas y la din\u00e1mica habitual de la inmunizaci\u00f3n antigripal<\/strong>.<\/p>\n<p><img data-recalc-dims=\"1\" loading=\"lazy\" decoding=\"async\" class=\"size-full wp-image-113080 aligncenter\" src=\"https:\/\/i0.wp.com\/cdnoticias.com\/wp-content\/uploads\/2024\/04\/weis.jpg?resize=800%2C445&#038;ssl=1\" alt=\"\" width=\"800\" height=\"445\" srcset=\"https:\/\/i0.wp.com\/cdnoticias.com\/wp-content\/uploads\/2024\/04\/weis.jpg?w=800&amp;ssl=1 800w, https:\/\/i0.wp.com\/cdnoticias.com\/wp-content\/uploads\/2024\/04\/weis.jpg?resize=300%2C167&amp;ssl=1 300w, https:\/\/i0.wp.com\/cdnoticias.com\/wp-content\/uploads\/2024\/04\/weis.jpg?resize=768%2C427&amp;ssl=1 768w\" sizes=\"auto, (max-width: 800px) 100vw, 800px\" \/><\/p>\n<blockquote><p>La directora de Epidemiolog\u00eda Mar\u00eda del Carmen Weis, destac\u00f3 la concurrencia de la comunidad para recibir no s\u00f3lo la vacunaci\u00f3n antigripal sino para completar esquemas del programa regular.<\/p><\/blockquote>\n<h3>Vacunaci\u00f3n antigripal: poblaci\u00f3n objetivo<\/h3>\n<ul>\n<li>Personas mayores de 65 a\u00f1os<\/li>\n<li>Personal de salud (sector p\u00fablico y privado)<\/li>\n<li>Personas gestantes: en cada embarazo y en cualquier trimestre de la gestaci\u00f3n. (En cada embarazo, la persona gestante debe recibir la Vacuna Antigripal en cualquier trimestre de gestaci\u00f3n y Vacuna Triple Bacteriana Acelular, a partir de la semana 20 de gestaci\u00f3n. Tambi\u00e9n debe inmunizarse contra el Virus Sincicial Respiratorio \u2013VSR-, que previene las formas graves de enfermedades respiratorias. Para personas gestantes, entre las semanas 32 y 36 de embarazo. Se contempla la aplicaci\u00f3n de una sola dosis).<\/li>\n<li>Personas pu\u00e9rperas: hasta el egreso de la maternidad -m\u00e1ximo 10 d\u00edas-, si no recibi\u00f3 la vacuna durante el embarazo.<\/li>\n<li>Ni\u00f1os y ni\u00f1as de 6 a 24 meses de edad (son dos dosis, si no recibi\u00f3 dos dosis anteriormente).<\/li>\n<li>Personas entre los 3 y 64 a\u00f1os que tengan factores de riesgo: orden m\u00e9dica o documentaci\u00f3n que certifique la existencia de enfermedades preexistentes incluidas entre los factores de riesgo.<\/li>\n<\/ul>\n<p><img data-recalc-dims=\"1\" loading=\"lazy\" decoding=\"async\" class=\"size-full wp-image-61850 aligncenter\" src=\"https:\/\/i0.wp.com\/cdnoticias.com\/wp-content\/uploads\/2022\/08\/vacunatorio-municipal-vacunacion.jpg?resize=800%2C445&#038;ssl=1\" alt=\"\" width=\"800\" height=\"445\" srcset=\"https:\/\/i0.wp.com\/cdnoticias.com\/wp-content\/uploads\/2022\/08\/vacunatorio-municipal-vacunacion.jpg?w=800&amp;ssl=1 800w, https:\/\/i0.wp.com\/cdnoticias.com\/wp-content\/uploads\/2022\/08\/vacunatorio-municipal-vacunacion.jpg?resize=300%2C167&amp;ssl=1 300w, https:\/\/i0.wp.com\/cdnoticias.com\/wp-content\/uploads\/2022\/08\/vacunatorio-municipal-vacunacion.jpg?resize=768%2C427&amp;ssl=1 768w\" sizes=\"auto, (max-width: 800px) 100vw, 800px\" \/><\/p>\n<h3>Vacunatorios de la red de Salud del Municipio<\/h3>\n<p>Hospital Municipal \u201cDr. H\u00e9ctor M. Cura\u201d: lunes a viernes de 08:00 a 14:00 horas.<\/p>\n<p>Centro de Inmunizaciones Banco de Leche: lunes a viernes de 7:30 a 13:30 horas, s\u00e1bados de 8:30 a 12:30 horas.<\/p>\n<p>CAPS: Lunes a viernes de 08:30 a 14:00 horas.<\/p>\n<p>\u2013 CAPS 1 \u00bb Obrero\u00bb Av. Del valle 4291 425473<\/p>\n<p>\u2013 CAPS 2 \u00abSarmiento\u00bb R. S. Pe\u00f1a 1450 455696<\/p>\n<p>\u2013 CAPS 3 \u00abAmoroso\u00bb A. Barros y De\u00e1n Funes 421067<\/p>\n<p>\u2013 CAPS 4 SIERRA CHICA Sbardolini esq. Marelli 15422229<\/p>\n<p>\u2013 CAPS 5 (Territorial 4) \u00abH. Yrigoyen\u00bb R. Fal 4124 420646<\/p>\n<p>\u2013 CAPS 6 \u00ab12 de Octubre\u00bb H. Yrigoyen 660 456553<\/p>\n<p>\u2013 CAPS 7 \u00abIndependencia\u00bb Pueyrred\u00f3n y Ayacucho 420794<\/p>\n<p>\u2013 CAPS 8 \u00ab10 de Junio\u00bb Giovanelli 3867 424415<\/p>\n<p>\u2013 CAPS 9 \u00abColonia san Miguel\u00bb 492954<\/p>\n<p>\u2013 CAPS 12 \u00abBarrio CECO\u00bb B. CECO casa 500 451945<\/p>\n<p>\u2013 CAPS 13 \u00abBlanca Grande\u00bb Calle 5 y Calle 6 2314426170<\/p>\n<p>\u2013 CAPS 14 \u00abRecalde\u00bb Calle 45 Planta Urbana 2314499120<\/p>\n<p>\u2013 CAPS 15 \u00abSanta Luisa\u00bb Zanardi y Calle 12 495522<\/p>\n<p>\u2013 CAPS 16 \u00abV. Magdalena\u00bb C\u00f3rdoba 3082 15579810<\/p>\n<p>\u2013 CAPS 17 \u00abD\u00e1maso Arce\u00bb 25 de mayo 1135 430023<\/p>\n<p>\u2013 CAPS 18 (Territorial 2) \u00abAlberdi\u00bb Av. Alberdi y Cnel. Suarez 456306<\/p>\n<p>\u2013 CAPS 19 \u00abColonia Hinojo\u00bb A. de los Fundadores 1206 491515<\/p>\n<p>\u2013 CAPS 20 \u00abAOMA\u00bb Gral. Paz 11422 15714927<\/p>\n<p>\u2013 CAPS 21 \u00abLoma Negra\u00bb 1 de mayo 1458 493291<\/p>\n<p>\u2013 CAPS 22 (Territorial 6) \u00abVilla Mailin\u00bb Mendoza y Balcarce 451601<\/p>\n<p>\u2013 CAPS 23 \u00abBel\u00e9n\u00bb Emiliozzi 5830 15714953<\/p>\n<p>\u2013 CAPS 25 \u00abAcupo\u00bb 101 Bis 3501 15714929<\/p>\n<p>\u2013 CAPS 26 \u00abLourdes\u00bb Grimaldi 894 15579766<\/p>\n<p>\u2013 CAPS 27 \u2013 CIC 113 bis 601 15714923<\/p>\n<p>\u2013 Hospital Sierras Bayas Smirnoff 2362 492105<\/p>\n<p>\u2013 Hospital Espigas 2314493011<\/p>\n<p>\u2013 Hospital Hinojo Calle 5 S\/N 491052<\/p>\n","protected":false},"excerpt":{"rendered":"<p>La Direcci\u00f3n de Epidemiolog\u00eda inform\u00f3 el avance hasta la primera quincena de abril. Sigue la campa\u00f1a: la poblaci\u00f3n incluida y<\/p>\n","protected":false},"author":4,"featured_media":117664,"comment_status":"closed","ping_status":"closed","sticky":false,"template":"","format":"standard","meta":{"_jetpack_memberships_contains_paid_content":false,"footnotes":""},"categories":[5,1],"tags":[],"class_list":["post-169800","post","type-post","status-publish","format-standard","has-post-thumbnail","hentry","category-informacion-general","category-portada"],"jetpack_featured_media_url":"https:\/\/i0.wp.com\/cdnoticias.com\/wp-content\/uploads\/2024\/06\/vacunacion-antigripal-00.jpg?fit=818%2C455&ssl=1","jetpack_sharing_enabled":true,"_links":{"self":[{"href":"https:\/\/cdnoticias.com\/index.php\/wp-json\/wp\/v2\/posts\/169800","targetHints":{"allow":["GET"]}}],"collection":[{"href":"https:\/\/cdnoticias.com\/index.php\/wp-json\/wp\/v2\/posts"}],"about":[{"href":"https:\/\/cdnoticias.com\/index.php\/wp-json\/wp\/v2\/types\/post"}],"author":[{"embeddable":true,"href":"https:\/\/cdnoticias.com\/index.php\/wp-json\/wp\/v2\/users\/4"}],"replies":[{"embeddable":true,"href":"https:\/\/cdnoticias.com\/index.php\/wp-json\/wp\/v2\/comments?post=169800"}],"version-history":[{"count":0,"href":"https:\/\/cdnoticias.com\/index.php\/wp-json\/wp\/v2\/posts\/169800\/revisions"}],"wp:featuredmedia":[{"embeddable":true,"href":"https:\/\/cdnoticias.com\/index.php\/wp-json\/wp\/v2\/media\/117664"}],"wp:attachment":[{"href":"https:\/\/cdnoticias.com\/index.php\/wp-json\/wp\/v2\/media?parent=169800"}],"wp:term":[{"taxonomy":"category","embeddable":true,"href":"https:\/\/cdnoticias.com\/index.php\/wp-json\/wp\/v2\/categories?post=169800"},{"taxonomy":"post_tag","embeddable":true,"href":"https:\/\/cdnoticias.com\/index.php\/wp-json\/wp\/v2\/tags?post=169800"}],"curies":[{"name":"wp","href":"https:\/\/api.w.org\/{rel}","templated":true}]}}