{"id":169777,"date":"2025-04-22T19:17:45","date_gmt":"2025-04-22T22:17:45","guid":{"rendered":"https:\/\/cdnoticias.com\/?p=169777"},"modified":"2025-04-22T20:34:42","modified_gmt":"2025-04-22T23:34:42","slug":"la-libertad-avanza-de-olavarria-presento-un-proyecto-para-que-privados-realicen-obra-publica","status":"publish","type":"post","link":"https:\/\/cdnoticias.com\/index.php\/2025\/04\/22\/la-libertad-avanza-de-olavarria-presento-un-proyecto-para-que-privados-realicen-obra-publica\/","title":{"rendered":"La Libertad Avanza de Olavarr\u00eda present\u00f3 un proyecto para que privados realicen obra p\u00fablica"},"content":{"rendered":"\n<p>Se\u00f1alaron que a pesar de que Milei fren\u00f3 la obra p\u00fablica \u201cno implica que no se pueda llevar a cabo por gobernadores e intendentes\u201d. Quieren que las empresas \u201cgeneren, financien y ejecuten la obra p\u00fablica que determine el municipio de Olavarr\u00eda\u201d.<\/p>\n\n\n\n<hr class=\"wp-block-separator aligncenter has-alpha-channel-opacity\"\/>\n\n\n\n<p>En las \u00faltimas horas,<strong> La Libertad Avanza de Olavarr\u00eda present\u00f3 un proyecto en el Concejo Deliberante que busca que empresas privadas lleven adelante y financien obra p\u00fablica en el Municipio, mediante ventajas impositivas que buscan regular.<\/strong> Ser\u00eda mediante el mecanismo de uni\u00f3n transitoria de empresas (UTE) y las famosas \u201cPPP\u201d (Participaci\u00f3n P\u00fablico-Privada) y con el planeamiento del Municipio.<\/p>\n\n\n\n<p>El proyecto, se\u00f1alaron, busca \u201c<em>brindar respuesta a la problem\u00e1tica que genera la paralizaci\u00f3n de la obra p\u00fablica nacional, sus consecuencias en el entramado productivo local, en pymes vinculadas con la actividad minera no metal\u00edfera del partido de Olavarr\u00eda\u201d<\/em>.<strong> La obra p\u00fablica nacional, vale decir, fue paralizada por el l\u00edder de LLA, el presidente Javier Milei.<\/strong><\/p>\n\n\n\n<p>Esta situaci\u00f3n, seg\u00fan indicaron en el proyecto del movimiento libertario,<em> \u201cpone de manifiesto la escasa diversificaci\u00f3n del entramado productivo de la localidad, que requerir\u00e1 mayor estudio y an\u00e1lisis en un futuro inmediato y que interpela a toda la dirigencia pol\u00edtica y los distintos actores de la sociedad olavarriense\u201d.<\/em><\/p>\n\n\n\n<blockquote class=\"wp-block-quote is-layout-flow wp-block-quote-is-layout-flow\">\n<p>\u201cLa paralizaci\u00f3n de la obra p\u00fablica tiene consecuencias inmediatas en nuestra sociedad, porque son generadoras de importantes fuentes de trabajo, directa e indirecta\u201d denunciaron.<\/p>\n<\/blockquote>\n\n\n\n<p>A su vez, aprovecharon para acusar al Municipio que, al repercutir en la recaudaci\u00f3n, la cuesta hacer frente<em> \u201ca una sobredimensi\u00f3n de su estructura producto de que cont\u00f3 con recursos extraordinarios para mal gastar\u201d.<\/em><\/p>\n\n\n\n<p>Entre los argumentos, <strong>admitieron que el Presidente tom\u00f3 la decisi\u00f3n de<em> \u201cponer un freno a la obra p\u00fablica\u201d<\/em><\/strong> pero <em>\u201cno implica que \u00e9sta no pueda llevarse a cabo por los gobernadores y los intendentes\u201d<\/em>. Y a continuaci\u00f3n, <strong>criticaron con sarcasmo<\/strong> que <em>\u201cla decisi\u00f3n de paralizar la obra p\u00fablica es avalada tambi\u00e9n por ellos ya que la provincia de Buenos Aires cuenta con rutas, puentes, paso &#8211; niveles, etc.; como as\u00ed tambi\u00e9n, cada una de las intendencias de los respectivos municipios. En nuestro caso, Olavarr\u00eda cuenta con una amplia red vial, caminos rurales, barrios, calles, escuelas, entre otros\u201d<\/em>. Agregaron que <em>\u201cOlavarr\u00eda s\u00f3lo invirti\u00f3 el 6% de ingresos en el a\u00f1o 2024. La soluci\u00f3n a esta compleja situaci\u00f3n depende de todos nosotros, de los olavarrienses, de su dirigencia y de sus empresarios\u201d.<\/em><\/p>\n\n\n\n<p>Siempre orientado hacia el privado aunque <strong>menciona instituciones como la Universidad<\/strong>, <em>\u201cOlavarr\u00eda tiene cementeras, canteras, caleras, grandes empresas de movimiento de suelos, hormigoneras, universidades, grandes empresarios y el know-how necesario para que estos actores, sean los impulsores del desarrollo de las obras y de nuestra ciudad. S\u00f3lo debemos darles el lugar y las condiciones necesarias para que interact\u00faen y encuentren las formas m\u00e1s adecuada de hacerlo posible\u201d.<\/em><\/p>\n\n\n\n<p>Recordaron que una de las cementeras<em> \u201cdemostr\u00f3 que puede hacer una obra \u2013la del camino a 16 de julio- y entregarla al Municipio de Olavarr\u00eda en concepto de\u2026 o en compensaci\u00f3n de \u2026; en definitiva, la obra se realiz\u00f3 sin la intervenci\u00f3n del gobierno municipal\u201d. Tomaron ese ejemplo para dejar en claro que \u201clos empresarios necesitan los incentivos adecuados para intervenir\u201d.<\/em> <strong>Esos incentivos, vale decir, estuvieron incluidos en la venta de una calle para la explotaci\u00f3n de la empresa Loma Negra.<\/strong><\/p>\n\n\n\n<p>El proyecto busca \u201c<em>brindar un marco normativo que propone un esquema legal y t\u00e9cnico para que las PYMES de Olavarr\u00eda, puedan asociarse \u2013 a trav\u00e9s de una UTE, CONSORCIO, ACE, etc. \u2013, con la finalidad que lleven adelante la obra p\u00fablica local, dinamizando la actividad minera, conservando los puestos de trabajo e impulsar la inversi\u00f3n en todo el partido de Olavarr\u00eda\u201d.<\/em><\/p>\n\n\n\n<p>Busca que las empresas <em><strong>\u201csean los responsables de generar, financiar y ejecutar la obra p\u00fablica que determine el municipio de Olavarr\u00eda\u201d.<\/strong><\/em><\/p>\n\n\n\n<p>El proyecto tiene una ordenanza, adem\u00e1s, que <em>\u201cregule el asociativismo con beneficios fiscales, cuyos beneficios ser\u00e1n por un tiempo determinado o por proyectos ejecutados\u201d.<\/em> Tal es as\u00ed, que proponen sumar, mediante convenio, a la Provincia de Buenos Aires<em> \u201ccon beneficios de exenciones impositivas para este tipo de asociaciones y obra p\u00fablica en todo el partido de Olavarr\u00eda, ya sea por un tiempo determinado y\/o por obra certificada. Tambi\u00e9n se facilite el acceso al Fondo de Garant\u00eda Rec\u00edproca para acompa\u00f1ar a este tipo de Asociaciones y financiar los proyectos en el partido de Olavarr\u00eda\u201d.<\/em><\/p>\n","protected":false},"excerpt":{"rendered":"<p>Se\u00f1alaron que a pesar de que Milei fren\u00f3 la obra p\u00fablica \u201cno implica que no se pueda llevar a cabo<\/p>\n","protected":false},"author":2,"featured_media":122540,"comment_status":"closed","ping_status":"closed","sticky":false,"template":"","format":"standard","meta":{"_jetpack_memberships_contains_paid_content":false,"footnotes":""},"categories":[4,1],"tags":[],"class_list":["post-169777","post","type-post","status-publish","format-standard","has-post-thumbnail","hentry","category-politica","category-portada"],"jetpack_featured_media_url":"https:\/\/i0.wp.com\/cdnoticias.com\/wp-content\/uploads\/2024\/08\/ahora-olavarria-la-libertad-avanza-04-guillermo-lascano-celeste-arouxet-oliver-gamondi.jpg?fit=1000%2C557&ssl=1","jetpack_sharing_enabled":true,"_links":{"self":[{"href":"https:\/\/cdnoticias.com\/index.php\/wp-json\/wp\/v2\/posts\/169777","targetHints":{"allow":["GET"]}}],"collection":[{"href":"https:\/\/cdnoticias.com\/index.php\/wp-json\/wp\/v2\/posts"}],"about":[{"href":"https:\/\/cdnoticias.com\/index.php\/wp-json\/wp\/v2\/types\/post"}],"author":[{"embeddable":true,"href":"https:\/\/cdnoticias.com\/index.php\/wp-json\/wp\/v2\/users\/2"}],"replies":[{"embeddable":true,"href":"https:\/\/cdnoticias.com\/index.php\/wp-json\/wp\/v2\/comments?post=169777"}],"version-history":[{"count":0,"href":"https:\/\/cdnoticias.com\/index.php\/wp-json\/wp\/v2\/posts\/169777\/revisions"}],"wp:featuredmedia":[{"embeddable":true,"href":"https:\/\/cdnoticias.com\/index.php\/wp-json\/wp\/v2\/media\/122540"}],"wp:attachment":[{"href":"https:\/\/cdnoticias.com\/index.php\/wp-json\/wp\/v2\/media?parent=169777"}],"wp:term":[{"taxonomy":"category","embeddable":true,"href":"https:\/\/cdnoticias.com\/index.php\/wp-json\/wp\/v2\/categories?post=169777"},{"taxonomy":"post_tag","embeddable":true,"href":"https:\/\/cdnoticias.com\/index.php\/wp-json\/wp\/v2\/tags?post=169777"}],"curies":[{"name":"wp","href":"https:\/\/api.w.org\/{rel}","templated":true}]}}