{"id":16976,"date":"2021-03-23T20:50:08","date_gmt":"2021-03-23T23:50:08","guid":{"rendered":"http:\/\/www.centraldenoticias.com.ar\/?p=16976"},"modified":"2021-03-23T21:05:49","modified_gmt":"2021-03-24T00:05:49","slug":"olavarria-sumo-cerca-de-80-positivos-y-es-el-distrito-de-la-region-con-mas-casos-activos","status":"publish","type":"post","link":"https:\/\/cdnoticias.com\/index.php\/2021\/03\/23\/olavarria-sumo-cerca-de-80-positivos-y-es-el-distrito-de-la-region-con-mas-casos-activos\/","title":{"rendered":"Olavarr\u00eda sum\u00f3 cerca de 80 positivos y es el distrito de la regi\u00f3n con m\u00e1s casos activos"},"content":{"rendered":"<p>Ese \u00edtem trep\u00f3 a 242 pacientes, adem\u00e1s se increment\u00f3 la ocupaci\u00f3n hospitalaria.<!--more--><\/p>\n<hr \/>\n<p>La jornada de este martes encendi\u00f3 varias alarmas en materia sanitaria y as\u00ed quedo expuesto en la conferencia de prensa que al cierre de la tarde encabezaron el intendente Ezequiel Galli y el secretario de Salud, Germ\u00e1n Caputo, quien consider\u00f3 que<a href=\"https:\/\/cdnoticias.com\/index.php\/2021\/03\/23\/covid-19-y-nuevas-medidas-estamos-en-el-comienzo-de-la-segunda-ola\/\" target=\"_blank\" rel=\"noopener\"> la ciudad est\u00e1 ante \u201cel comienzo de la segunda ola\u201d.<\/a><\/p>\n<p>&nbsp;<\/p>\n<p><iframe loading=\"lazy\" style=\"border: none; overflow: hidden;\" src=\"https:\/\/www.facebook.com\/plugins\/video.php?height=314&amp;href=https%3A%2F%2Fwww.facebook.com%2Fcdnolavarria%2Fvideos%2F3700451370051794%2F&amp;show_text=true&amp;width=560\" width=\"560\" height=\"429\" frameborder=\"0\" scrolling=\"no\" allowfullscreen=\"allowfullscreen\"><\/iframe><\/p>\n<p>&nbsp;<\/p>\n<p>En ese marco se dio a conocer que, <strong>tras la realizaci\u00f3n de m\u00e1s de 200 testeos, fueron detectados 79 casos positivos, una cifra de la que no se tienen antecedentes similares en el tiempo reciente<\/strong>. A la par, se registraron 38 curados, por lo que<strong> la cifra de pacientes activos trep\u00f3 a 242, la m\u00e1s alta del centro bonaerense<\/strong>. Inclusive por encima de Tandil, uno de los distritos que m\u00e1s problemas ha tenido con la pandemia (al punto que registra m\u00e1s de 180 decesos), pero que actualmente posee 198 pacientes activos, seg\u00fan el parte emitido en la noche de este martes. Bol\u00edvar es el tercer municipio con 157.<\/p>\n<p>&nbsp;<\/p>\n<p><img data-recalc-dims=\"1\" loading=\"lazy\" decoding=\"async\" class=\"alignnone size-large wp-image-16978\" src=\"https:\/\/i0.wp.com\/cdnoticias.com\/wp-content\/uploads\/2021\/03\/parte-16.jpg?resize=800%2C395&#038;ssl=1\" alt=\"\" width=\"800\" height=\"395\" srcset=\"https:\/\/i0.wp.com\/cdnoticias.com\/wp-content\/uploads\/2021\/03\/parte-16.jpg?resize=1024%2C506&amp;ssl=1 1024w, https:\/\/i0.wp.com\/cdnoticias.com\/wp-content\/uploads\/2021\/03\/parte-16.jpg?resize=300%2C148&amp;ssl=1 300w, https:\/\/i0.wp.com\/cdnoticias.com\/wp-content\/uploads\/2021\/03\/parte-16.jpg?resize=768%2C379&amp;ssl=1 768w, https:\/\/i0.wp.com\/cdnoticias.com\/wp-content\/uploads\/2021\/03\/parte-16.jpg?w=1189&amp;ssl=1 1189w\" sizes=\"auto, (max-width: 800px) 100vw, 800px\" \/><\/p>\n<p>&nbsp;<\/p>\n<p>Desde el Ejecutivo local se explic\u00f3 que el abultado n\u00famero tambi\u00e9n se corresponde con el importante n\u00famero de testeos realizados en las \u00faltimas horas. No obstante ello,<strong> tal como se percibe en los gr\u00e1ficos difundidos, se nota un incremento en la positividad de los testeos<\/strong>.<\/p>\n<p>&nbsp;<\/p>\n<p><img data-recalc-dims=\"1\" loading=\"lazy\" decoding=\"async\" class=\"alignnone size-large wp-image-16977\" src=\"https:\/\/i0.wp.com\/cdnoticias.com\/wp-content\/uploads\/2021\/03\/parte02-13.jpg?resize=800%2C399&#038;ssl=1\" alt=\"\" width=\"800\" height=\"399\" srcset=\"https:\/\/i0.wp.com\/cdnoticias.com\/wp-content\/uploads\/2021\/03\/parte02-13.jpg?resize=1024%2C511&amp;ssl=1 1024w, https:\/\/i0.wp.com\/cdnoticias.com\/wp-content\/uploads\/2021\/03\/parte02-13.jpg?resize=300%2C150&amp;ssl=1 300w, https:\/\/i0.wp.com\/cdnoticias.com\/wp-content\/uploads\/2021\/03\/parte02-13.jpg?resize=768%2C383&amp;ssl=1 768w, https:\/\/i0.wp.com\/cdnoticias.com\/wp-content\/uploads\/2021\/03\/parte02-13.jpg?w=1216&amp;ssl=1 1216w\" sizes=\"auto, (max-width: 800px) 100vw, 800px\" \/><\/p>\n<p>&nbsp;<\/p>\n<p>Otro aspecto a tener en cuenta y que explica las medidas dispuestas desde el municipio es el incremento en la ocupaci\u00f3n de camas del Hospital Municipal \u201cDoctor H\u00e9ctor Cura\u201d. <strong>En lo que refiere a la Unidad de Terapia Intensiva en 24 horas el aumento fue del 50% al 65%. En cifras, de las 20 camas dispuestas en ese sector 13 ya est\u00e1n ocupadas, de las cuales 5 corresponden a pacientes con Coronavirus<\/strong>.<\/p>\n<p>&nbsp;<\/p>\n<blockquote><p>El intendente puso el acento en no comparar esta situaci\u00f3n con el inicio de la pandemia, cuando debido a la estricta cuarentena se hab\u00edan pr\u00e1cticamente suprimido los ingresos al Hospital Municipal por otras eventualidades, como lo son en la actualidad las consecuencias de siniestros viales.<\/p><\/blockquote>\n<p>&nbsp;<\/p>\n<p>En cuanto a la denominada <strong>Clinica Covid el incremento fue del 63 al 67%<\/strong>. En n\u00famero se traduce en que de las 51 camas totales en la actualidad est\u00e1n ocupadas 34, de las cuales 11 corresponden a pacientes Covid19.<\/p>\n","protected":false},"excerpt":{"rendered":"<p>Ese \u00edtem trep\u00f3 a 242 pacientes, adem\u00e1s se increment\u00f3 la ocupaci\u00f3n hospitalaria.<\/p>\n","protected":false},"author":3,"featured_media":16979,"comment_status":"closed","ping_status":"closed","sticky":false,"template":"","format":"standard","meta":{"_jetpack_memberships_contains_paid_content":false,"footnotes":""},"categories":[5,1],"tags":[],"class_list":["post-16976","post","type-post","status-publish","format-standard","has-post-thumbnail","hentry","category-informacion-general","category-portada"],"jetpack_featured_media_url":"https:\/\/i0.wp.com\/cdnoticias.com\/wp-content\/uploads\/2021\/03\/conferencia-covid1.jpg?fit=4608%2C3072&ssl=1","jetpack_sharing_enabled":true,"_links":{"self":[{"href":"https:\/\/cdnoticias.com\/index.php\/wp-json\/wp\/v2\/posts\/16976","targetHints":{"allow":["GET"]}}],"collection":[{"href":"https:\/\/cdnoticias.com\/index.php\/wp-json\/wp\/v2\/posts"}],"about":[{"href":"https:\/\/cdnoticias.com\/index.php\/wp-json\/wp\/v2\/types\/post"}],"author":[{"embeddable":true,"href":"https:\/\/cdnoticias.com\/index.php\/wp-json\/wp\/v2\/users\/3"}],"replies":[{"embeddable":true,"href":"https:\/\/cdnoticias.com\/index.php\/wp-json\/wp\/v2\/comments?post=16976"}],"version-history":[{"count":0,"href":"https:\/\/cdnoticias.com\/index.php\/wp-json\/wp\/v2\/posts\/16976\/revisions"}],"wp:featuredmedia":[{"embeddable":true,"href":"https:\/\/cdnoticias.com\/index.php\/wp-json\/wp\/v2\/media\/16979"}],"wp:attachment":[{"href":"https:\/\/cdnoticias.com\/index.php\/wp-json\/wp\/v2\/media?parent=16976"}],"wp:term":[{"taxonomy":"category","embeddable":true,"href":"https:\/\/cdnoticias.com\/index.php\/wp-json\/wp\/v2\/categories?post=16976"},{"taxonomy":"post_tag","embeddable":true,"href":"https:\/\/cdnoticias.com\/index.php\/wp-json\/wp\/v2\/tags?post=16976"}],"curies":[{"name":"wp","href":"https:\/\/api.w.org\/{rel}","templated":true}]}}