{"id":169744,"date":"2025-04-22T17:31:22","date_gmt":"2025-04-22T20:31:22","guid":{"rendered":"https:\/\/cdnoticias.com\/?p=169744"},"modified":"2025-04-22T17:31:26","modified_gmt":"2025-04-22T20:31:26","slug":"camuzzi-lanza-una-calculadora-de-huella-de-carbono-para-promover-el-uso-responsable-de-la-energia","status":"publish","type":"post","link":"https:\/\/cdnoticias.com\/index.php\/2025\/04\/22\/camuzzi-lanza-una-calculadora-de-huella-de-carbono-para-promover-el-uso-responsable-de-la-energia\/","title":{"rendered":"Camuzzi lanza una calculadora de huella de carbono para promover el uso responsable de la energ\u00eda"},"content":{"rendered":"\n<p>En el D\u00eda Internacional de la Tierra, la compa\u00f1\u00eda presenta una herramienta que permite a las personas conocer su impacto ambiental y adoptar h\u00e1bitos m\u00e1s eficientes.<\/p>\n\n\n\n<hr class=\"wp-block-separator aligncenter has-alpha-channel-opacity\"\/>\n\n\n\n<p>En el marco del<strong> D\u00eda Internacional de la Tierra, Camuzzi lanza la calculadora de huella de carbono,<\/strong> una <strong>herramienta gratuita, simple y accesible <\/strong>que <strong>permite a los usuarios estimar el impacto ambiental generado por el consumo de gas natural en los hogares.<\/strong><\/p>\n\n\n\n<p><\/p>\n\n\n\n<blockquote class=\"wp-block-quote is-layout-flow wp-block-quote-is-layout-flow\">\n<p>La iniciativa busca concientizar sobre la importancia del uso responsable de la energ\u00eda y fomentar peque\u00f1os cambios en la vida cotidiana que ayuden a reducir las emisiones. Se puede acceder a ella desde la p\u00e1gina web de la distribuidora. <\/p>\n<\/blockquote>\n\n\n\n<p><\/p>\n\n\n\n<p class=\"has-medium-font-size\"><strong>\u00bfQu\u00e9 es la huella de carbono y por qu\u00e9 importa?<\/strong><\/p>\n\n\n\n<p>La huella de carbono es un <strong>indicador que mide la cantidad de gases de efecto invernadero<\/strong> (como el CO\u2082 y el metano) que se liberan a la atm\u00f3sfera<strong> como consecuencia de nuestras actividades diaria<\/strong>s, como el uso de transporte, el consumo de bienes, la electricidad o la calefacci\u00f3n. Se expresa en kilogramos de CO\u2082 equivalente (CO\u2082e).<\/p>\n\n\n\n<p><\/p>\n\n\n\n<p>Aunque el gas natural es la fuente de energ\u00eda m\u00e1s limpia entre los combustibles f\u00f3siles, <strong>su consumo tambi\u00e9n forma parte de la huella de carbono<\/strong>. Por eso, <strong>conocerla es el primer paso para reducirla.<\/strong><\/p>\n\n\n\n<p><\/p>\n\n\n\n<p>La calculadora desarrollada por Camuzzi estima primero el consumo bimestral de gas natural, expresado en m3, a partir de los artefactos que el usuario indica que utiliza a diario en su hogar. Con esos datos ingresados, <strong>la plataforma proyecta el impacto ambiental que se genera.<\/strong><\/p>\n\n\n\n<p><\/p>\n\n\n\n<p class=\"has-medium-font-size\"><strong>Consejos para reducir el consumo y el impacto<\/strong><\/p>\n\n\n\n<ul class=\"wp-block-list\">\n<li>Apagar los artefactos en \u201cpiloto\u201d cuando no se usan. Este consumo pasivo puede representar m\u00e1s de un 10% del consumo del hogar.<\/li>\n<\/ul>\n\n\n\n<ul class=\"wp-block-list\">\n<li>Calefaccionar a una temperatura m\u00e1xima de 20 \u00baC.<\/li>\n<\/ul>\n\n\n\n<ul class=\"wp-block-list\">\n<li>Siempre que sea posible, adquirir artefactos de Clase A adaptados a las necesidades del hogar.<\/li>\n<\/ul>\n\n\n\n<ul class=\"wp-block-list\">\n<li>Evitar el uso innecesario del horno, pues su consumo equivale a tres hornallas encendidas.<\/li>\n<\/ul>\n\n\n\n<ul class=\"wp-block-list\">\n<li>Calefaccionar s\u00f3lo aquellos ambientes donde haya gente.<\/li>\n<\/ul>\n\n\n\n<ul class=\"wp-block-list\">\n<li>No abrir ventanas para bajar la temperatura. Regularla a trav\u00e9s de los propios artefactos instalados.<\/li>\n<\/ul>\n\n\n\n<ul class=\"wp-block-list\">\n<li>Regular la temperatura del agua desde el calef\u00f3n o termotanque para evitar mezclar agua caliente y fr\u00eda al mismo tiempo.<\/li>\n<\/ul>\n\n\n\n<ul class=\"wp-block-list\">\n<li>El objetivo de esta nueva herramienta es que el usuario pueda dimensionar el resultado de sus h\u00e1bitos cotidianos, para favorecer la adopci\u00f3n de nuevas medidas que permitan promover una reducci\u00f3n del consumo, y de esta manera generar un impacto positivo en el ambiente.\u00a0<\/li>\n<\/ul>\n\n\n\n<p><\/p>\n\n\n\n<p class=\"has-medium-font-size\"><strong>Un compromiso que empieza desde adentro<\/strong><\/p>\n\n\n\n<p>Como principio rector de su gesti\u00f3n ambiental, la compa\u00f1\u00eda ha asumido la responsabilidad de <strong>utilizar los recursos de forma racional,<\/strong> y de<strong> prevenir y mitigar los impactos ambientales vinculados con sus actividades.\u00a0<\/strong><\/p>\n\n\n\n<p><\/p>\n\n\n\n<blockquote class=\"wp-block-quote is-layout-flow wp-block-quote-is-layout-flow\">\n<p>Este enfoque implica la instrumentaci\u00f3n de pol\u00edticas tendientes a mitigar fugas de gas en las instalaciones e incrementar las eficiencias de los procesos para la reducci\u00f3n de las emisiones de gases de efecto invernadero, tanto en la fase de dise\u00f1o de un proyecto y la construcci\u00f3n de las distintas infraestructuras energ\u00e9ticas, como asi tambi\u00e9n durante la gesti\u00f3n del mantenimiento de los activos y la prevenci\u00f3n de roturas. <\/p>\n<\/blockquote>\n\n\n\n<p><\/p>\n\n\n\n<p>La compa\u00f1\u00eda adem\u00e1s cuenta con pol\u00edticas y procedimientos vinculados al cuidado del recurso h\u00eddrico, la gesti\u00f3n de residuos, la reutilizaci\u00f3n de material de rezago, y la digitalizaci\u00f3n de los distintos procesos administrativos y comerciales, que han permitido una importante reducci\u00f3n del consumo de papel.<\/p>\n\n\n\n<p><\/p>\n\n\n\n<p>Por \u00faltimo, se indic\u00f3 que Camuzzi se encuentra desarrollando, junto a consultores especializados, la estructura de su I<strong>nventario Corporativo de Gases de Efecto Invernadero, <\/strong>un paso clave hacia la medici\u00f3n de su propia huella.<\/p>\n\n\n\n<p><\/p>\n","protected":false},"excerpt":{"rendered":"<p>En el D\u00eda Internacional de la Tierra, la compa\u00f1\u00eda presenta una herramienta que permite a las personas conocer su impacto<\/p>\n","protected":false},"author":6,"featured_media":169745,"comment_status":"closed","ping_status":"closed","sticky":false,"template":"","format":"standard","meta":{"_jetpack_memberships_contains_paid_content":false,"footnotes":""},"categories":[5,1],"tags":[],"class_list":["post-169744","post","type-post","status-publish","format-standard","has-post-thumbnail","hentry","category-informacion-general","category-portada"],"jetpack_featured_media_url":"https:\/\/i0.wp.com\/cdnoticias.com\/wp-content\/uploads\/2025\/04\/camuzzi-huella-de-carbono-originial.jpg?fit=900%2C506&ssl=1","jetpack_sharing_enabled":true,"_links":{"self":[{"href":"https:\/\/cdnoticias.com\/index.php\/wp-json\/wp\/v2\/posts\/169744","targetHints":{"allow":["GET"]}}],"collection":[{"href":"https:\/\/cdnoticias.com\/index.php\/wp-json\/wp\/v2\/posts"}],"about":[{"href":"https:\/\/cdnoticias.com\/index.php\/wp-json\/wp\/v2\/types\/post"}],"author":[{"embeddable":true,"href":"https:\/\/cdnoticias.com\/index.php\/wp-json\/wp\/v2\/users\/6"}],"replies":[{"embeddable":true,"href":"https:\/\/cdnoticias.com\/index.php\/wp-json\/wp\/v2\/comments?post=169744"}],"version-history":[{"count":0,"href":"https:\/\/cdnoticias.com\/index.php\/wp-json\/wp\/v2\/posts\/169744\/revisions"}],"wp:featuredmedia":[{"embeddable":true,"href":"https:\/\/cdnoticias.com\/index.php\/wp-json\/wp\/v2\/media\/169745"}],"wp:attachment":[{"href":"https:\/\/cdnoticias.com\/index.php\/wp-json\/wp\/v2\/media?parent=169744"}],"wp:term":[{"taxonomy":"category","embeddable":true,"href":"https:\/\/cdnoticias.com\/index.php\/wp-json\/wp\/v2\/categories?post=169744"},{"taxonomy":"post_tag","embeddable":true,"href":"https:\/\/cdnoticias.com\/index.php\/wp-json\/wp\/v2\/tags?post=169744"}],"curies":[{"name":"wp","href":"https:\/\/api.w.org\/{rel}","templated":true}]}}