{"id":169696,"date":"2025-04-21T20:09:34","date_gmt":"2025-04-21T23:09:34","guid":{"rendered":"https:\/\/cdnoticias.com\/?p=169696"},"modified":"2025-04-21T20:09:37","modified_gmt":"2025-04-21T23:09:37","slug":"el-club-loma-negra-necesita-de-todos-y-no-podemos-mirar-para-otro-lado","status":"publish","type":"post","link":"https:\/\/cdnoticias.com\/index.php\/2025\/04\/21\/el-club-loma-negra-necesita-de-todos-y-no-podemos-mirar-para-otro-lado\/","title":{"rendered":"\u201cEl club Loma Negra necesita de todos y no podemos mirar para otro lado\u201d"},"content":{"rendered":"\n<p>El bloque Pro-Juntos por Olavarr\u00eda presentar\u00e1n un proyecto de Comunicaci\u00f3n para que el Municipio \u201csea el nexo entre los dirigentes del club y las autoridades de la f\u00e1brica para llegar a un acuerdo\u201d.<\/p>\n\n\n\n<hr class=\"wp-block-separator aligncenter has-alpha-channel-opacity\"\/>\n\n\n\n<p>Por la <strong>compleja situaci\u00f3n por la que atraviesa el club Loma Negra tras un fallo judicial adverso que hace peligrar su continuidad, los concejales de PRO y Juntos por Olavarr\u00eda <\/strong>expresaron que <em>\u201ces muy triste la situaci\u00f3n que les toca vivir a la gente de Loma Negra. El club cumple un rol fundamental en la sociedad, necesita de todos y no podemos mirar para otro lado\u201d.<\/em><\/p>\n\n\n\n<p>Seguidamente remarcaron que <em><strong>\u201cdebe ganar el sentido com\u00fan. Debemos pensar estrategias para evitar el cierre porque ser\u00eda un da\u00f1o irreparable\u201d.<\/strong><\/em><\/p>\n\n\n\n<p>En este sentido pidieron que<em> \u201cel Municipio sea nexo entre los dirigentes del club y las autoridades de la f\u00e1brica para llegar a un punto de acuerdo\u201d.<\/em><\/p>\n\n\n\n<p>Adelantaron que <em><strong>\u201cvamos a presentar un proyecto de comunicaci\u00f3n ante el posible cierre de esta entidad deportiva olavarriense que llev\u00f3 la bandera de nuestra ciudad por todo el pa\u00eds\u201d.<\/strong><\/em><\/p>\n","protected":false},"excerpt":{"rendered":"<p>El bloque Pro-Juntos por Olavarr\u00eda presentar\u00e1n un proyecto de Comunicaci\u00f3n para que el Municipio \u201csea el nexo entre los dirigentes<\/p>\n","protected":false},"author":2,"featured_media":169599,"comment_status":"closed","ping_status":"closed","sticky":false,"template":"","format":"standard","meta":{"_jetpack_memberships_contains_paid_content":false,"footnotes":""},"categories":[4,1],"tags":[],"class_list":["post-169696","post","type-post","status-publish","format-standard","has-post-thumbnail","hentry","category-politica","category-portada"],"jetpack_featured_media_url":"https:\/\/i0.wp.com\/cdnoticias.com\/wp-content\/uploads\/2025\/04\/futbol-club-loma-negra-equipo.jpg?fit=1000%2C557&ssl=1","jetpack_sharing_enabled":true,"_links":{"self":[{"href":"https:\/\/cdnoticias.com\/index.php\/wp-json\/wp\/v2\/posts\/169696","targetHints":{"allow":["GET"]}}],"collection":[{"href":"https:\/\/cdnoticias.com\/index.php\/wp-json\/wp\/v2\/posts"}],"about":[{"href":"https:\/\/cdnoticias.com\/index.php\/wp-json\/wp\/v2\/types\/post"}],"author":[{"embeddable":true,"href":"https:\/\/cdnoticias.com\/index.php\/wp-json\/wp\/v2\/users\/2"}],"replies":[{"embeddable":true,"href":"https:\/\/cdnoticias.com\/index.php\/wp-json\/wp\/v2\/comments?post=169696"}],"version-history":[{"count":0,"href":"https:\/\/cdnoticias.com\/index.php\/wp-json\/wp\/v2\/posts\/169696\/revisions"}],"wp:featuredmedia":[{"embeddable":true,"href":"https:\/\/cdnoticias.com\/index.php\/wp-json\/wp\/v2\/media\/169599"}],"wp:attachment":[{"href":"https:\/\/cdnoticias.com\/index.php\/wp-json\/wp\/v2\/media?parent=169696"}],"wp:term":[{"taxonomy":"category","embeddable":true,"href":"https:\/\/cdnoticias.com\/index.php\/wp-json\/wp\/v2\/categories?post=169696"},{"taxonomy":"post_tag","embeddable":true,"href":"https:\/\/cdnoticias.com\/index.php\/wp-json\/wp\/v2\/tags?post=169696"}],"curies":[{"name":"wp","href":"https:\/\/api.w.org\/{rel}","templated":true}]}}