{"id":169649,"date":"2025-04-21T17:31:24","date_gmt":"2025-04-21T20:31:24","guid":{"rendered":"https:\/\/cdnoticias.com\/?p=169649"},"modified":"2025-04-21T20:28:32","modified_gmt":"2025-04-21T23:28:32","slug":"la-santa-sede-confirmo-que-el-papa-murio-por-un-derrame-cerebral-y-un-colapso-cardiaco","status":"publish","type":"post","link":"https:\/\/cdnoticias.com\/index.php\/2025\/04\/21\/la-santa-sede-confirmo-que-el-papa-murio-por-un-derrame-cerebral-y-un-colapso-cardiaco\/","title":{"rendered":"La Santa Sede confirm\u00f3 que el Papa muri\u00f3 por un derrame cerebral y un colapso card\u00edaco"},"content":{"rendered":"\n<p>Jorge Bergoglio ten\u00eda antecedentes de insuficiencia respiratoria aguda en neumon\u00eda bilateral multimicrobiana, bronquiectasias m\u00faltiples, hipertensi\u00f3n y diabetes de tipo II.<\/p>\n\n\n\n<hr class=\"wp-block-separator aligncenter has-alpha-channel-opacity\"\/>\n\n\n\n<p>El Vaticano revel\u00f3 que<strong> el Papa, Jorge Bergoglio, muri\u00f3 este lunes a causa de un derrame cerebral <\/strong>que<strong> deriv\u00f3 en un coma y un colapso cardiovascular irreversible.\u00a0<\/strong><\/p>\n\n\n\n<p><\/p>\n\n\n\n<p>Seg\u00fan se inform\u00f3, <strong>la muerte se comprob\u00f3 mediante un registro electrocardiogr\u00e1fico tanatol\u00f3gico.<\/strong> El diagn\u00f3stico fue ratificado por el profesor Andrea Arcangeli, director de la Direcci\u00f3n de Sanidad e Higiene del Estado de la Ciudad del Vaticano, en el informe de defunci\u00f3n publicado por la Oficina de Prensa de la Santa Sede.\u00a0<\/p>\n\n\n\n<p><\/p>\n\n\n\n<blockquote class=\"wp-block-quote is-layout-flow wp-block-quote-is-layout-flow\">\n<p>Asimismo, se indic\u00f3 que el Papa ten\u00eda antecedentes de insuficiencia respiratoria aguda en neumon\u00eda bilateral multimicrobiana, bronquiectasias m\u00faltiples, hipertensi\u00f3n y diabetes de tipo II.<\/p>\n<\/blockquote>\n\n\n\n<p><\/p>\n\n\n\n<p>Francisco fue <strong>internado el pasado 14 de febrero con una neumon\u00eda bilateral <\/strong>que<strong> deriv\u00f3 en varias crisis respiratorias, insuficiencia renal y una infecci\u00f3n polimicrobiana.\u00a0<\/strong><\/p>\n\n\n\n<p><\/p>\n\n\n\n<p>Durante su permanencia en el Hospital Gemelli hasta el 23 de marzo, <strong>recibi\u00f3 transfusiones de sangre por anemia y asistencia respiratoria con ox\u00edgeno<\/strong>. Tras haberle dado el alta, los m\u00e9dicos que atendieron al papa Francisco durante su internaci\u00f3n, revelaron que en un momento tuvieron que decidir entre dejarlo ir o aplicarle un tratamiento agresivo, con varios medicamentos, que tambi\u00e9n era riesgoso para la salud del Pont\u00edfice.<\/p>\n\n\n\n<p><\/p>\n\n\n\n<p>El profesor Sergio Alfieri declar\u00f3 al peri\u00f3dico italiano Corriere della Sera, que el momento m\u00e1s cr\u00edtico ocurri\u00f3 el 28 de febrero, cuando Francisco sufri\u00f3 una crisis respiratoria e inhal\u00f3 su propio v\u00f3mito.<\/p>\n\n\n\n<p><\/p>\n\n\n\n<p>El m\u00e9dico analiz\u00f3 que se esper\u00f3 demasiado para el ingreso del Pont\u00edfice al hospital: \u201c<strong>Francisco no quer\u00eda dejar su agenda y fue internado tarde, ya que cuando lleg\u00f3 al sanatorio estaba muy mal\u201d<\/strong>, expres\u00f3. \u201cEstaba enfermo desde hac\u00eda d\u00edas, pero se resisti\u00f3 porque probablemente quer\u00eda respetar los compromisos del Jubileo. Cuando empez\u00f3 a respirar cada vez con m\u00e1s dificultad se dio cuenta de que no pod\u00eda esperar m\u00e1s\u201d, confi\u00f3.\u00a0<\/p>\n\n\n\n<p><\/p>\n\n\n\n<p><em>Fuente: DIB<\/em><\/p>\n\n\n\n<p><\/p>\n","protected":false},"excerpt":{"rendered":"<p>Jorge Bergoglio ten\u00eda antecedentes de insuficiencia respiratoria aguda en neumon\u00eda bilateral multimicrobiana, bronquiectasias m\u00faltiples, hipertensi\u00f3n y diabetes de tipo II.<\/p>\n","protected":false},"author":6,"featured_media":169650,"comment_status":"closed","ping_status":"closed","sticky":false,"template":"","format":"standard","meta":{"_jetpack_memberships_contains_paid_content":false,"footnotes":""},"categories":[6,1],"tags":[],"class_list":["post-169649","post","type-post","status-publish","format-standard","has-post-thumbnail","hentry","category-nacionales","category-portada"],"jetpack_featured_media_url":"https:\/\/i0.wp.com\/cdnoticias.com\/wp-content\/uploads\/2025\/04\/Papa-oracion-696x424-1.png?fit=696%2C424&ssl=1","jetpack_sharing_enabled":true,"_links":{"self":[{"href":"https:\/\/cdnoticias.com\/index.php\/wp-json\/wp\/v2\/posts\/169649","targetHints":{"allow":["GET"]}}],"collection":[{"href":"https:\/\/cdnoticias.com\/index.php\/wp-json\/wp\/v2\/posts"}],"about":[{"href":"https:\/\/cdnoticias.com\/index.php\/wp-json\/wp\/v2\/types\/post"}],"author":[{"embeddable":true,"href":"https:\/\/cdnoticias.com\/index.php\/wp-json\/wp\/v2\/users\/6"}],"replies":[{"embeddable":true,"href":"https:\/\/cdnoticias.com\/index.php\/wp-json\/wp\/v2\/comments?post=169649"}],"version-history":[{"count":0,"href":"https:\/\/cdnoticias.com\/index.php\/wp-json\/wp\/v2\/posts\/169649\/revisions"}],"wp:featuredmedia":[{"embeddable":true,"href":"https:\/\/cdnoticias.com\/index.php\/wp-json\/wp\/v2\/media\/169650"}],"wp:attachment":[{"href":"https:\/\/cdnoticias.com\/index.php\/wp-json\/wp\/v2\/media?parent=169649"}],"wp:term":[{"taxonomy":"category","embeddable":true,"href":"https:\/\/cdnoticias.com\/index.php\/wp-json\/wp\/v2\/categories?post=169649"},{"taxonomy":"post_tag","embeddable":true,"href":"https:\/\/cdnoticias.com\/index.php\/wp-json\/wp\/v2\/tags?post=169649"}],"curies":[{"name":"wp","href":"https:\/\/api.w.org\/{rel}","templated":true}]}}