{"id":169633,"date":"2025-04-21T18:33:21","date_gmt":"2025-04-21T21:33:21","guid":{"rendered":"https:\/\/cdnoticias.com\/?p=169633"},"modified":"2025-04-21T18:33:23","modified_gmt":"2025-04-21T21:33:23","slug":"hcd-asumio-luis-canevello-como-concejal","status":"publish","type":"post","link":"https:\/\/cdnoticias.com\/index.php\/2025\/04\/21\/hcd-asumio-luis-canevello-como-concejal\/","title":{"rendered":"HCD: asumi\u00f3 Luis Canevello como concejal"},"content":{"rendered":"<p>Fue este lunes y reemplazar\u00e1 a Sebasti\u00e1n Matrella. Se hizo el acto de jura encabezado por el presidente del Concejo, Guillermo Santell\u00e1n.<!--more--><\/p>\n<hr \/>\n<p>Este lunes <strong>se inici\u00f3 la licencia del concejal Sebasti\u00e1n Matrella<\/strong> y <strong>asumi\u00f3 su reemplazante, Emilio Luis Canevello<\/strong>, quien completar\u00e1 la banca del bloque UCR en el Concejo Deliberante de Olavarr\u00eda.<\/p>\n<p>En la sede del deliberativo se hizo el <strong>acto de asunci\u00f3n<\/strong> que encabez\u00f3 el presidente del Concejo, Guillermo Santell\u00e1n.<\/p>\n<blockquote><p>\u201cSe llev\u00f3 adelante un acto administrativo durante el cual se aprob\u00f3 la asunci\u00f3n de Emilio Luis Canevello en reemplazo del concejal titular Sebasti\u00e1n Matrella por motivo de una licencia solicitada entre los d\u00edas 21 y el 25 de abril, inclusive\u201d se inform\u00f3 al dar a conocer la novedad.<\/p><\/blockquote>\n<p>En la \u00faltima sesi\u00f3n ordinaria <a href=\"https:\/\/cdnoticias.com\/index.php\/2025\/04\/10\/este-jueves-sesiona-el-hcd-con-43-proyectos-en-debate\/\" target=\"_blank\" rel=\"noopener\">qued\u00f3 aprobada la licencia de Matrella<\/a>. <strong>Canevello es el siguiente reemplazante en la lista de candidatos de 2021 de Juntos<\/strong>. Se sumar\u00e1 al <em>bloque de UCR junto a Francisco Gonz\u00e1lez<\/em>.<\/p>\n","protected":false},"excerpt":{"rendered":"<p>Fue este lunes y reemplazar\u00e1 a Sebasti\u00e1n Matrella. Se hizo el acto de jura encabezado por el presidente del Concejo,<\/p>\n","protected":false},"author":4,"featured_media":169634,"comment_status":"closed","ping_status":"closed","sticky":false,"template":"","format":"standard","meta":{"_jetpack_memberships_contains_paid_content":false,"footnotes":""},"categories":[4,1],"tags":[],"class_list":["post-169633","post","type-post","status-publish","format-standard","has-post-thumbnail","hentry","category-politica","category-portada"],"jetpack_featured_media_url":"https:\/\/i0.wp.com\/cdnoticias.com\/wp-content\/uploads\/2025\/04\/HCD-pancho-gonzalez-emilio-canevello-UCR-a.jpg?fit=1000%2C556&ssl=1","jetpack_sharing_enabled":true,"_links":{"self":[{"href":"https:\/\/cdnoticias.com\/index.php\/wp-json\/wp\/v2\/posts\/169633","targetHints":{"allow":["GET"]}}],"collection":[{"href":"https:\/\/cdnoticias.com\/index.php\/wp-json\/wp\/v2\/posts"}],"about":[{"href":"https:\/\/cdnoticias.com\/index.php\/wp-json\/wp\/v2\/types\/post"}],"author":[{"embeddable":true,"href":"https:\/\/cdnoticias.com\/index.php\/wp-json\/wp\/v2\/users\/4"}],"replies":[{"embeddable":true,"href":"https:\/\/cdnoticias.com\/index.php\/wp-json\/wp\/v2\/comments?post=169633"}],"version-history":[{"count":0,"href":"https:\/\/cdnoticias.com\/index.php\/wp-json\/wp\/v2\/posts\/169633\/revisions"}],"wp:featuredmedia":[{"embeddable":true,"href":"https:\/\/cdnoticias.com\/index.php\/wp-json\/wp\/v2\/media\/169634"}],"wp:attachment":[{"href":"https:\/\/cdnoticias.com\/index.php\/wp-json\/wp\/v2\/media?parent=169633"}],"wp:term":[{"taxonomy":"category","embeddable":true,"href":"https:\/\/cdnoticias.com\/index.php\/wp-json\/wp\/v2\/categories?post=169633"},{"taxonomy":"post_tag","embeddable":true,"href":"https:\/\/cdnoticias.com\/index.php\/wp-json\/wp\/v2\/tags?post=169633"}],"curies":[{"name":"wp","href":"https:\/\/api.w.org\/{rel}","templated":true}]}}