{"id":169630,"date":"2025-04-21T13:49:50","date_gmt":"2025-04-21T16:49:50","guid":{"rendered":"https:\/\/cdnoticias.com\/?p=169630"},"modified":"2025-04-21T17:31:38","modified_gmt":"2025-04-21T20:31:38","slug":"acusado-por-desobediencia-por-romper-una-restriccion-de-acercamiento","status":"publish","type":"post","link":"https:\/\/cdnoticias.com\/index.php\/2025\/04\/21\/acusado-por-desobediencia-por-romper-una-restriccion-de-acercamiento\/","title":{"rendered":"Acusado por \u201cdesobediencia\u201d por romper una restricci\u00f3n de acercamiento"},"content":{"rendered":"<p>Un hombre de 32 a\u00f1os fue aprehendido en Avellaneda al 4200 tras la denuncia de su ex pareja.<!--more--><\/p>\n<hr \/>\n<p>Un <strong>hombre de 32 a\u00f1os<\/strong> fue<strong> aprehendido<\/strong> acusado por<strong> \u201cdesobediencia\u201d<\/strong>.<\/p>\n<p>El personal del <strong>Comando de Patrullas<\/strong> fue convocado este domingo a trav\u00e9s del <strong>911<\/strong> a una vivienda de <strong>Avellaneda al 4200<\/strong> donde <strong>una mujer denunci\u00f3 que su ex pareja incumpl\u00eda una restricci\u00f3n de acercamiento<\/strong>.<\/p>\n<blockquote><p>Los efectivos constataron la situaci\u00f3n: hallaron fuera del domicilio a un hombre quien, se confirm\u00f3, que ten\u00eda una \u201cprohibici\u00f3n de acercamiento\u201d en vigencia hacia la denunciante por \u201cprotecci\u00f3n contra la violencia familiar\u201d.<\/p><\/blockquote>\n<p>De esa manera se dispuso la <strong>aprehensi\u00f3n<\/strong> del <strong>acusado, de 32 a\u00f1os<\/strong>, quien fue trasladado a la sede de la <strong>Comisar\u00eda Segunda<\/strong> de nuestra ciudad.<\/p>\n<p>Las actuaciones penales fueron derivadas a la <strong>UFI N\u00ba 10 local<\/strong>.<\/p>\n","protected":false},"excerpt":{"rendered":"<p>Un hombre de 32 a\u00f1os fue aprehendido en Avellaneda al 4200 tras la denuncia de su ex pareja.<\/p>\n","protected":false},"author":4,"featured_media":169631,"comment_status":"closed","ping_status":"closed","sticky":false,"template":"","format":"standard","meta":{"_jetpack_memberships_contains_paid_content":false,"footnotes":""},"categories":[14,1],"tags":[],"class_list":["post-169630","post","type-post","status-publish","format-standard","has-post-thumbnail","hentry","category-policiales","category-portada"],"jetpack_featured_media_url":"https:\/\/i0.wp.com\/cdnoticias.com\/wp-content\/uploads\/2025\/04\/avellaneda-4200-a.jpg?fit=800%2C445&ssl=1","jetpack_sharing_enabled":true,"_links":{"self":[{"href":"https:\/\/cdnoticias.com\/index.php\/wp-json\/wp\/v2\/posts\/169630","targetHints":{"allow":["GET"]}}],"collection":[{"href":"https:\/\/cdnoticias.com\/index.php\/wp-json\/wp\/v2\/posts"}],"about":[{"href":"https:\/\/cdnoticias.com\/index.php\/wp-json\/wp\/v2\/types\/post"}],"author":[{"embeddable":true,"href":"https:\/\/cdnoticias.com\/index.php\/wp-json\/wp\/v2\/users\/4"}],"replies":[{"embeddable":true,"href":"https:\/\/cdnoticias.com\/index.php\/wp-json\/wp\/v2\/comments?post=169630"}],"version-history":[{"count":0,"href":"https:\/\/cdnoticias.com\/index.php\/wp-json\/wp\/v2\/posts\/169630\/revisions"}],"wp:featuredmedia":[{"embeddable":true,"href":"https:\/\/cdnoticias.com\/index.php\/wp-json\/wp\/v2\/media\/169631"}],"wp:attachment":[{"href":"https:\/\/cdnoticias.com\/index.php\/wp-json\/wp\/v2\/media?parent=169630"}],"wp:term":[{"taxonomy":"category","embeddable":true,"href":"https:\/\/cdnoticias.com\/index.php\/wp-json\/wp\/v2\/categories?post=169630"},{"taxonomy":"post_tag","embeddable":true,"href":"https:\/\/cdnoticias.com\/index.php\/wp-json\/wp\/v2\/tags?post=169630"}],"curies":[{"name":"wp","href":"https:\/\/api.w.org\/{rel}","templated":true}]}}