{"id":169619,"date":"2025-04-21T12:26:55","date_gmt":"2025-04-21T15:26:55","guid":{"rendered":"https:\/\/cdnoticias.com\/?p=169619"},"modified":"2025-04-21T12:26:56","modified_gmt":"2025-04-21T15:26:56","slug":"organismos-e-instituciones-expresaron-su-pesar-por-la-muerte-del-papa","status":"publish","type":"post","link":"https:\/\/cdnoticias.com\/index.php\/2025\/04\/21\/organismos-e-instituciones-expresaron-su-pesar-por-la-muerte-del-papa\/","title":{"rendered":"Organismos e instituciones expresaron su pesar por la muerte del papa"},"content":{"rendered":"<p>Las manifestaciones del Concejo Deliberante de Olavarr\u00eda, del bloque Por M\u00e1s Libertad y de AOMA.<!--more--><\/p>\n<hr \/>\n<p>Los comunicados:<\/p>\n<h4>HCD de Olavarr\u00eda<\/h4>\n<p><em>El Honorable Concejo Deliberante de Olavarr\u00eda expresa su profundo pesar ante el fallecimiento de Su Santidad el Papa Francisco, ocurrido este lunes 21 de abril, luego de haber dado su \u00faltima bendici\u00f3n el d\u00eda de Pascua desde el balc\u00f3n central de la Bas\u00edlica de San Pedro.<\/em><\/p>\n<p><em>Primer pont\u00edfice de origen argentino y latinoamericano, Francisco marc\u00f3 una etapa trascendental en la historia de la Iglesia Cat\u00f3lica, caracterizada por una constante preocupaci\u00f3n por los sectores marginados, el amor universal y el di\u00e1logo interreligioso.<\/em><\/p>\n<p><em>Desde el cuerpo legislativo local acompa\u00f1amos en el dolor a los fieles cat\u00f3licos de Olavarr\u00eda y distinguimos su legado de paz, compromiso y humanidad.<\/em><\/p>\n<h3>Bloque Por M\u00e1s Libertad<\/h3>\n<p><em>Desde el Bloque de concejales Por M\u00e1s Libertad expresamos nuestro profundo pesar por el fallecimiento de Su Santidad el Papa Francisco, l\u00edder espiritual de millones de cat\u00f3licos en todo el mundo.<\/em><\/p>\n<p><em>Jorge Mario Bergoglio primer pont\u00edfice argentino en la historia de la Iglesia Cat\u00f3lica, dej\u00f3 una profunda huella en la sociedad contempor\u00e1nea por su permanente mensaje de humildad y su cercan\u00eda con los m\u00e1s necesitados.<\/em><\/p>\n<p><em>Acompa\u00f1amos en este momento de dolor al pueblo argentino y a toda la comunidad cat\u00f3lica, elevando una oraci\u00f3n en su memoria.<\/em><\/p>\n<h3>AOMA<\/h3>\n<p><em>Desde AOMA lamentamos el fallecimiento del Papa Francisco, y lo recordaremos siempre como un defensor de las y los trabajadores.<\/em><\/p>\n<p><img data-recalc-dims=\"1\" loading=\"lazy\" decoding=\"async\" class=\"aligncenter wp-image-169621\" src=\"https:\/\/i0.wp.com\/cdnoticias.com\/wp-content\/uploads\/2025\/04\/papa-francisco-4-AOMA.jpeg?resize=500%2C500&#038;ssl=1\" alt=\"\" width=\"500\" height=\"500\" srcset=\"https:\/\/i0.wp.com\/cdnoticias.com\/wp-content\/uploads\/2025\/04\/papa-francisco-4-AOMA.jpeg?w=800&amp;ssl=1 800w, https:\/\/i0.wp.com\/cdnoticias.com\/wp-content\/uploads\/2025\/04\/papa-francisco-4-AOMA.jpeg?resize=300%2C300&amp;ssl=1 300w, https:\/\/i0.wp.com\/cdnoticias.com\/wp-content\/uploads\/2025\/04\/papa-francisco-4-AOMA.jpeg?resize=150%2C150&amp;ssl=1 150w, https:\/\/i0.wp.com\/cdnoticias.com\/wp-content\/uploads\/2025\/04\/papa-francisco-4-AOMA.jpeg?resize=768%2C768&amp;ssl=1 768w\" sizes=\"auto, (max-width: 500px) 100vw, 500px\" \/><\/p>\n\n\n<p><\/p>\n\n\n<blockquote class=\"wp-embedded-content\" data-secret=\"okdTggI7P4\"><a href=\"https:\/\/cdnoticias.com\/index.php\/2025\/04\/21\/el-gobierno-decretara-siete-dias-de-duelo-nacional-por-la-muerte-del-papa-francisco\/\">El Gobierno decretar\u00e1 siete d\u00edas de duelo nacional por la muerte del papa Francisco<\/a><\/blockquote><iframe loading=\"lazy\" class=\"wp-embedded-content\" sandbox=\"allow-scripts\" security=\"restricted\" style=\"position: absolute; visibility: hidden;\" title=\"&#8220;El Gobierno decretar\u00e1 siete d\u00edas de duelo nacional por la muerte del papa Francisco&#8221; &#8212; Central de Noticias | Olavarr\u00eda\" src=\"https:\/\/cdnoticias.com\/index.php\/2025\/04\/21\/el-gobierno-decretara-siete-dias-de-duelo-nacional-por-la-muerte-del-papa-francisco\/embed\/#?secret=pgoVpCVDZ0#?secret=okdTggI7P4\" data-secret=\"okdTggI7P4\" width=\"600\" height=\"338\" frameborder=\"0\" marginwidth=\"0\" marginheight=\"0\" scrolling=\"no\"><\/iframe>\n","protected":false},"excerpt":{"rendered":"<p>Las manifestaciones del Concejo Deliberante de Olavarr\u00eda, del bloque Por M\u00e1s Libertad y de AOMA.<\/p>\n","protected":false},"author":4,"featured_media":169620,"comment_status":"closed","ping_status":"closed","sticky":false,"template":"","format":"standard","meta":{"_jetpack_memberships_contains_paid_content":false,"footnotes":""},"categories":[4,1],"tags":[],"class_list":["post-169619","post","type-post","status-publish","format-standard","has-post-thumbnail","hentry","category-politica","category-portada"],"jetpack_featured_media_url":"https:\/\/i0.wp.com\/cdnoticias.com\/wp-content\/uploads\/2025\/04\/papa-francisco-3.jpeg?fit=800%2C450&ssl=1","jetpack_sharing_enabled":true,"_links":{"self":[{"href":"https:\/\/cdnoticias.com\/index.php\/wp-json\/wp\/v2\/posts\/169619","targetHints":{"allow":["GET"]}}],"collection":[{"href":"https:\/\/cdnoticias.com\/index.php\/wp-json\/wp\/v2\/posts"}],"about":[{"href":"https:\/\/cdnoticias.com\/index.php\/wp-json\/wp\/v2\/types\/post"}],"author":[{"embeddable":true,"href":"https:\/\/cdnoticias.com\/index.php\/wp-json\/wp\/v2\/users\/4"}],"replies":[{"embeddable":true,"href":"https:\/\/cdnoticias.com\/index.php\/wp-json\/wp\/v2\/comments?post=169619"}],"version-history":[{"count":0,"href":"https:\/\/cdnoticias.com\/index.php\/wp-json\/wp\/v2\/posts\/169619\/revisions"}],"wp:featuredmedia":[{"embeddable":true,"href":"https:\/\/cdnoticias.com\/index.php\/wp-json\/wp\/v2\/media\/169620"}],"wp:attachment":[{"href":"https:\/\/cdnoticias.com\/index.php\/wp-json\/wp\/v2\/media?parent=169619"}],"wp:term":[{"taxonomy":"category","embeddable":true,"href":"https:\/\/cdnoticias.com\/index.php\/wp-json\/wp\/v2\/categories?post=169619"},{"taxonomy":"post_tag","embeddable":true,"href":"https:\/\/cdnoticias.com\/index.php\/wp-json\/wp\/v2\/tags?post=169619"}],"curies":[{"name":"wp","href":"https:\/\/api.w.org\/{rel}","templated":true}]}}