{"id":169594,"date":"2025-04-24T17:06:47","date_gmt":"2025-04-24T20:06:47","guid":{"rendered":"https:\/\/cdnoticias.com\/?p=169594"},"modified":"2025-04-24T17:06:49","modified_gmt":"2025-04-24T20:06:49","slug":"nueva-edicion-de-la-campana-de-basura-electronica","status":"publish","type":"post","link":"https:\/\/cdnoticias.com\/index.php\/2025\/04\/24\/nueva-edicion-de-la-campana-de-basura-electronica\/","title":{"rendered":"Nueva edici\u00f3n de la Campa\u00f1a de Basura Electr\u00f3nica"},"content":{"rendered":"<p>Se realizar\u00e1 el 29 de abril, en Parque Avellaneda, de 10 a 13 horas o hasta agotar la capacidad de stock. En caso de mal tiempo, la jornada ser\u00e1 reprogramada.<!--more--><\/p>\n<hr \/>\n<p>El Municipio de Olavarr\u00eda, a trav\u00e9s de la Coordinaci\u00f3n de Ambiente de la Secretar\u00eda de Desarrollo Econ\u00f3mico y Productivo, recuerda que <strong>el d\u00eda martes 29 de abril se llevar\u00e1 cabo la segunda edici\u00f3n de la Campa\u00f1a de Recolecci\u00f3n de RAEEs<\/strong> (Residuos de Aparatos El\u00e9ctricos y Electr\u00f3nicos).<\/p>\n<blockquote><p>La jornada se desarrollar\u00e1 en el Parque Avellaneda, emplazado en Av. Avellaneda y Santa Cruz, frente al barrio CECO, y se iniciar\u00e1 a las 10 horas y se extender\u00e1 hasta las 13 horas o hasta agotar la capacidad de stock disponible. Cabe mencionar que en caso de condiciones clim\u00e1ticas adversas la actividad quedar\u00e1 suspendida.<\/p><\/blockquote>\n<p>Los <strong>residuos que se recibir\u00e1n<\/strong> son: <em>computadoras, impresoras, monitores, celulares, televisores, centrales telef\u00f3nicas, routers, electrodom\u00e9sticos peque\u00f1os, radios, videoc\u00e1maras, relojes y videojuegos. <\/em><strong>No se recibir\u00e1n:<\/strong><em> heladeras, lavarropas, cocinas, lavavajillas, t\u00f3ner, bater\u00edas, pilas y l\u00e1mparas<\/em>.<\/p>\n<p>Esta campa\u00f1a se lleva adelante dentro del <strong>Programa DRTD (Disposici\u00f3n y Reutilizaci\u00f3n de Tecnolog\u00edas en Desuso)<\/strong> del Ministerio de Justicia de la Provincia. El mismo tiene como objetivo el reciclado de aquellos aparatos o equipos electr\u00f3nicos de consumo que est\u00e1n da\u00f1ados o ya no son utilizados para mitigar de esta manera los da\u00f1os que producen estos residuos al ambiente.<\/p>\n<p>Para m\u00e1s informaci\u00f3n, comunicarse con la <strong>Coordinaci\u00f3n de Ambiente al tel\u00e9fono 422135\/95<\/strong>.<\/p>\n","protected":false},"excerpt":{"rendered":"<p>Se realizar\u00e1 el 29 de abril, en Parque Avellaneda, de 10 a 13 horas o hasta agotar la capacidad de<\/p>\n","protected":false},"author":4,"featured_media":70009,"comment_status":"closed","ping_status":"closed","sticky":false,"template":"","format":"standard","meta":{"_jetpack_memberships_contains_paid_content":false,"footnotes":""},"categories":[5,1],"tags":[],"class_list":["post-169594","post","type-post","status-publish","format-standard","has-post-thumbnail","hentry","category-informacion-general","category-portada"],"jetpack_featured_media_url":"https:\/\/i0.wp.com\/cdnoticias.com\/wp-content\/uploads\/2022\/11\/DE-Campana-Basura-Electronica-1024x682-1.jpg?fit=1024%2C682&ssl=1","jetpack_sharing_enabled":true,"_links":{"self":[{"href":"https:\/\/cdnoticias.com\/index.php\/wp-json\/wp\/v2\/posts\/169594","targetHints":{"allow":["GET"]}}],"collection":[{"href":"https:\/\/cdnoticias.com\/index.php\/wp-json\/wp\/v2\/posts"}],"about":[{"href":"https:\/\/cdnoticias.com\/index.php\/wp-json\/wp\/v2\/types\/post"}],"author":[{"embeddable":true,"href":"https:\/\/cdnoticias.com\/index.php\/wp-json\/wp\/v2\/users\/4"}],"replies":[{"embeddable":true,"href":"https:\/\/cdnoticias.com\/index.php\/wp-json\/wp\/v2\/comments?post=169594"}],"version-history":[{"count":0,"href":"https:\/\/cdnoticias.com\/index.php\/wp-json\/wp\/v2\/posts\/169594\/revisions"}],"wp:featuredmedia":[{"embeddable":true,"href":"https:\/\/cdnoticias.com\/index.php\/wp-json\/wp\/v2\/media\/70009"}],"wp:attachment":[{"href":"https:\/\/cdnoticias.com\/index.php\/wp-json\/wp\/v2\/media?parent=169594"}],"wp:term":[{"taxonomy":"category","embeddable":true,"href":"https:\/\/cdnoticias.com\/index.php\/wp-json\/wp\/v2\/categories?post=169594"},{"taxonomy":"post_tag","embeddable":true,"href":"https:\/\/cdnoticias.com\/index.php\/wp-json\/wp\/v2\/tags?post=169594"}],"curies":[{"name":"wp","href":"https:\/\/api.w.org\/{rel}","templated":true}]}}