{"id":169591,"date":"2025-04-21T10:50:41","date_gmt":"2025-04-21T13:50:41","guid":{"rendered":"https:\/\/cdnoticias.com\/?p=169591"},"modified":"2025-04-21T13:13:16","modified_gmt":"2025-04-21T16:13:16","slug":"el-gobierno-decretara-siete-dias-de-duelo-nacional-por-la-muerte-del-papa-francisco","status":"publish","type":"post","link":"https:\/\/cdnoticias.com\/index.php\/2025\/04\/21\/el-gobierno-decretara-siete-dias-de-duelo-nacional-por-la-muerte-del-papa-francisco\/","title":{"rendered":"El Gobierno decretar\u00e1 siete d\u00edas de duelo nacional por la muerte del papa Francisco"},"content":{"rendered":"<p>Lo confirm\u00f3 el vocero Manuel Adorni. La decisi\u00f3n oficial ser\u00e1 publicada en las pr\u00f3ximas horas en el Bolet\u00edn Oficial. Francisco, revoluci\u00f3n de la Iglesia Cat\u00f3lica.<!--more--><\/p>\n<hr \/>\n<p>El <strong>presidente Javier Milei decretar\u00e1 siete d\u00edas de duelo nacional<\/strong> por la <strong>muerte del papa Francisco, Jorge Bergoglio<\/strong>, <a href=\"https:\/\/cdnoticias.com\/index.php\/2025\/04\/21\/murio-el-papa-francisco\/\" target=\"_blank\" rel=\"noopener\">ocurrida este lunes en Roma<\/a>.<\/p>\n<blockquote><p>Seg\u00fan supo Noticias Argentinas, el vocero presidencial Manuel Adorni fue el encargado de anunciar la medida a trav\u00e9s de su cuenta en una red social. Expres\u00f3 que \u201cfalleci\u00f3 el Papa Francisco, Jorge Bergoglio. L\u00edder espiritual y gu\u00eda de millones de hombres y mujeres. El Presidente de la Naci\u00f3n decretar\u00e1 siete d\u00edas de duelo por el fallecimiento del Santo Padre. Q.E.P.D.\u201d<\/p><\/blockquote>\n<p>La decisi\u00f3n oficial <strong>ser\u00e1 publicada en las pr\u00f3ximas horas en el Bolet\u00edn Oficial.<\/strong> Se espera tambi\u00e9n <strong>una declaraci\u00f3n institucional del presidente Milei<\/strong>, quien hab\u00eda mantenido una relaci\u00f3n distante con el pont\u00edfice, aunque en los \u00faltimos meses se hab\u00edan producido se\u00f1ales de acercamiento. En tanto, <strong>a primera hora se hab\u00eda emitido un comunicado desde la Oficina del Presidente<\/strong> para manifestar el lamento por la muerte del \u201cprimer argentino en llegar a liderar la Iglesia Cat\u00f3lica y conducirla con entrega y amor desde el Vaticano\u201d.<\/p>\n<h3>Francisco, revoluci\u00f3n de la Iglesia Cat\u00f3lica<\/h3>\n<p>El <strong>papa Francisco lleg\u00f3 el 13 de marzo de 2013, hace ya doce a\u00f1os<\/strong>, y su irrupci\u00f3n en la escena mundial qued\u00f3 marcada por un simple pero poderoso \u201cbuenas noches\u201d. Ese saludo inaugural, cargado de una humildad desarmante, ya anticipaba un cambio profundo y revolucionario.<\/p>\n<p>Desde aquel d\u00eda, Jorge Mario Bergoglio asumi\u00f3 la conducci\u00f3n de la Iglesia y emprendi\u00f3<strong> un camino valiente, abriendo las puertas a \u201ctodos, a todos, a todos\u201d<\/strong>, sin preocuparse demasiado por ese sector del catolicismo reticente a las transformaciones. Lo hizo luego del impacto que provoc\u00f3 la hist\u00f3rica renuncia de Benedicto XVI, pero fue capaz de mirar hacia adelante con una decisi\u00f3n que pocos imaginaban posible, recuerda la agencia ANSA.<\/p>\n<p>Nacido en Buenos Aires el <strong>17 de diciembre de 1936,<\/strong> hijo de inmigrantes piamonteses, Mario, su padre, trabajaba como contador en los ferrocarriles, mientras que su madre, Regina Sivori, se dedicaba a la crianza y educaci\u00f3n de sus cinco hijos. Tras graduarse como t\u00e9cnico qu\u00edmico, opt\u00f3 por el sacerdocio e ingres\u00f3 al seminario.<\/p>\n<p>En <strong>1958 inici\u00f3 el noviciado en la Compa\u00f1\u00eda de Jes\u00fas<\/strong>, lo que marc\u00f3 el comienzo de una extensa trayectoria de servicio en la Iglesia. Con el tiempo, lleg\u00f3 a ser cardenal arzobispo de Buenos Aires y, desde 2013, <strong>el Papa n\u00famero 266<\/strong> de la Iglesia Cat\u00f3lica.<\/p>\n<blockquote><p>Su pontificado se distingui\u00f3 por abrir las puertas a los divorciados, a los homosexuales, y por reivindicar el rol de la mujer en la Iglesia, otorg\u00e1ndole un lugar que durante siglos estuvo reservado solo a los cardenales. A eso se sum\u00f3 su impulso a una Iglesia \u201cen salida\u201d, comprometida con los m\u00e1s vulnerables: los migrantes, que ocuparon un lugar prioritario en su mensaje, y los pobres. Inspirado en ellos eligi\u00f3 un nombre in\u00e9dito entre los Papas: Francisco, como el santo de As\u00eds, otro revolucionario en su \u00e9poca, sintetiza la agencia ANSA.<\/p><\/blockquote>\n<p>Fue<strong> el primer Papa en llevar ese nombre<\/strong>, pero tambi\u00e9n <strong>el primero jesuita, el primero americano y el primero no europeo<\/strong> en m\u00e1s de mil doscientos a\u00f1os. Llev\u00f3 hasta Roma la experiencia de u<strong>na Iglesia comprometida con los m\u00e1s olvidados<\/strong> de las villas y barrios postergados de Buenos Aires. Las \u201cperiferias\u201d, tanto geogr\u00e1ficas como existenciales, definieron el tono de su pontificado.<\/p>\n<p>Rechaz\u00f3 instalarse en el Palacio Apost\u00f3lico y eligi\u00f3<strong> vivir en la Casa Santa Marta<\/strong>. Renunci\u00f3 a la pompa lit\u00fargica, desafi\u00f3 tradiciones arraigadas y <strong>design\u00f3 como cardenales a pastores que trabajaban en los lugares m\u00e1s rec\u00f3nditos<\/strong> del planeta, desde Mongolia hasta Pap\u00faa Nueva Guinea. <em>\u201cLavemos los pies de los presos, de los migrantes, de los transexuales, y hagamos que el espacio vaticano se convierta en un refugio acogedor para tantas personas sin hogar en Roma\u201d<\/em>, propuso.<\/p>\n<blockquote><p>El pueblo fue siempre el motor de su papado, y nunca escatim\u00f3 esfuerzos. Ni siquiera ahora, a sus 88 a\u00f1os, enfrentando los achaques de la edad. Llevaba casi dos meses con una bronquitis que le dificultaba hablar y lo dejaba sin aliento. Sin embargo, sigui\u00f3 adelante y celebr\u00f3 misa en la plaza, aun con fiebre, virus y tos.<\/p><\/blockquote>\n<p>Bergoglio<strong> deja una Iglesia distinta, quiz\u00e1 m\u00e1s fragmentada<\/strong>. Se gan\u00f3 el cari\u00f1o de quienes estaban alejados de la fe o nunca hab\u00edan pisado una iglesia, en contraste con los cat\u00f3licos que se formaron bajo figuras m\u00e1s tradicionales como Juan Pablo II o Benedicto XVI.<\/p>\n<p>\u201cVeo claramente que lo que m\u00e1s necesita la Iglesia hoy (dijo en 2013 en su primera entrevista) es <strong>la capacidad de sanar las heridas y reconfortar los corazones de los fieles, cercan\u00eda, proximidad. Veo a la Iglesia como un hospital de campa\u00f1a<\/strong> despu\u00e9s de una batalla. \u00a1Es in\u00fatil preguntarle a un herido grave si tiene el colesterol y el az\u00facar altos! Hay que sanar sus heridas. Luego podemos hablar de todo lo dem\u00e1s. Sanar las heridas, sanar las heridas\u2026 Y debemos empezar desde abajo\u201d, completa su semblanza ANSA.<\/p>\n<p>Fuentes: <em>Noticias Argentinas y DIB<\/em><\/p>\n","protected":false},"excerpt":{"rendered":"<p>Lo confirm\u00f3 el vocero Manuel Adorni. La decisi\u00f3n oficial ser\u00e1 publicada en las pr\u00f3ximas horas en el Bolet\u00edn Oficial. Francisco,<\/p>\n","protected":false},"author":4,"featured_media":169592,"comment_status":"closed","ping_status":"closed","sticky":false,"template":"","format":"standard","meta":{"_jetpack_memberships_contains_paid_content":false,"footnotes":""},"categories":[6,1],"tags":[],"class_list":["post-169591","post","type-post","status-publish","format-standard","has-post-thumbnail","hentry","category-nacionales","category-portada"],"jetpack_featured_media_url":"https:\/\/i0.wp.com\/cdnoticias.com\/wp-content\/uploads\/2025\/04\/papa-francisco-2.jpg?fit=1000%2C667&ssl=1","jetpack_sharing_enabled":true,"_links":{"self":[{"href":"https:\/\/cdnoticias.com\/index.php\/wp-json\/wp\/v2\/posts\/169591","targetHints":{"allow":["GET"]}}],"collection":[{"href":"https:\/\/cdnoticias.com\/index.php\/wp-json\/wp\/v2\/posts"}],"about":[{"href":"https:\/\/cdnoticias.com\/index.php\/wp-json\/wp\/v2\/types\/post"}],"author":[{"embeddable":true,"href":"https:\/\/cdnoticias.com\/index.php\/wp-json\/wp\/v2\/users\/4"}],"replies":[{"embeddable":true,"href":"https:\/\/cdnoticias.com\/index.php\/wp-json\/wp\/v2\/comments?post=169591"}],"version-history":[{"count":0,"href":"https:\/\/cdnoticias.com\/index.php\/wp-json\/wp\/v2\/posts\/169591\/revisions"}],"wp:featuredmedia":[{"embeddable":true,"href":"https:\/\/cdnoticias.com\/index.php\/wp-json\/wp\/v2\/media\/169592"}],"wp:attachment":[{"href":"https:\/\/cdnoticias.com\/index.php\/wp-json\/wp\/v2\/media?parent=169591"}],"wp:term":[{"taxonomy":"category","embeddable":true,"href":"https:\/\/cdnoticias.com\/index.php\/wp-json\/wp\/v2\/categories?post=169591"},{"taxonomy":"post_tag","embeddable":true,"href":"https:\/\/cdnoticias.com\/index.php\/wp-json\/wp\/v2\/tags?post=169591"}],"curies":[{"name":"wp","href":"https:\/\/api.w.org\/{rel}","templated":true}]}}