{"id":169578,"date":"2025-04-21T08:02:29","date_gmt":"2025-04-21T11:02:29","guid":{"rendered":"https:\/\/cdnoticias.com\/?p=169578"},"modified":"2025-04-21T11:53:45","modified_gmt":"2025-04-21T14:53:45","slug":"murio-el-papa-francisco","status":"publish","type":"post","link":"https:\/\/cdnoticias.com\/index.php\/2025\/04\/21\/murio-el-papa-francisco\/","title":{"rendered":"Muri\u00f3 el papa Francisco"},"content":{"rendered":"<p>Jorge Bergoglio, a los 88 a\u00f1os, falleci\u00f3 este 21 de abril. Atravesaba un delicado estado de salud.<!--more--><\/p>\n<hr \/>\n<p><strong>El papa Francisco muri\u00f3 este lunes<\/strong> en su residencia de la Casa Santa Marta, seg\u00fan <strong>anunci\u00f3 el Vaticano a trav\u00e9s de un videomensaje<\/strong> difundido por el cardenal Kevin Joseph Farrel. El pont\u00edfice argentino <strong>ten\u00eda 88 a\u00f1os y atravesaba un delicado estado de salud<\/strong> que lo mantuvo internado en varias ocasiones.<\/p>\n<blockquote><p>\u201cCon profundo dolor tengo que anunciar que el papa Francisco ha muerto a las 7.35 (hora local) de hoy, el obispo de Roma ha vuelto a la casa del padre, su vida entera ha estado dedicada al servicio del Se\u00f1or y de su Iglesia y nos ha ense\u00f1ado el valor del evangelio con fidelidad, valor y amor universal y en manera particular a favor de los m\u00e1s pobres y marginados\u201d, expres\u00f3 Farrel, y agreg\u00f3: \u201cCon inmensa gratitud por su ejemplo como disc\u00edpulo del Se\u00f1or Jes\u00fas recomendamos el alma del papa Francisco al infinito amor misericordioso de Dios Uno e trino\u201d.<\/p><\/blockquote>\n<p><iframe loading=\"lazy\" title=\"YouTube video player\" src=\"https:\/\/www.youtube.com\/embed\/JqXhsZS-el0?si=DadxV6Q1PY9Qr2wF\" width=\"560\" height=\"315\" frameborder=\"0\" allowfullscreen=\"allowfullscreen\"><\/iframe><\/p>\n<p>En el video, grabado en la capilla de la Casa Santa Marta, tambi\u00e9n se puede ver al<strong> secretario de Estado, cardenal Pietro Parolin, y al sustituto de la Secretar\u00eda de Estado, el venezolano Edgar Pe\u00f1a Parra.<\/strong><\/p>\n<p>Esta ma\u00f1ana, <strong>la Oficina del Presidente de la Rep\u00fablica Argentina lament\u00f3 el fallecimiento de Francisco<\/strong>, <em>\u201cel primer argentino en llegar a liderar la Iglesia Cat\u00f3lica y conducirla con entrega y amor desde el Vaticano\u201d<\/em>.<\/p>\n<blockquote class=\"twitter-tweet\">\n<p dir=\"ltr\" lang=\"zxx\"><a href=\"https:\/\/t.co\/l2MMiKtIjI\">pic.twitter.com\/l2MMiKtIjI<\/a><\/p>\n<p>\u2014 Oficina del Presidente (@OPRArgentina) <a href=\"https:\/\/twitter.com\/OPRArgentina\/status\/1914251491952513485?ref_src=twsrc%5Etfw\">April 21, 2025<\/a><\/p><\/blockquote>\n<p><script async src=\"https:\/\/platform.twitter.com\/widgets.js\" charset=\"utf-8\"><\/script><\/p>\n<p>M\u00e1s adelante en el comunicado, <strong>\u201cel Presidente de la Naci\u00f3n acompa\u00f1a en este triste momento a todos aquellos que profesan la fe cat\u00f3lica<\/strong> y que encontraron en el Sumo Pont\u00edfice un l\u00edder espiritual\u201d. Y concluye: <strong>\u201cEl presidente Javier Milei destaca la incansable lucha del Papado de Francisco<\/strong> para proteger la vida desde la concepci\u00f3n, promover el di\u00e1logo interreligioso y acercar la vida espiritual y virtuosa a los m\u00e1s j\u00f3venes. Adem\u00e1s, pone en valor su voluntad de llevar austeridad a la Santa Sede con sus gestos pastorales\u201d.<\/p>\n<p>Fuente: <em>Agencia DIB<\/em><\/p>\n","protected":false},"excerpt":{"rendered":"<p>Jorge Bergoglio, a los 88 a\u00f1os, falleci\u00f3 este 21 de abril. Atravesaba un delicado estado de salud.<\/p>\n","protected":false},"author":4,"featured_media":169579,"comment_status":"closed","ping_status":"closed","sticky":false,"template":"","format":"standard","meta":{"_jetpack_memberships_contains_paid_content":false,"footnotes":""},"categories":[6,1],"tags":[],"class_list":["post-169578","post","type-post","status-publish","format-standard","has-post-thumbnail","hentry","category-nacionales","category-portada"],"jetpack_featured_media_url":"https:\/\/i0.wp.com\/cdnoticias.com\/wp-content\/uploads\/2025\/04\/papa-francisco.jpg?fit=1000%2C667&ssl=1","jetpack_sharing_enabled":true,"_links":{"self":[{"href":"https:\/\/cdnoticias.com\/index.php\/wp-json\/wp\/v2\/posts\/169578","targetHints":{"allow":["GET"]}}],"collection":[{"href":"https:\/\/cdnoticias.com\/index.php\/wp-json\/wp\/v2\/posts"}],"about":[{"href":"https:\/\/cdnoticias.com\/index.php\/wp-json\/wp\/v2\/types\/post"}],"author":[{"embeddable":true,"href":"https:\/\/cdnoticias.com\/index.php\/wp-json\/wp\/v2\/users\/4"}],"replies":[{"embeddable":true,"href":"https:\/\/cdnoticias.com\/index.php\/wp-json\/wp\/v2\/comments?post=169578"}],"version-history":[{"count":0,"href":"https:\/\/cdnoticias.com\/index.php\/wp-json\/wp\/v2\/posts\/169578\/revisions"}],"wp:featuredmedia":[{"embeddable":true,"href":"https:\/\/cdnoticias.com\/index.php\/wp-json\/wp\/v2\/media\/169579"}],"wp:attachment":[{"href":"https:\/\/cdnoticias.com\/index.php\/wp-json\/wp\/v2\/media?parent=169578"}],"wp:term":[{"taxonomy":"category","embeddable":true,"href":"https:\/\/cdnoticias.com\/index.php\/wp-json\/wp\/v2\/categories?post=169578"},{"taxonomy":"post_tag","embeddable":true,"href":"https:\/\/cdnoticias.com\/index.php\/wp-json\/wp\/v2\/tags?post=169578"}],"curies":[{"name":"wp","href":"https:\/\/api.w.org\/{rel}","templated":true}]}}