{"id":169574,"date":"2025-04-20T20:16:39","date_gmt":"2025-04-20T23:16:39","guid":{"rendered":"https:\/\/cdnoticias.com\/?p=169574"},"modified":"2025-04-20T20:16:41","modified_gmt":"2025-04-20T23:16:41","slug":"semana-santa-se-movilizaron-27-millones-de-personas-en-todo-el-pais-segun-came","status":"publish","type":"post","link":"https:\/\/cdnoticias.com\/index.php\/2025\/04\/20\/semana-santa-se-movilizaron-27-millones-de-personas-en-todo-el-pais-segun-came\/","title":{"rendered":"Semana Santa: se movilizaron 2,7 millones de personas en todo el pa\u00eds, seg\u00fan CAME"},"content":{"rendered":"<p>El gasto se estim\u00f3 en $733 mil millones. Comparados con 2024, los resultaron fueron inferiores, aunque el a\u00f1o pasado Semana Santa fue antes y tuvo seis d\u00edas.<!--more--><\/p>\n<hr \/>\n<p>Durante los <strong>cuatro d\u00edas del fin de semana largo de Semana Santa se movilizaron 2,7 millones de personas<\/strong>, generando un <strong>impacto econ\u00f3mico de $ 733.128 millones<\/strong>. En promedio, cada persona desembols\u00f3 $ 87.590 diarios y tuvo una estad\u00eda media de 3,1 d\u00edas, dejando un consumo de $ 271.529 por visitante durante el fin de semana, seg\u00fan el <strong>relevamiento elaborado por la<\/strong> <strong>Confederaci\u00f3n Argentina de la Mediana Empresa (CAME)<\/strong>.<\/p>\n<p><strong>El dispendio por jornada fue muy variable entre destinos<\/strong>. Mientras que un turista que viaj\u00f3 a<strong> Tierra del Fuego<\/strong> gast\u00f3 $ 320 mil diarios, quien eligi\u00f3 a <strong>Tucum\u00e1n<\/strong> desembols\u00f3 $ 72.000 o $ 75.000 si fue a <strong>Mendoza<\/strong>.<\/p>\n<p><strong>Comparados con 2024 los resultaron fueron inferiores<\/strong>, porque la Semana Santa del a\u00f1o pasado tuvo seis d\u00edas, ya que se sum\u00f3 el D\u00eda del Veterano y de los Ca\u00eddos en la Guerra de Malvinas y un feriado puente. As\u00ed, <strong>la cantidad de turistas este a\u00f1o baj\u00f3 16% y el impacto econ\u00f3mico result\u00f3 menor<\/strong>. En cambio, frente a Semana Santa 2023, dice CAME, <strong>este a\u00f1o viaj\u00f3 1,9% m\u00e1s de turistas, aunque la estad\u00eda promedio se redujo 9%<\/strong>. A pesar de ello, el impacto econ\u00f3mico, medido a precios constantes, fue 14,9% superior. Es decir, <strong>los visitantes permanecieron menos tiempo en los destinos que en 2023, pero gastaron m\u00e1s<\/strong> ($ 10.650 en 2023 contra $ 87.590 en este fin de semana).<\/p>\n<p><img data-recalc-dims=\"1\" loading=\"lazy\" decoding=\"async\" class=\"size-full wp-image-169575 aligncenter\" src=\"https:\/\/i0.wp.com\/cdnoticias.com\/wp-content\/uploads\/2025\/04\/CAME-semana-santa-2025.jpg?resize=650%2C554&#038;ssl=1\" alt=\"\" width=\"650\" height=\"554\" srcset=\"https:\/\/i0.wp.com\/cdnoticias.com\/wp-content\/uploads\/2025\/04\/CAME-semana-santa-2025.jpg?w=650&amp;ssl=1 650w, https:\/\/i0.wp.com\/cdnoticias.com\/wp-content\/uploads\/2025\/04\/CAME-semana-santa-2025.jpg?resize=300%2C256&amp;ssl=1 300w\" sizes=\"auto, (max-width: 650px) 100vw, 650px\" \/><\/p>\n<p>Adem\u00e1s, <strong>muchos argentinos viajaron a pa\u00edses vecinos<\/strong>, principalmente Chile y Uruguay, y en menor medida Brasil y Paraguay. Hacia la Cordillera se registraron filas de hasta 5 kil\u00f3metros y demoras de hasta cuatro horas para cruzar desde Mendoza por el Paso Internacional Cristo Redentor. Algo similar se vivi\u00f3 en el Litoral: para cruzar hacia Paysand\u00fa, el jueves hubo hasta 2 kil\u00f3metros de colas.<\/p>\n<p><strong>Aerol\u00edneas Argentinas transport\u00f3 210.000 pasajeros<\/strong> durante el fin de semana, con una ocupaci\u00f3n promedio de 80% en sus vuelos. En tanto, en los viajes en \u00f3mnibus hubo ocupaci\u00f3n plena en la mayor\u00eda de los servicios del mi\u00e9rcoles 16.<\/p>\n<p>En lo que va del a\u00f1o, van dos fines de semana largos, en los que viajaron 5.507.990 turistas y gastaron $1.434.192 millones ($ 1,4 billones o US$ 1.261 millones).<\/p>\n<h4><span lang=\"ES-TRAD\">En la <\/span><span lang=\"ES-TRAD\">Provincia de Buenos Aires<\/span><\/h4>\n<p><span lang=\"ES-TRAD\">CAME inform\u00f3 que aunque el tipo de cambio afect\u00f3 la llegada de turistas internacionales, <strong>se vivi\u00f3 una intensa actividad, con Mar del Plata destac\u00e1ndose como uno de los polos m\u00e1s concurridos<\/strong>. La ciudad alcanz\u00f3 una ocupaci\u00f3n hotelera de 70%, en l\u00ednea con las expectativas iniciales. A pesar del tiempo fresco, los turistas acudieron a las playas, con caminatas, deportes y algunas actividades al aire libre. Adem\u00e1s, la oferta cultural fue variada, con obras teatrales exitosas, conciertos y actividades gratuita. <\/span><\/p>\n<p><span lang=\"ES-TRAD\">En tanto, en la costa atl\u00e1ntica, destinos como <strong>Mar de las Pampas, Pinamar y Caril\u00f3<\/strong> tuvieron su p\u00fablico habitu\u00e9, con niveles de alojamiento de entre 70% y 80%, y en el caso de Pinamar, la competencia de golf Pino de Oro atrajo mucho p\u00fablico. <\/span><\/p>\n<p><span lang=\"ES-TRAD\">Por otro lado, <strong>Tandil<\/strong>, un destino muy vinculado al turismo religioso, tambi\u00e9n vivi\u00f3 una Semana Santa con buena demanda. Con su famoso Monte Calvario, donde miles de personas se congregan cada a\u00f1o, el circuito de caba\u00f1as fue uno de los m\u00e1s solicitados, compitiendo con la hoteler\u00eda en cuanto a ocupaci\u00f3n. <\/span><\/p>\n<p><span lang=\"ES-TRAD\">Otro sector que mostr\u00f3 un crecimiento fue el del<strong> turismo termal<\/strong>, con complejos como el Resort Spa Termal Dolores alcanzando un hospedaje de 75%. En paralelo, localidades como <strong>Chascom\u00fas<\/strong> tambi\u00e9n vivieron un notable aumento, con una ocupaci\u00f3n de 70% y encuentros como la Fiesta de la Empanada Campera y visitas guiadas dramatizadas en la Casa de Casco, atrayendo a muchos viajeros. <\/span><\/p>\n<p><span lang=\"ES-TRAD\">Por su parte, <strong>en la capital provincial<\/strong>, el Festival &#8220;La Plata Baila el Tango&#8221; se destac\u00f3 como uno de los principales atractivos, con 1500 personas presentes en la \u201cmilonga m\u00e1s grande del mundo\u201d.<\/span><\/p>\n<p>Fuente: <em>Agencia DIB<\/em><\/p>\n","protected":false},"excerpt":{"rendered":"<p>El gasto se estim\u00f3 en $733 mil millones. Comparados con 2024, los resultaron fueron inferiores, aunque el a\u00f1o pasado Semana<\/p>\n","protected":false},"author":4,"featured_media":169576,"comment_status":"closed","ping_status":"closed","sticky":false,"template":"","format":"standard","meta":{"_jetpack_memberships_contains_paid_content":false,"footnotes":""},"categories":[6,1],"tags":[],"class_list":["post-169574","post","type-post","status-publish","format-standard","has-post-thumbnail","hentry","category-nacionales","category-portada"],"jetpack_featured_media_url":"https:\/\/i0.wp.com\/cdnoticias.com\/wp-content\/uploads\/2025\/04\/DIB-Semana-Santa-en-Tigre.jpg?fit=696%2C392&ssl=1","jetpack_sharing_enabled":true,"_links":{"self":[{"href":"https:\/\/cdnoticias.com\/index.php\/wp-json\/wp\/v2\/posts\/169574","targetHints":{"allow":["GET"]}}],"collection":[{"href":"https:\/\/cdnoticias.com\/index.php\/wp-json\/wp\/v2\/posts"}],"about":[{"href":"https:\/\/cdnoticias.com\/index.php\/wp-json\/wp\/v2\/types\/post"}],"author":[{"embeddable":true,"href":"https:\/\/cdnoticias.com\/index.php\/wp-json\/wp\/v2\/users\/4"}],"replies":[{"embeddable":true,"href":"https:\/\/cdnoticias.com\/index.php\/wp-json\/wp\/v2\/comments?post=169574"}],"version-history":[{"count":0,"href":"https:\/\/cdnoticias.com\/index.php\/wp-json\/wp\/v2\/posts\/169574\/revisions"}],"wp:featuredmedia":[{"embeddable":true,"href":"https:\/\/cdnoticias.com\/index.php\/wp-json\/wp\/v2\/media\/169576"}],"wp:attachment":[{"href":"https:\/\/cdnoticias.com\/index.php\/wp-json\/wp\/v2\/media?parent=169574"}],"wp:term":[{"taxonomy":"category","embeddable":true,"href":"https:\/\/cdnoticias.com\/index.php\/wp-json\/wp\/v2\/categories?post=169574"},{"taxonomy":"post_tag","embeddable":true,"href":"https:\/\/cdnoticias.com\/index.php\/wp-json\/wp\/v2\/tags?post=169574"}],"curies":[{"name":"wp","href":"https:\/\/api.w.org\/{rel}","templated":true}]}}