{"id":169567,"date":"2025-04-20T17:23:37","date_gmt":"2025-04-20T20:23:37","guid":{"rendered":"https:\/\/cdnoticias.com\/?p=169567"},"modified":"2025-04-20T17:23:39","modified_gmt":"2025-04-20T20:23:39","slug":"voley-malena-frank-en-la-concentracion-de-la-preseleccion-de-provincia-sub-18","status":"publish","type":"post","link":"https:\/\/cdnoticias.com\/index.php\/2025\/04\/20\/voley-malena-frank-en-la-concentracion-de-la-preseleccion-de-provincia-sub-18\/","title":{"rendered":"Voley: Malena Frank, en la concentraci\u00f3n de la Preselecci\u00f3n de Provincia Sub 18"},"content":{"rendered":"<p>Entrenamiento en Bah\u00eda Blanca para definir el equipo que competir\u00e1 en el Campeonato Argentino de La Rioja.<!--more--><\/p>\n<hr \/>\n<p>En el<strong> Club Olimpo de Bah\u00eda Blanca<\/strong>, este s\u00e1bado se llev\u00f3 a cabo una <strong>observaci\u00f3n en busca de armar el equipo Sub 18 de la Selecci\u00f3n de Voley de la Provincia<\/strong>.<\/p>\n<blockquote><p>All\u00ed estuvo la albinegra Malena Frank. El entrenamiento estuvo a cargo del reconocido entrenador H\u00e9ctor Gallardo.<\/p><\/blockquote>\n<p>El Seleccionado provincial Sub 18 busca definir su equipo de cara al <strong>Campeonato Argentino que se realizar\u00e1 en La Rioja del 6 al 10 de mayo<\/strong>.<\/p>\n<p><img data-recalc-dims=\"1\" loading=\"lazy\" decoding=\"async\" class=\"aligncenter wp-image-169568\" src=\"https:\/\/i0.wp.com\/cdnoticias.com\/wp-content\/uploads\/2025\/04\/voley-malena-frank-seleccion-provincial-2.jpeg?resize=450%2C525&#038;ssl=1\" alt=\"\" width=\"450\" height=\"525\" srcset=\"https:\/\/i0.wp.com\/cdnoticias.com\/wp-content\/uploads\/2025\/04\/voley-malena-frank-seleccion-provincial-2.jpeg?resize=878%2C1024&amp;ssl=1 878w, https:\/\/i0.wp.com\/cdnoticias.com\/wp-content\/uploads\/2025\/04\/voley-malena-frank-seleccion-provincial-2.jpeg?resize=257%2C300&amp;ssl=1 257w, https:\/\/i0.wp.com\/cdnoticias.com\/wp-content\/uploads\/2025\/04\/voley-malena-frank-seleccion-provincial-2.jpeg?resize=768%2C895&amp;ssl=1 768w, https:\/\/i0.wp.com\/cdnoticias.com\/wp-content\/uploads\/2025\/04\/voley-malena-frank-seleccion-provincial-2.jpeg?w=960&amp;ssl=1 960w\" sizes=\"auto, (max-width: 450px) 100vw, 450px\" \/><\/p>\n","protected":false},"excerpt":{"rendered":"<p>Entrenamiento en Bah\u00eda Blanca para definir el equipo que competir\u00e1 en el Campeonato Argentino de La Rioja.<\/p>\n","protected":false},"author":4,"featured_media":169569,"comment_status":"closed","ping_status":"closed","sticky":false,"template":"","format":"standard","meta":{"_jetpack_memberships_contains_paid_content":false,"footnotes":""},"categories":[29,30],"tags":[],"class_list":["post-169567","post","type-post","status-publish","format-standard","has-post-thumbnail","hentry","category-deportes","category-polideportivo"],"jetpack_featured_media_url":"https:\/\/i0.wp.com\/cdnoticias.com\/wp-content\/uploads\/2025\/04\/voley-malena-frank-seleccion-provincial-00.jpg?fit=800%2C445&ssl=1","jetpack_sharing_enabled":true,"_links":{"self":[{"href":"https:\/\/cdnoticias.com\/index.php\/wp-json\/wp\/v2\/posts\/169567","targetHints":{"allow":["GET"]}}],"collection":[{"href":"https:\/\/cdnoticias.com\/index.php\/wp-json\/wp\/v2\/posts"}],"about":[{"href":"https:\/\/cdnoticias.com\/index.php\/wp-json\/wp\/v2\/types\/post"}],"author":[{"embeddable":true,"href":"https:\/\/cdnoticias.com\/index.php\/wp-json\/wp\/v2\/users\/4"}],"replies":[{"embeddable":true,"href":"https:\/\/cdnoticias.com\/index.php\/wp-json\/wp\/v2\/comments?post=169567"}],"version-history":[{"count":0,"href":"https:\/\/cdnoticias.com\/index.php\/wp-json\/wp\/v2\/posts\/169567\/revisions"}],"wp:featuredmedia":[{"embeddable":true,"href":"https:\/\/cdnoticias.com\/index.php\/wp-json\/wp\/v2\/media\/169569"}],"wp:attachment":[{"href":"https:\/\/cdnoticias.com\/index.php\/wp-json\/wp\/v2\/media?parent=169567"}],"wp:term":[{"taxonomy":"category","embeddable":true,"href":"https:\/\/cdnoticias.com\/index.php\/wp-json\/wp\/v2\/categories?post=169567"},{"taxonomy":"post_tag","embeddable":true,"href":"https:\/\/cdnoticias.com\/index.php\/wp-json\/wp\/v2\/tags?post=169567"}],"curies":[{"name":"wp","href":"https:\/\/api.w.org\/{rel}","templated":true}]}}