{"id":169503,"date":"2025-04-19T20:00:39","date_gmt":"2025-04-19T23:00:39","guid":{"rendered":"https:\/\/cdnoticias.com\/?p=169503"},"modified":"2025-04-19T20:00:40","modified_gmt":"2025-04-19T23:00:40","slug":"ciclo-de-charlas-de-encuentro-republicano-federal","status":"publish","type":"post","link":"https:\/\/cdnoticias.com\/index.php\/2025\/04\/19\/ciclo-de-charlas-de-encuentro-republicano-federal\/","title":{"rendered":"Ciclo de charlas de Encuentro Republicano Federal"},"content":{"rendered":"<p>El Dr. Adolfo Rocha Alonso disert\u00f3 sobre los desaf\u00edos del a\u00f1o electoral. Repas\u00f3 las principales novedades del proceso.<!--more--><\/p>\n<hr \/>\n<p>En el marco de su <strong>compromiso con el debate y la formaci\u00f3n ciudadana, Encuentro Republicano Federal Olavarr\u00eda<\/strong>, conducido por el Cr. Mario Cura, dio inicio a un nuevo ciclo de charlas en su sede ubicada en Sargento Cabral 3332.<em> \u201cEste espacio busca promover la discusi\u00f3n de diversos temas de inter\u00e9s pol\u00edtico, social y econ\u00f3mico, con la participaci\u00f3n de destacados disertantes\u201d<\/em> se indic\u00f3. El encuentro concluy\u00f3 con una cena, brindando a los asistentes la oportunidad de intercambiar ideas en un ambiente distendido y de camarader\u00eda.<\/p>\n<p>En esta oportunidad, se realiz\u00f3 una conferencia a cargo del Dr. <strong>Adolfo Rocha Alonso<\/strong>, abogado de reconocida trayectoria en la ciudad de Olavarr\u00eda. La actividad tuvo como eje central el <strong>an\u00e1lisis del sistema pol\u00edtico argentino<\/strong> y de las particularidades que presentar\u00e1n las elecciones legislativas de este a\u00f1o a nivel nacional, provincial y municipal.<\/p>\n<p>Durante su exposici\u00f3n, el Dr. Rocha Alonso explic\u00f3 que el sistema pol\u00edtico argentino es representativo, republicano y federal. Es decir, que el pueblo ejerce el poder a trav\u00e9s de sus representantes; que el poder se divide en Ejecutivo, Legislativo y Judicial; y que esa misma estructura se replica en los niveles nacional, provincial y municipal.<\/p>\n<p>En cuanto al <strong>Poder Legislativo<\/strong>, se\u00f1al\u00f3 que se trata del m\u00e1s din\u00e1mico de los tres, ya que <strong>su composici\u00f3n se renueva parcialmente cada dos a\u00f1os<\/strong>. Esta renovaci\u00f3n peri\u00f3dica lo convierte en el poder m\u00e1s representativo de la voluntad popular, permitiendo que la ciudadan\u00eda se exprese con mayor frecuencia sobre el rumbo del pa\u00eds. A diferencia del Ejecutivo, que se elige cada cuatro a\u00f1os, y del Judicial, cuyos cargos tienen duraci\u00f3n indefinida, el Legislativo refleja en tiempo real los cambios de opini\u00f3n del electorado.<\/p>\n<p>El Dr. Rocha Alonso remarc\u00f3 que las elecciones legislativas de medio t\u00e9rmino funcionan, en la pr\u00e1ctica, como una<strong> evaluaci\u00f3n del gobierno en funciones<\/strong>. Si el oficialismo obtiene una buena elecci\u00f3n, se fortalece pol\u00edticamente; si pierde, el Congreso gana protagonismo y obliga al Ejecutivo a negociar cada decisi\u00f3n. Esta l\u00f3gica es parte del equilibrio entre poderes que establece la Constituci\u00f3n Nacional.<\/p>\n<p><img data-recalc-dims=\"1\" loading=\"lazy\" decoding=\"async\" class=\"size-full wp-image-169504 aligncenter\" src=\"https:\/\/i0.wp.com\/cdnoticias.com\/wp-content\/uploads\/2025\/04\/ERF-charla-adolfo-rocha-campos-00.jpg?resize=800%2C445&#038;ssl=1\" alt=\"\" width=\"800\" height=\"445\" srcset=\"https:\/\/i0.wp.com\/cdnoticias.com\/wp-content\/uploads\/2025\/04\/ERF-charla-adolfo-rocha-campos-00.jpg?w=1000&amp;ssl=1 1000w, https:\/\/i0.wp.com\/cdnoticias.com\/wp-content\/uploads\/2025\/04\/ERF-charla-adolfo-rocha-campos-00.jpg?resize=300%2C167&amp;ssl=1 300w, https:\/\/i0.wp.com\/cdnoticias.com\/wp-content\/uploads\/2025\/04\/ERF-charla-adolfo-rocha-campos-00.jpg?resize=768%2C427&amp;ssl=1 768w, https:\/\/i0.wp.com\/cdnoticias.com\/wp-content\/uploads\/2025\/04\/ERF-charla-adolfo-rocha-campos-00.jpg?resize=800%2C445&amp;ssl=1 800w\" sizes=\"auto, (max-width: 800px) 100vw, 800px\" \/><\/p>\n<p>Entre las <strong>principales novedades del proceso electoral de este a\u00f1o<\/strong>, Rocha Alonso destac\u00f3 la <strong>suspensi\u00f3n de las Primarias Abiertas, Simult\u00e1neas y Obligatorias (PASO)<\/strong>, sistema que estuvo vigente desde 2009 pero que, en la pr\u00e1ctica, no logr\u00f3 cumplir su funci\u00f3n de dirimir internas reales dentro de los partidos. Seg\u00fan explic\u00f3, la mayor\u00eda de las fuerzas pol\u00edticas evitaba la competencia interna mediante listas \u00fanicas o arreglos previos, por lo que las PASO se transformaron en una encuesta nacional costosa, financiada por el Estado, que serv\u00eda m\u00e1s para medir tendencias que para garantizar democracia interna. En este sentido, valor\u00f3 positivamente su suspensi\u00f3n.<\/p>\n<p>Asimismo, subray\u00f3 la <strong>implementaci\u00f3n, por primera vez a nivel nacional, de la Boleta \u00danica de Papel<\/strong>. Este nuevo formato reemplaza las tradicionales boletas partidarias por una \u00fanica boleta general que incluye a todos los partidos y sus candidatos, con dise\u00f1o uniforme, tipograf\u00eda igualitaria y espacio equitativo. Afirm\u00f3 que esta modalidad mejora la claridad del voto, reduce errores, evita confusiones y acelera el escrutinio, garantizando una votaci\u00f3n m\u00e1s transparente y equitativa.<\/p>\n<p>En el plano provincial, el Dr. Adolfo Rocha Alonso se\u00f1al\u00f3 que<strong> la provincia de Buenos Aires desdoblar\u00e1 sus elecciones y las realizar\u00e1 el 7 de septiembre<\/strong>, y por el momento sin PASO. Esta decisi\u00f3n, promovida por los intendentes, busca evitar que la agenda nacional condicione el debate provincial y municipal. Por primera vez, el gobierno bonaerense deber\u00e1 organizar todo su proceso electoral con log\u00edstica, recursos y cronograma propios, lo que representa un enorme desaf\u00edo tanto operativo como pol\u00edtico.<\/p>\n<p>A <strong>nivel municipal, tambi\u00e9n se renovar\u00e1n cargos clave como concejales y consejeros escolares<\/strong>, lo que puede modificar sustancialmente la representaci\u00f3n en los concejos deliberantes de cada distrito. En este marco, el disertante advirti\u00f3 que los partidos deber\u00e1n adaptarse r\u00e1pidamente a las nuevas reglas y al calendario abreviado, con plazos ajustados para la presentaci\u00f3n de listas y armado de estrategias.<\/p>\n<p>En el cierre de su exposici\u00f3n, enfatiz\u00f3 que <strong>las elecciones legislativas no deben subestimarse<\/strong>. Aunque no definen cargos ejecutivos, tienen la capacidad de modificar el equilibrio institucional, renovar liderazgos y corregir el rumbo pol\u00edtico del pa\u00eds. Por eso, valor\u00f3 profundamente estos espacios de an\u00e1lisis y formaci\u00f3n como herramientas fundamentales para una ciudadan\u00eda m\u00e1s activa, consciente e informada.<\/p>\n","protected":false},"excerpt":{"rendered":"<p>El Dr. Adolfo Rocha Alonso disert\u00f3 sobre los desaf\u00edos del a\u00f1o electoral. Repas\u00f3 las principales novedades del proceso.<\/p>\n","protected":false},"author":4,"featured_media":169505,"comment_status":"closed","ping_status":"closed","sticky":false,"template":"","format":"standard","meta":{"_jetpack_memberships_contains_paid_content":false,"footnotes":""},"categories":[4,1],"tags":[],"class_list":["post-169503","post","type-post","status-publish","format-standard","has-post-thumbnail","hentry","category-politica","category-portada"],"jetpack_featured_media_url":"https:\/\/i0.wp.com\/cdnoticias.com\/wp-content\/uploads\/2025\/04\/ERF-charla-adolfo-rocha-campos-01.jpg?fit=1000%2C556&ssl=1","jetpack_sharing_enabled":true,"_links":{"self":[{"href":"https:\/\/cdnoticias.com\/index.php\/wp-json\/wp\/v2\/posts\/169503","targetHints":{"allow":["GET"]}}],"collection":[{"href":"https:\/\/cdnoticias.com\/index.php\/wp-json\/wp\/v2\/posts"}],"about":[{"href":"https:\/\/cdnoticias.com\/index.php\/wp-json\/wp\/v2\/types\/post"}],"author":[{"embeddable":true,"href":"https:\/\/cdnoticias.com\/index.php\/wp-json\/wp\/v2\/users\/4"}],"replies":[{"embeddable":true,"href":"https:\/\/cdnoticias.com\/index.php\/wp-json\/wp\/v2\/comments?post=169503"}],"version-history":[{"count":0,"href":"https:\/\/cdnoticias.com\/index.php\/wp-json\/wp\/v2\/posts\/169503\/revisions"}],"wp:featuredmedia":[{"embeddable":true,"href":"https:\/\/cdnoticias.com\/index.php\/wp-json\/wp\/v2\/media\/169505"}],"wp:attachment":[{"href":"https:\/\/cdnoticias.com\/index.php\/wp-json\/wp\/v2\/media?parent=169503"}],"wp:term":[{"taxonomy":"category","embeddable":true,"href":"https:\/\/cdnoticias.com\/index.php\/wp-json\/wp\/v2\/categories?post=169503"},{"taxonomy":"post_tag","embeddable":true,"href":"https:\/\/cdnoticias.com\/index.php\/wp-json\/wp\/v2\/tags?post=169503"}],"curies":[{"name":"wp","href":"https:\/\/api.w.org\/{rel}","templated":true}]}}