{"id":169490,"date":"2025-04-19T09:50:10","date_gmt":"2025-04-19T12:50:10","guid":{"rendered":"https:\/\/cdnoticias.com\/?p=169490"},"modified":"2025-04-19T18:11:26","modified_gmt":"2025-04-19T21:11:26","slug":"unidad-2-de-sierra-chica-grave-denuncia-de-malos-tratos-en-el-pabellon-de-diversidad","status":"publish","type":"post","link":"https:\/\/cdnoticias.com\/index.php\/2025\/04\/19\/unidad-2-de-sierra-chica-grave-denuncia-de-malos-tratos-en-el-pabellon-de-diversidad\/","title":{"rendered":"Unidad 2 de Sierra Chica: grave denuncia de malos tratos en el pabell\u00f3n de diversidad"},"content":{"rendered":"<p>La Comisi\u00f3n Provincial por la Memoria present\u00f3 un h\u00e1beas corpus. Sostuvo que m\u00e1s de 45 personas fueron sacadas de madrugada, semidesnudas y con golpes hacia celdas de aislamiento. Interviene el Juzgado de Ejecuci\u00f3n N\u00b0 2 de Azul.<!--more--><\/p>\n<hr \/>\n<p>El <strong>pasado lunes<\/strong>, cerca de las 4.30 hs de la madrugada y de manera intempestiva, <strong>agentes del Servicio Penitenciario Bonaerense ingresaron al pabell\u00f3n de diversidad de la Unidad Penal 2 de Sierra Chica<\/strong> y arrastraron semidesnudas <strong>hacia las celdas de aislamiento<\/strong> al menos a <strong>45 personas<\/strong>, varias de ellas fueron golpeadas. Quedaron<strong> incomunicadas<\/strong> sin sus tel\u00e9fonos ni otra comunicaci\u00f3n con sus familiares o abogados defensores, pasando hambre y fr\u00edo durante varios d\u00edas, sin que les entreguen la medicaci\u00f3n a quienes realizan diferentes tratamientos de salud.<\/p>\n<p>La <strong>denuncia fue formulada por la Comisi\u00f3n Provincial por la Memoria (CPM)<\/strong> que sostuvo que algunas contin\u00faan todav\u00eda aisladas y <strong>la referente del pabell\u00f3n, que llevaba 15 a\u00f1os en la unidad, fue trasladada a otra c\u00e1rcel<\/strong>. La CPM, en su calidad de Mecanismo Local de Prevenci\u00f3n de la Tortura, <strong>denunci\u00f3 este hecho y present\u00f3 un h\u00e1beas corpus<\/strong> solicitando el cese de la violencia contra el colectivo LGTB alojado en la Unidad 2.<\/p>\n<blockquote><p>En el h\u00e1beas corpus presentado, la CPM solicit\u00f3 que \u201ccese de manera urgente\u201d el aislamiento de todas las personas alojadas en el pabell\u00f3n de diversidad de la UP 2, que se aplic\u00f3 como sanci\u00f3n colectiva a todos sus integrantes, lo que est\u00e1 expresamente prohibido. Es que, m\u00e1s all\u00e1 de que varias fueron restituidas al pabell\u00f3n, todas contin\u00faan \u201cengomadas\u201d, es decir, encerradas en sus celdas durante 24 hs.<\/p><\/blockquote>\n<p>Todo<strong> comenz\u00f3 en la madrugada del lunes pasado<\/strong> cuando, de manera<strong> intempestiva<\/strong> y <strong>sin notificar el motivo de la sanci\u00f3n<\/strong>, agentes penitenciarios ingresaron al pabell\u00f3n y<strong> trasladaron al menos 45 personas LGBT al sector de aislamiento<\/strong>. Las personas fueron sacadas del pabell\u00f3n semidesnudas y de manera violenta, e incluso fueron despojadas de sus tel\u00e9fonos celulares. <strong>Varias de ellas padecieron golpes y empujones<\/strong>.<\/p>\n<p>Reci\u00e9n un d\u00eda despu\u00e9s del traslado, las autoridades penitenciarias permitieron ingresarle prendas a los buzones. Incomunicadas y en encierro extremo, permanecieron entre 3 y 4 d\u00edas hasta ser reintegradas al pabell\u00f3n. Sin embargo, <strong>a\u00fan hasta este viernes, al menos seis personas continuaban aisladas<\/strong> en los buzones desde el lunes por la madrugada.<\/p>\n<p>Durante el tiempo de permanencia en buzones,<strong> no recibieron medicaci\u00f3n y la imposibilidad de comunicarse<\/strong> con el exterior gener\u00f3 una profunda angustia en sus referentes afectivos.<\/p>\n<p>Adem\u00e1s de la grave situaci\u00f3n de detenci\u00f3n que padecen quienes permanecen en la c\u00e1rcel de Sierra Chica, varias de las personas que hasta ese momento estaban alojadas en el pabell\u00f3n fueron<strong> trasladadas a unidades penitenciarias lejanas<\/strong>, entre ellas la referente del pabell\u00f3n, con un claro mensaje disciplinante.<\/p>\n<blockquote><p>\u201cMe sacaron capeada -esto es sin sus pertenencias-, casi desnuda, me sacaron corriendo entre la lluvia, el barro, me pegaron, no entiendo por qu\u00e9, la verdad no entiendo por qu\u00e9\u201d, dijo en una entrevista con el equipo de la CPM que interviene en el caso. Llevaba 15 a\u00f1os en el pabell\u00f3n, siendo su referente, y no se le dio ninguna explicaci\u00f3n respecto del motivo por el cual fue trasladada.<\/p><\/blockquote>\n<p>Las personas que fueron reintegradas al pabell\u00f3n luego de pasar varios d\u00edas en los buzones tampoco fueron notificadas del motivo ni raz\u00f3n de la sanci\u00f3n. E incluso, como se mencion\u00f3, contin\u00faan en una situaci\u00f3n de aislamiento extremo al igual que todo el pabell\u00f3n.<\/p>\n<p>Esa <strong>situaci\u00f3n particularmente abusiva e ilegal<\/strong>, fue descrita por la CPM en el<strong> habeas corpus colectivo<\/strong>: \u201cEl resto de las personas alojadas en el pabell\u00f3n fueron expuestas al aislamiento de convivencia <em>sin que se les notificara sanci\u00f3n alguna, con car\u00e1cter colectivo, sin conocer los cargos que fundaron tal decisi\u00f3n, y por tanto imposibilitadas de formular descargos o ensayar defensa alguna<\/em>. Esto \u00faltimo <strong>viola rotundamente el principio de legalidad en la ejecuci\u00f3n de la pena<\/strong> despojando a las personas de su derecho de defensa\u201d.<\/p>\n<p>Por ese motivo, <strong>en el habeas, la CPM exige tambi\u00e9n que las autoridades penitenciarias revisen la injustificada sanci\u00f3n<\/strong> impuesta al colectivo LGBT alojado en el pabell\u00f3n de diversidad.<\/p>\n<p>Adem\u00e1s de <strong>exigir el cese del \u201cengome\u201d de manera urgente<\/strong> y la realizaci\u00f3n de otras medidas de prueba, la CPM solicit\u00f3 <strong>que se adopten medidas de protecci\u00f3n<\/strong> a favor de las personas denunciantes para evitar represalias contra ellas.<\/p>\n<blockquote><p>El h\u00e1beas corpus recay\u00f3 en el Juzgado de Ejecuci\u00f3n N\u00b0 2 de Azul, con asiento en Alvear, a cargo de la jueza Adriana Bianco quien ya dio curso a la presentaci\u00f3n, orden\u00f3 medidas de prueba y la celebraci\u00f3n de la audiencia para el pr\u00f3ximo lunes.<\/p><\/blockquote>\n<p>Fuente: <em>Agencia Andar en Sierra Chica<\/em><\/p>\n","protected":false},"excerpt":{"rendered":"<p>La Comisi\u00f3n Provincial por la Memoria present\u00f3 un h\u00e1beas corpus. Sostuvo que m\u00e1s de 45 personas fueron sacadas de madrugada,<\/p>\n","protected":false},"author":4,"featured_media":11313,"comment_status":"closed","ping_status":"closed","sticky":false,"template":"","format":"standard","meta":{"_jetpack_memberships_contains_paid_content":false,"footnotes":""},"categories":[14,1],"tags":[],"class_list":["post-169490","post","type-post","status-publish","format-standard","has-post-thumbnail","hentry","category-policiales","category-portada"],"jetpack_featured_media_url":"https:\/\/i0.wp.com\/cdnoticias.com\/wp-content\/uploads\/2021\/01\/unidad-2-sierra-chica.jpg?fit=1200%2C670&ssl=1","jetpack_sharing_enabled":true,"_links":{"self":[{"href":"https:\/\/cdnoticias.com\/index.php\/wp-json\/wp\/v2\/posts\/169490","targetHints":{"allow":["GET"]}}],"collection":[{"href":"https:\/\/cdnoticias.com\/index.php\/wp-json\/wp\/v2\/posts"}],"about":[{"href":"https:\/\/cdnoticias.com\/index.php\/wp-json\/wp\/v2\/types\/post"}],"author":[{"embeddable":true,"href":"https:\/\/cdnoticias.com\/index.php\/wp-json\/wp\/v2\/users\/4"}],"replies":[{"embeddable":true,"href":"https:\/\/cdnoticias.com\/index.php\/wp-json\/wp\/v2\/comments?post=169490"}],"version-history":[{"count":0,"href":"https:\/\/cdnoticias.com\/index.php\/wp-json\/wp\/v2\/posts\/169490\/revisions"}],"wp:featuredmedia":[{"embeddable":true,"href":"https:\/\/cdnoticias.com\/index.php\/wp-json\/wp\/v2\/media\/11313"}],"wp:attachment":[{"href":"https:\/\/cdnoticias.com\/index.php\/wp-json\/wp\/v2\/media?parent=169490"}],"wp:term":[{"taxonomy":"category","embeddable":true,"href":"https:\/\/cdnoticias.com\/index.php\/wp-json\/wp\/v2\/categories?post=169490"},{"taxonomy":"post_tag","embeddable":true,"href":"https:\/\/cdnoticias.com\/index.php\/wp-json\/wp\/v2\/tags?post=169490"}],"curies":[{"name":"wp","href":"https:\/\/api.w.org\/{rel}","templated":true}]}}