{"id":169480,"date":"2025-04-18T20:26:36","date_gmt":"2025-04-18T23:26:36","guid":{"rendered":"https:\/\/cdnoticias.com\/?p=169480"},"modified":"2025-04-19T09:54:55","modified_gmt":"2025-04-19T12:54:55","slug":"advierten-que-la-provincia-es-la-mas-perjudicada-en-la-distribucion-de-recursos-nacionales","status":"publish","type":"post","link":"https:\/\/cdnoticias.com\/index.php\/2025\/04\/18\/advierten-que-la-provincia-es-la-mas-perjudicada-en-la-distribucion-de-recursos-nacionales\/","title":{"rendered":"Advierten que la Provincia es la m\u00e1s perjudicada en la distribuci\u00f3n de recursos nacionales"},"content":{"rendered":"<p>As\u00ed lo hizo saber el ministro de Econom\u00eda bonaerense, Pablo L\u00f3pez, al mostrar los n\u00fameros del primer trimestre del a\u00f1o.<!--more--><\/p>\n<hr \/>\n<p>La<strong> provincia de Buenos Aires fue<\/strong>, en el primer trimestre de este a\u00f1o, <strong>la m\u00e1s perjudicada en la distribuci\u00f3n de recursos nacionales<\/strong> que el Gobierno de Javier Milei distribuye entre todos los territorios del pa\u00eds.<\/p>\n<blockquote><p>\u201cEn el 1\u00b0 trimestre de 2025, fue la \u00faltima de la tabla: recibi\u00f3 \u00fanicamente $165.000 por habitante, menos del 40% del promedio provincial\u201d, asegur\u00f3 el ministro de Econom\u00eda bonaerense, Pablo L\u00f3pez, quien marc\u00f3 que incluso recibi\u00f3 menos que la Ciudad de Buenos Aires, un distrito rico y de alta recaudaci\u00f3n propia.<\/p><\/blockquote>\n<blockquote class=\"twitter-tweet\">\n<p dir=\"ltr\" lang=\"es\">La PBA se ve fuertemente afectada por la merma recaudatoria que induce la recesi\u00f3n y por la eliminaci\u00f3n de transferencias nacionales obligatorias.<\/p>\n<p>En 2024, la PBA hab\u00eda perdido cerca de $4,5 billones. En el 1\u00b0 trimestre de 2025, perdi\u00f3 otros $500.000 millones por este mecanismo. <a href=\"https:\/\/t.co\/5Ati0rydfd\">pic.twitter.com\/5Ati0rydfd<\/a><\/p>\n<p>\u2014 Pablo J. L\u00f3pez (@PabloJ_LopezOK) <a href=\"https:\/\/twitter.com\/PabloJ_LopezOK\/status\/1913256417970032861?ref_src=twsrc%5Etfw\">April 18, 2025<\/a><\/p><\/blockquote>\n<p><script async src=\"https:\/\/platform.twitter.com\/widgets.js\" charset=\"utf-8\"><\/script><\/p>\n<p>En ese sentido, L\u00f3pez destac\u00f3 que la provincia de Buenos Aires se ve<strong> fuertemente afectada por la merma recaudatoria<\/strong> que induce la recesi\u00f3n y por la <strong>eliminaci\u00f3n de transferencias nacionales obligatorias<\/strong>.<\/p>\n<blockquote><p>\u201cEn 2024, la PBA hab\u00eda perdido cerca de $4,5 billones. En el 1\u00b0 trimestre de 2025, perdi\u00f3 otros $500.000 millones por este mecanismo\u201d, agreg\u00f3 el funcionario de Axel Kicillof.<\/p><\/blockquote>\n<p>El reclamo no es nuevo. Desde hace tiempo desde el Gobierno indican que la Provincia es la mayor aportante neta y financia a la Naci\u00f3n, y es la que menos recursos recibe en la reasignaci\u00f3n posterior. \u201c<strong>La PBA aporta el 40% de los recursos, pero recibe apenas el 7% del total de lo recaudado por el Gobierno nacional\u201d<\/strong>, dijo L\u00f3pez.<\/p>\n<p>Fuente: <em>Agencia DIB<\/em><\/p>\n","protected":false},"excerpt":{"rendered":"<p>As\u00ed lo hizo saber el ministro de Econom\u00eda bonaerense, Pablo L\u00f3pez, al mostrar los n\u00fameros del primer trimestre del a\u00f1o.<\/p>\n","protected":false},"author":4,"featured_media":121709,"comment_status":"closed","ping_status":"closed","sticky":false,"template":"","format":"standard","meta":{"_jetpack_memberships_contains_paid_content":false,"footnotes":""},"categories":[6,1],"tags":[],"class_list":["post-169480","post","type-post","status-publish","format-standard","has-post-thumbnail","hentry","category-nacionales","category-portada"],"jetpack_featured_media_url":"https:\/\/i0.wp.com\/cdnoticias.com\/wp-content\/uploads\/2024\/07\/ministro-pablo-lopez.jpg?fit=800%2C445&ssl=1","jetpack_sharing_enabled":true,"_links":{"self":[{"href":"https:\/\/cdnoticias.com\/index.php\/wp-json\/wp\/v2\/posts\/169480","targetHints":{"allow":["GET"]}}],"collection":[{"href":"https:\/\/cdnoticias.com\/index.php\/wp-json\/wp\/v2\/posts"}],"about":[{"href":"https:\/\/cdnoticias.com\/index.php\/wp-json\/wp\/v2\/types\/post"}],"author":[{"embeddable":true,"href":"https:\/\/cdnoticias.com\/index.php\/wp-json\/wp\/v2\/users\/4"}],"replies":[{"embeddable":true,"href":"https:\/\/cdnoticias.com\/index.php\/wp-json\/wp\/v2\/comments?post=169480"}],"version-history":[{"count":0,"href":"https:\/\/cdnoticias.com\/index.php\/wp-json\/wp\/v2\/posts\/169480\/revisions"}],"wp:featuredmedia":[{"embeddable":true,"href":"https:\/\/cdnoticias.com\/index.php\/wp-json\/wp\/v2\/media\/121709"}],"wp:attachment":[{"href":"https:\/\/cdnoticias.com\/index.php\/wp-json\/wp\/v2\/media?parent=169480"}],"wp:term":[{"taxonomy":"category","embeddable":true,"href":"https:\/\/cdnoticias.com\/index.php\/wp-json\/wp\/v2\/categories?post=169480"},{"taxonomy":"post_tag","embeddable":true,"href":"https:\/\/cdnoticias.com\/index.php\/wp-json\/wp\/v2\/tags?post=169480"}],"curies":[{"name":"wp","href":"https:\/\/api.w.org\/{rel}","templated":true}]}}