{"id":169473,"date":"2025-04-18T20:01:55","date_gmt":"2025-04-18T23:01:55","guid":{"rendered":"https:\/\/cdnoticias.com\/?p=169473"},"modified":"2025-04-18T20:01:57","modified_gmt":"2025-04-18T23:01:57","slug":"elecciones-en-la-facultad-de-ingenieria-hay-lista-opositora","status":"publish","type":"post","link":"https:\/\/cdnoticias.com\/index.php\/2025\/04\/18\/elecciones-en-la-facultad-de-ingenieria-hay-lista-opositora\/","title":{"rendered":"Elecciones en la Facultad de Ingenier\u00eda: hay lista opositora"},"content":{"rendered":"<p>Se present\u00f3 \u201cConFIO: una nueva propuesta pol\u00edtica para transformar la Facultad de Ingenier\u00eda de Olavarr\u00eda desde la formaci\u00f3n, el conocimiento y la inclusi\u00f3n\u201d. Bettina Bravo y Gast\u00f3n Barreto encabezan el armado.<!--more--><\/p>\n<hr \/>\n<p><strong>En mayo habr\u00e1 elecciones en la Facultad de Ingenier\u00eda de la Unicen<\/strong> y en las \u00faltimas horas se confirm\u00f3 que <strong>habr\u00e1 armado opositor para competir por el decanato<\/strong>. La lista se denomina <strong>ConFIO<\/strong> y se present\u00f3 como <em>\u201cuna nueva propuesta pol\u00edtica para transformar la Facultad de Ingenier\u00eda de Olavarr\u00eda desde la formaci\u00f3n, el conocimiento y la inclusi\u00f3n\u201d<\/em>.<\/p>\n<p><strong>Bettina Bravo y Gast\u00f3n Barreto<\/strong> encabezan el armado que se oficializ\u00f3 este s\u00e1bado, aunque hab\u00eda trascendido hace un par de semanas la formaci\u00f3n de una lista para disputar la conducci\u00f3n de la casa de altos estudios. <em>La actual decana, Mar\u00eda Peralta, ir\u00eda por la renovaci\u00f3n de su mandato desde el oficialismo<\/em>.<\/p>\n<blockquote><p>\u201cDe cara a las elecciones de mayo en la Facultad de Ingenier\u00eda de Olavarr\u00eda (UNICEN), surge ConFIO, un nuevo espacio pol\u00edtico que se presenta como alternativa para conducir la instituci\u00f3n. La propuesta nace con el objetivo de renovar la gesti\u00f3n acad\u00e9mica desde una mirada colectiva, inclusiva y profundamente comprometida con el fortalecimiento de la educaci\u00f3n p\u00fablica y el desarrollo integral de la comunidad universitaria\u201d inform\u00f3 la nueva lista.<\/p><\/blockquote>\n<p>Se dio a conocer que el equipo est\u00e1 encabezado por <strong>Bettina Bravo, candidata a decana, y Gast\u00f3n Barreto, como vicedecano<\/strong>. Acompa\u00f1an esta f\u00f3rmula figuras destacadas de distintas \u00e1reas de trabajo, como <strong>Adriana Sequeira, Luciana Mentasti y Geraldina Roark<\/strong>, \u201cquienes conforman <strong>una plataforma plural, diversa y enfocada en el trabajo conjunto entre claustros<\/strong>. En su conjunto, proponen una nueva forma de gobernar la Facultad, basada en el consenso, la cercan\u00eda y el compromiso colectivo\u201d.<\/p>\n<p>Desde el espacio plantean \u201cla necesidad de <strong>una Facultad que escuche y acompa\u00f1e a su comunidad<\/strong>, que se anime a cambiar y a construir un proyecto institucional con base en el di\u00e1logo y la participaci\u00f3n activa de todos los sectores. Consideran fundamental promover una gesti\u00f3n transparente y colaborativa, que ponga en valor la escucha y el trabajo articulado\u201d.<\/p>\n<p>Asimismo, subrayan la importancia de<strong> \u201cformar profesionales capaces de innovar, de aportar al desarrollo del pa\u00eds y de contribuir a mejorar la calidad de vida de las comunidades<\/strong>. En ese sentido, buscan consolidar una Facultad abierta al di\u00e1logo con los sectores gubernamentales, industriales, sociales y educativos \u2014incluidos los niveles preuniversitarios\u2014 para generar propuestas integrales y sostenibles que respondan a los desaf\u00edos sociales, tecnol\u00f3gicos y \u00e9ticos del presente y del futuro\u201d.<\/p>\n<p>Por \u00faltimo se indic\u00f3 que \u201cConFIO representa, en definitiva, <strong>la convicci\u00f3n de que es posible transformar la Facultad desde adentro<\/strong>, a trav\u00e9s del poder de lo colectivo y con una visi\u00f3n de futuro centrada en la inclusi\u00f3n, el conocimiento y la formaci\u00f3n con sentido social\u201d.<\/p>\n","protected":false},"excerpt":{"rendered":"<p>Se present\u00f3 \u201cConFIO: una nueva propuesta pol\u00edtica para transformar la Facultad de Ingenier\u00eda de Olavarr\u00eda desde la formaci\u00f3n, el conocimiento<\/p>\n","protected":false},"author":4,"featured_media":169474,"comment_status":"closed","ping_status":"closed","sticky":false,"template":"","format":"standard","meta":{"_jetpack_memberships_contains_paid_content":false,"footnotes":""},"categories":[4,1],"tags":[],"class_list":["post-169473","post","type-post","status-publish","format-standard","has-post-thumbnail","hentry","category-politica","category-portada"],"jetpack_featured_media_url":"https:\/\/i0.wp.com\/cdnoticias.com\/wp-content\/uploads\/2025\/04\/facultad-de-ingenieria-Equipo-ConFIO-Elecciones-2025.jpg?fit=1000%2C557&ssl=1","jetpack_sharing_enabled":true,"_links":{"self":[{"href":"https:\/\/cdnoticias.com\/index.php\/wp-json\/wp\/v2\/posts\/169473","targetHints":{"allow":["GET"]}}],"collection":[{"href":"https:\/\/cdnoticias.com\/index.php\/wp-json\/wp\/v2\/posts"}],"about":[{"href":"https:\/\/cdnoticias.com\/index.php\/wp-json\/wp\/v2\/types\/post"}],"author":[{"embeddable":true,"href":"https:\/\/cdnoticias.com\/index.php\/wp-json\/wp\/v2\/users\/4"}],"replies":[{"embeddable":true,"href":"https:\/\/cdnoticias.com\/index.php\/wp-json\/wp\/v2\/comments?post=169473"}],"version-history":[{"count":0,"href":"https:\/\/cdnoticias.com\/index.php\/wp-json\/wp\/v2\/posts\/169473\/revisions"}],"wp:featuredmedia":[{"embeddable":true,"href":"https:\/\/cdnoticias.com\/index.php\/wp-json\/wp\/v2\/media\/169474"}],"wp:attachment":[{"href":"https:\/\/cdnoticias.com\/index.php\/wp-json\/wp\/v2\/media?parent=169473"}],"wp:term":[{"taxonomy":"category","embeddable":true,"href":"https:\/\/cdnoticias.com\/index.php\/wp-json\/wp\/v2\/categories?post=169473"},{"taxonomy":"post_tag","embeddable":true,"href":"https:\/\/cdnoticias.com\/index.php\/wp-json\/wp\/v2\/tags?post=169473"}],"curies":[{"name":"wp","href":"https:\/\/api.w.org\/{rel}","templated":true}]}}