{"id":169457,"date":"2025-04-20T10:31:39","date_gmt":"2025-04-20T13:31:39","guid":{"rendered":"https:\/\/cdnoticias.com\/?p=169457"},"modified":"2025-04-20T18:43:22","modified_gmt":"2025-04-20T21:43:22","slug":"diputados-sancionara-el-miercoles-la-ley-y-quedaran-suspendidas-las-paso-en-provincia","status":"publish","type":"post","link":"https:\/\/cdnoticias.com\/index.php\/2025\/04\/20\/diputados-sancionara-el-miercoles-la-ley-y-quedaran-suspendidas-las-paso-en-provincia\/","title":{"rendered":"Diputados sancionar\u00e1 el mi\u00e9rcoles la ley y quedar\u00e1n suspendidas las PASO en Provincia"},"content":{"rendered":"\n<p>Los bonaerenses votar\u00e1n el 7 de septiembre y el 26 de octubre. Seg\u00fan indicaron fuentes parlamentarias, la sesi\u00f3n ser\u00e1 a partir de las 15 horas.&nbsp;<\/p>\n\n\n\n<hr class=\"wp-block-separator aligncenter has-alpha-channel-opacity\"\/>\n\n\n\n<p>Las<strong> elecciones Primarias Abiertas, Simult\u00e1neas y Obligatorias (PASO)<\/strong> para elegir legisladores bonaerenses y concejales<strong> ser\u00e1n suspendidas definitivamente para este a\u00f1o el mi\u00e9rcoles pr\u00f3ximo,<\/strong> cuando la c\u00e1mara de Diputados <strong>trate el proyecto que ya aprob\u00f3 el Senado.<\/strong><\/p>\n\n\n\n<p><\/p>\n\n\n\n<blockquote class=\"wp-block-quote is-layout-flow wp-block-quote-is-layout-flow\">\n<p>La suspensi\u00f3n de las PASO es la \u00faltima definici\u00f3n electoral importante que queda por formalizar en la provincia, luego de que el Gobernador Axel Kicillof desdoblara por decreto los comicios, que para las categor\u00edas bonaerenses ser\u00e1n el 7 de septiembre.<\/p>\n<\/blockquote>\n\n\n\n<p><\/p>\n\n\n\n<p>Seg\u00fan indicaron fuentes parlamentarias, la sesi\u00f3n para tratar el proyecto de suspensi\u00f3n de las primarias en Diputados ser\u00e1 el mi\u00e9rcoles a las 15 horas.\u00a0Se descuenta que el proyecto ser\u00e1 sancionado, dado el respaldo que tiene en el oficialismo y la oposici\u00f3n, que ya se expres\u00f3 en el Senado cuando aprob\u00f3 la iniciativa el martes.<\/p>\n\n\n\n<p><\/p>\n\n\n\n<p>La suspensi\u00f3n de las PASO fue parte de una <strong>tensa pulseada entre Axel Kicillof y Cristina Fern\u00e1ndez de Kirchner, <\/strong>que se resolvi\u00f3 el lunes, cuando la expresidenta decidi\u00f3 apoyar esa medida y no entorpecer el desdoblamiento, aunque con este punto ratific\u00f3 que est\u00e1 en desacuerdo.<\/p>\n\n\n\n<p><\/p>\n\n\n\n<p>Luego de esa definici\u00f3n, en el Senado los legisladores alineados con el Instituto Patria apoyaron el proyecto del gobernador, que<strong> tambi\u00e9n tuvo visto bueno opositor,<\/strong> pero con una modificaci\u00f3n: <strong>se elimin\u00f3 el art\u00edculo que extend\u00eda los plazos del cronograma electoral.<\/strong><\/p>\n\n\n\n<p><\/p>\n\n\n\n<blockquote class=\"wp-block-quote is-layout-flow wp-block-quote-is-layout-flow\">\n<p>Esta \u00faltima es una modificaci\u00f3n que caus\u00f3 fastidio en la Gobernaci\u00f3n, donde se\u00f1alaron que se opuso incluso a un pedido que horas antes hab\u00eda cursado la Junta Electoral de la provincia, en una carta remitida a la presidencia del Senado.<\/p>\n<\/blockquote>\n\n\n\n<p><\/p>\n\n\n\n<p>Cuando las PASO queden suspendidas para las categor\u00edas provinciales \u2013ya lo fueron para las nacionales- los electores bonaerenses quedaran atados al siguiente cronograma: <strong>el 7 de septiembre se votar\u00e1,<\/strong> <strong>con boleta partidaria<\/strong> (la que se viene usando hasta ahora) <strong>senadores y diputados provinciales y concejales;<\/strong> <strong>el 26 de octubre, en tanto, elegir\u00e1n diputados nacionales, pero con la boleta \u00fanica papel.\u00a0<\/strong><\/p>\n\n\n\n<p><\/p>\n\n\n\n<p><em>Fuente:DIB<\/em><\/p>\n","protected":false},"excerpt":{"rendered":"<p>Los bonaerenses votar\u00e1n el 7 de septiembre y el 26 de octubre. Seg\u00fan indicaron fuentes parlamentarias, la sesi\u00f3n ser\u00e1 a<\/p>\n","protected":false},"author":6,"featured_media":169459,"comment_status":"closed","ping_status":"closed","sticky":false,"template":"","format":"standard","meta":{"_jetpack_memberships_contains_paid_content":false,"footnotes":""},"categories":[6,1],"tags":[],"class_list":["post-169457","post","type-post","status-publish","format-standard","has-post-thumbnail","hentry","category-nacionales","category-portada"],"jetpack_featured_media_url":"https:\/\/i0.wp.com\/cdnoticias.com\/wp-content\/uploads\/2025\/04\/ley-paso-.png?fit=870%2C502&ssl=1","jetpack_sharing_enabled":true,"_links":{"self":[{"href":"https:\/\/cdnoticias.com\/index.php\/wp-json\/wp\/v2\/posts\/169457","targetHints":{"allow":["GET"]}}],"collection":[{"href":"https:\/\/cdnoticias.com\/index.php\/wp-json\/wp\/v2\/posts"}],"about":[{"href":"https:\/\/cdnoticias.com\/index.php\/wp-json\/wp\/v2\/types\/post"}],"author":[{"embeddable":true,"href":"https:\/\/cdnoticias.com\/index.php\/wp-json\/wp\/v2\/users\/6"}],"replies":[{"embeddable":true,"href":"https:\/\/cdnoticias.com\/index.php\/wp-json\/wp\/v2\/comments?post=169457"}],"version-history":[{"count":0,"href":"https:\/\/cdnoticias.com\/index.php\/wp-json\/wp\/v2\/posts\/169457\/revisions"}],"wp:featuredmedia":[{"embeddable":true,"href":"https:\/\/cdnoticias.com\/index.php\/wp-json\/wp\/v2\/media\/169459"}],"wp:attachment":[{"href":"https:\/\/cdnoticias.com\/index.php\/wp-json\/wp\/v2\/media?parent=169457"}],"wp:term":[{"taxonomy":"category","embeddable":true,"href":"https:\/\/cdnoticias.com\/index.php\/wp-json\/wp\/v2\/categories?post=169457"},{"taxonomy":"post_tag","embeddable":true,"href":"https:\/\/cdnoticias.com\/index.php\/wp-json\/wp\/v2\/tags?post=169457"}],"curies":[{"name":"wp","href":"https:\/\/api.w.org\/{rel}","templated":true}]}}