{"id":169455,"date":"2025-04-19T19:04:24","date_gmt":"2025-04-19T22:04:24","guid":{"rendered":"https:\/\/cdnoticias.com\/?p=169455"},"modified":"2025-04-20T09:48:00","modified_gmt":"2025-04-20T12:48:00","slug":"el-consumo-masivo-cayo-54-en-marzo-y-ya-suma-16-meses-consecutivos-en-rojo","status":"publish","type":"post","link":"https:\/\/cdnoticias.com\/index.php\/2025\/04\/19\/el-consumo-masivo-cayo-54-en-marzo-y-ya-suma-16-meses-consecutivos-en-rojo\/","title":{"rendered":"El consumo masivo cay\u00f3 5,4% en marzo y ya suma 16 meses consecutivos en rojo"},"content":{"rendered":"\n<p>Tanto supermercados como autoservicios siguen presentando una retracci\u00f3n en las ventas, aunque se desaceler\u00f3 la ca\u00edda.<\/p>\n\n\n\n<hr class=\"wp-block-separator aligncenter has-alpha-channel-opacity\"\/>\n\n\n\n<p>El <strong>consumo en los supermercados y autoservicios cay\u00f3 en marzo un 5,4% interanual<\/strong>, con lo que encaden\u00f3 <strong>16 meses consecutivos de baja.<\/strong>\u00a0Si se toma el primer trimestre, las ventas marcaron una <strong>ca\u00edda de 8,6%,<\/strong> aunque en el \u00c1rea Metropolitana (AMBA) fue m\u00e1s profunda: -9,4%.<\/p>\n\n\n\n<p><\/p>\n\n\n\n<p>Los datos surgen de un informe de la consultora Scentia, que <strong>mide la evoluci\u00f3n de las ventas de los productos empaquetados en los supermercados y autoservicios independientes a nivel nacional.\u00a0<\/strong><\/p>\n\n\n\n<p><\/p>\n\n\n\n<blockquote class=\"wp-block-quote is-layout-flow wp-block-quote-is-layout-flow\">\n<p>Las cifras corresponden previo a la salida del cepo y el nuevo esquema cambiario que aplic\u00f3 el Banco Central y que provoc\u00f3 un salto del d\u00f3lar en torno al 10%.<\/p>\n<\/blockquote>\n\n\n\n<p><\/p>\n\n\n\n<p><strong>\u201cLa situaci\u00f3n entre canales es distinta, dado que los supermercados sufren una contracci\u00f3n de 7,1%, mientras que los autoservicios lo hacen en menor medida, retrocediendo 3,7%\u201d,<\/strong> se\u00f1al\u00f3 Osvaldo Del R\u00edo, director de la consultora, sobre los datos de marzo.<\/p>\n\n\n\n<p><\/p>\n\n\n\n<p>El dato positivo para el Gobierno es que la baja sigue desacelerando. El mes pasado fue el s\u00e9ptimo consecutivo en el que las ventas tuvieron una ca\u00edda interanual menor que la del per\u00edodo anterior.&nbsp;<\/p>\n\n\n\n<p><\/p>\n\n\n\n<p>En febrero, las ventas de los supermercados y autoservicios, que representan cerca de 70% de este segmento, hab\u00edan disminuido 9,8% interanual.<strong> El inicio del declive del consumo se registr\u00f3 en enero de 2024, <\/strong>cuando, tras la devaluaci\u00f3n de diciembre<strong>, la demanda se contrajo un 3,5%<\/strong>. El pico en la ca\u00edda, por su parte, se produjo en septiembre, cuando las ventas tuvieron una baja interanual del 22,3%.<\/p>\n\n\n\n<p><\/p>\n\n\n\n<blockquote class=\"wp-block-quote is-layout-flow wp-block-quote-is-layout-flow\">\n<p>En este \u00faltimo informe, algunas canastas comienzan a mostrar signos de recuperaci\u00f3n y otras contin\u00faan con una situaci\u00f3n que, por ahora, ofrece m\u00e1s resistencia.\u00a0 En este sentido, el consumo en Alimentaci\u00f3n creci\u00f3 0,5% y Perecederos 1,2% interanual, a la vez que Bebidas con Alcohol se desplom\u00f3 18%, Bebidas sin Alcohol, 16%; Impulsivos, 15,6%; Higiene y Cosm\u00e9tica, 3,3%; Limpieza de Ropa y Hogar, 2%; y Desayuno y Merienda, 1,5%.<\/p>\n<\/blockquote>\n\n\n\n<p><\/p>\n\n\n\n<p>Respecto a los servicios p\u00fablicos, los aumentos de las tarifas fueron m\u00e1s moderados que meses anteriores: Vivienda, agua, electricidad, gas y otros combustibles se increment\u00f3 2,9% y transporte 1,7%.<\/p>\n\n\n\n<p><\/p>\n\n\n\n<p>El cambio de composici\u00f3n en la estructura de gastos de los hogares, donde estos \u00faltimos se llevan la mayor proporci\u00f3n, <strong>explica en gran medida la disminuci\u00f3n del consumo masivo. <\/strong>En tanto, las ventas de bienes durable vienen expandi\u00e9ndose como resultado de la expansi\u00f3n del cr\u00e9dito.<\/p>\n\n\n\n<p><\/p>\n\n\n\n<p>Habr\u00e1 que ver, de todas formas, qu\u00e9 pasa con el consumo en las pr\u00f3ximas semanas y <strong>c\u00f3mo impacta el fin del cepo al d\u00f3lar y la implementaci\u00f3n de las bandas de flotaci\u00f3<\/strong>n, con el d\u00f3lar oficial por ahora ubicado en torno a los $1.200, un salto que se traducir\u00e1 en una aceleraci\u00f3n del \u00edndice de inflaci\u00f3n.<\/p>\n\n\n\n<p><\/p>\n\n\n\n<p>Seg\u00fan indicaron desde algunos supermercados<strong>, las listas empezaron a llegar con aumentos que van del 5% al 10% en aceites, harinas, productos de limpieza e higiene personal,<\/strong> entre otros bienes de primera necesidad.\u00a0\u00a0<\/p>\n\n\n\n<p><\/p>\n\n\n\n<p>Fuente: DIB<\/p>\n","protected":false},"excerpt":{"rendered":"<p>Tanto supermercados como autoservicios siguen presentando una retracci\u00f3n en las ventas, aunque se desaceler\u00f3 la ca\u00edda. El consumo en los<\/p>\n","protected":false},"author":6,"featured_media":130717,"comment_status":"closed","ping_status":"closed","sticky":false,"template":"","format":"standard","meta":{"_jetpack_memberships_contains_paid_content":false,"footnotes":""},"categories":[6,1],"tags":[],"class_list":["post-169455","post","type-post","status-publish","format-standard","has-post-thumbnail","hentry","category-nacionales","category-portada"],"jetpack_featured_media_url":"https:\/\/i0.wp.com\/cdnoticias.com\/wp-content\/uploads\/2024\/11\/DIB-supermercado-ventas-precios.jpg?fit=800%2C445&ssl=1","jetpack_sharing_enabled":true,"_links":{"self":[{"href":"https:\/\/cdnoticias.com\/index.php\/wp-json\/wp\/v2\/posts\/169455","targetHints":{"allow":["GET"]}}],"collection":[{"href":"https:\/\/cdnoticias.com\/index.php\/wp-json\/wp\/v2\/posts"}],"about":[{"href":"https:\/\/cdnoticias.com\/index.php\/wp-json\/wp\/v2\/types\/post"}],"author":[{"embeddable":true,"href":"https:\/\/cdnoticias.com\/index.php\/wp-json\/wp\/v2\/users\/6"}],"replies":[{"embeddable":true,"href":"https:\/\/cdnoticias.com\/index.php\/wp-json\/wp\/v2\/comments?post=169455"}],"version-history":[{"count":0,"href":"https:\/\/cdnoticias.com\/index.php\/wp-json\/wp\/v2\/posts\/169455\/revisions"}],"wp:featuredmedia":[{"embeddable":true,"href":"https:\/\/cdnoticias.com\/index.php\/wp-json\/wp\/v2\/media\/130717"}],"wp:attachment":[{"href":"https:\/\/cdnoticias.com\/index.php\/wp-json\/wp\/v2\/media?parent=169455"}],"wp:term":[{"taxonomy":"category","embeddable":true,"href":"https:\/\/cdnoticias.com\/index.php\/wp-json\/wp\/v2\/categories?post=169455"},{"taxonomy":"post_tag","embeddable":true,"href":"https:\/\/cdnoticias.com\/index.php\/wp-json\/wp\/v2\/tags?post=169455"}],"curies":[{"name":"wp","href":"https:\/\/api.w.org\/{rel}","templated":true}]}}