{"id":16944,"date":"2021-03-23T16:32:10","date_gmt":"2021-03-23T19:32:10","guid":{"rendered":"http:\/\/www.centraldenoticias.com.ar\/?p=16944"},"modified":"2021-03-23T19:35:11","modified_gmt":"2021-03-23T22:35:11","slug":"el-intendente-convoco-a-una-conferencia-de-prensa-por-la-situacion-sanitaria","status":"publish","type":"post","link":"https:\/\/cdnoticias.com\/index.php\/2021\/03\/23\/el-intendente-convoco-a-una-conferencia-de-prensa-por-la-situacion-sanitaria\/","title":{"rendered":"El intendente convoc\u00f3 a una conferencia de prensa por la situaci\u00f3n sanitaria"},"content":{"rendered":"<p>Ser\u00e1 desde las 19 en el Sal\u00f3n Blanco de la Municipalidad.<!--more--><\/p>\n<hr \/>\n<p>El intendente Ezequiel Galli encabezar\u00e1 en la tarde de este martes<strong> una conferencia de prensa sobre la situaci\u00f3n sanitaria local, tal como fue confirmado desde el \u00e1rea de comunicaci\u00f3n municipal.<\/strong><\/p>\n<p>&nbsp;<\/p>\n<blockquote><p><em><strong>La conferencia ser\u00e1 transmitida en vivo desde nuestras redes sociales.<\/strong><\/em><\/p><\/blockquote>\n<p>&nbsp;<\/p>\n<p>Si bien no trascendieron mayores detalles acerca del contenido de la misma, <strong>es cada vez m\u00e1s palpable la preocupaci\u00f3n por el incremento de casos en la regi\u00f3n y en el pa\u00eds.<\/strong><\/p>\n<p>&nbsp;<\/p>\n<p>&nbsp;<\/p>\n<p>&nbsp;<\/p>\n","protected":false},"excerpt":{"rendered":"<p>Ser\u00e1 desde las 19 en el Sal\u00f3n Blanco de la Municipalidad.<\/p>\n","protected":false},"author":3,"featured_media":3523,"comment_status":"closed","ping_status":"closed","sticky":false,"template":"","format":"standard","meta":{"_jetpack_memberships_contains_paid_content":false,"footnotes":""},"categories":[5],"tags":[],"class_list":["post-16944","post","type-post","status-publish","format-standard","has-post-thumbnail","hentry","category-informacion-general"],"jetpack_featured_media_url":"https:\/\/i0.wp.com\/cdnoticias.com\/wp-content\/uploads\/2020\/10\/ConferenciaGalliApp1.jpg?fit=4608%2C3072&ssl=1","jetpack_sharing_enabled":true,"_links":{"self":[{"href":"https:\/\/cdnoticias.com\/index.php\/wp-json\/wp\/v2\/posts\/16944","targetHints":{"allow":["GET"]}}],"collection":[{"href":"https:\/\/cdnoticias.com\/index.php\/wp-json\/wp\/v2\/posts"}],"about":[{"href":"https:\/\/cdnoticias.com\/index.php\/wp-json\/wp\/v2\/types\/post"}],"author":[{"embeddable":true,"href":"https:\/\/cdnoticias.com\/index.php\/wp-json\/wp\/v2\/users\/3"}],"replies":[{"embeddable":true,"href":"https:\/\/cdnoticias.com\/index.php\/wp-json\/wp\/v2\/comments?post=16944"}],"version-history":[{"count":0,"href":"https:\/\/cdnoticias.com\/index.php\/wp-json\/wp\/v2\/posts\/16944\/revisions"}],"wp:featuredmedia":[{"embeddable":true,"href":"https:\/\/cdnoticias.com\/index.php\/wp-json\/wp\/v2\/media\/3523"}],"wp:attachment":[{"href":"https:\/\/cdnoticias.com\/index.php\/wp-json\/wp\/v2\/media?parent=16944"}],"wp:term":[{"taxonomy":"category","embeddable":true,"href":"https:\/\/cdnoticias.com\/index.php\/wp-json\/wp\/v2\/categories?post=16944"},{"taxonomy":"post_tag","embeddable":true,"href":"https:\/\/cdnoticias.com\/index.php\/wp-json\/wp\/v2\/tags?post=16944"}],"curies":[{"name":"wp","href":"https:\/\/api.w.org\/{rel}","templated":true}]}}