{"id":169430,"date":"2025-04-19T09:21:19","date_gmt":"2025-04-19T12:21:19","guid":{"rendered":"https:\/\/cdnoticias.com\/?p=169430"},"modified":"2025-04-19T11:49:58","modified_gmt":"2025-04-19T14:49:58","slug":"diversas-empresas-mineras-se-reunieron-con-el-municipio","status":"publish","type":"post","link":"https:\/\/cdnoticias.com\/index.php\/2025\/04\/19\/diversas-empresas-mineras-se-reunieron-con-el-municipio\/","title":{"rendered":"Diversas empresas mineras se reunieron con el Municipio"},"content":{"rendered":"\n<p>Dialogaron acerca de la situaci\u00f3n que atraviesa el sector ante la paralizaci\u00f3n de la obra p\u00fablica. Adem\u00e1s, presentaron una herramienta digital dise\u00f1ada para dar aviso de voladuras.\u00a0<\/p>\n\n\n\n<hr class=\"wp-block-separator aligncenter has-alpha-channel-opacity\"\/>\n\n\n\n<p>En la ma\u00f1ana de este mi\u00e9rcoles<strong> el Municipio se reuni\u00f3 con referentes de firmas de producci\u00f3n minera del Partido de Olavarr\u00eda, <\/strong>en un encuentro que tuvo como objetivo la <strong>presentaci\u00f3n de una herramienta digital<\/strong> dise\u00f1ada desde la Secretar\u00eda de Desarrollo Econ\u00f3mico y Productivo y que servir\u00e1 <strong>para dar aviso de voladuras.&nbsp;<\/strong><\/p>\n\n\n\n<p><\/p>\n\n\n\n<blockquote class=\"wp-block-quote is-layout-flow wp-block-quote-is-layout-flow\">\n<p>A la par, la ocasi\u00f3n sirvi\u00f3 tambi\u00e9n para dialogar acerca de la situaci\u00f3n que se encuentra atravesando el sector ante la paralizaci\u00f3n de la obra p\u00fablica.<\/p>\n<\/blockquote>\n\n\n\n<p><\/p>\n\n\n\n<p>En detalle, la aplicaci\u00f3n fue<strong> realizada por personal t\u00e9cnico municipal utilizando servidores propios,<\/strong> con la intenci\u00f3n de<strong> agilizar la carga de informaci\u00f3n,<\/strong> en el marco de las pautas establecidas en el Manual de Buenas Pr\u00e1cticas Mineras. Entre los puntos abordados, se mencion\u00f3, por ejemplo, que la solicitud de voladura sea con una<strong> anticipaci\u00f3n de 48 horas antes,<\/strong> entre otros aspectos.<\/p>\n\n\n\n<figure class=\"wp-block-image aligncenter size-full\"><img data-recalc-dims=\"1\" loading=\"lazy\" decoding=\"async\" width=\"800\" height=\"446\" src=\"https:\/\/i0.wp.com\/cdnoticias.com\/wp-content\/uploads\/2025\/04\/mineras-secretaria-de-desarrollo-economico-1.jpeg?resize=800%2C446&#038;ssl=1\" alt=\"\" class=\"wp-image-169488\" srcset=\"https:\/\/i0.wp.com\/cdnoticias.com\/wp-content\/uploads\/2025\/04\/mineras-secretaria-de-desarrollo-economico-1.jpeg?w=1000&amp;ssl=1 1000w, https:\/\/i0.wp.com\/cdnoticias.com\/wp-content\/uploads\/2025\/04\/mineras-secretaria-de-desarrollo-economico-1.jpeg?resize=300%2C167&amp;ssl=1 300w, https:\/\/i0.wp.com\/cdnoticias.com\/wp-content\/uploads\/2025\/04\/mineras-secretaria-de-desarrollo-economico-1.jpeg?resize=768%2C428&amp;ssl=1 768w, https:\/\/i0.wp.com\/cdnoticias.com\/wp-content\/uploads\/2025\/04\/mineras-secretaria-de-desarrollo-economico-1.jpeg?resize=800%2C445&amp;ssl=1 800w\" sizes=\"auto, (max-width: 800px) 100vw, 800px\" \/><\/figure>\n\n\n\n<p><\/p>\n\n\n\n<blockquote class=\"wp-block-quote is-layout-flow wp-block-quote-is-layout-flow\">\n<p>Por otra parte, desde la Secretar\u00eda de Desarrollo Econ\u00f3mico y Productivo se puso en valor &#8220;la importancia no s\u00f3lo de generar este tipo de espacios de encuentro y di\u00e1logo entre m\u00faltiples actores, sino tambi\u00e9n la necesidad de darles frecuencia y robustecer esa vinculaci\u00f3n, m\u00e1s en tiempos complejos, ya que permiten la generaci\u00f3n de acciones y herramientas conjuntas&#8221;. <\/p>\n<\/blockquote>\n\n\n\n<p><\/p>\n\n\n\n<p>La actividad se realiz\u00f3 en el Sal\u00f3n Blanco, encabezada por el secretario de Desarrollo Econ\u00f3mico y Productivo Pablo Di Uono, quien estuvo acompa\u00f1ado por el subsecretario de Empresas e Inversiones Bernardo Baldino y el Coordinador de Miner\u00eda, Stefano Zanazzi, adem\u00e1s de integrantes del equipo de trabajo del \u00e1rea. Concurrieron representantes de las empresas de <strong>Piatti, Guerrico, Loma Negra, Cementos Avellaneda, Materser, Minera Tandil, la Ana Rita, Frente Oeste, Polcecal, Pavon\u00e9, Enaex, La Preferida, Granitol, Canteras Argentinas, Buglione &amp; Martinese y Galasur<\/strong>.<\/p>\n","protected":false},"excerpt":{"rendered":"<p>Dialogaron acerca de la situaci\u00f3n que atraviesa el sector ante la paralizaci\u00f3n de la obra p\u00fablica. Adem\u00e1s, presentaron una herramienta<\/p>\n","protected":false},"author":6,"featured_media":169487,"comment_status":"closed","ping_status":"closed","sticky":false,"template":"","format":"standard","meta":{"_jetpack_memberships_contains_paid_content":false,"footnotes":""},"categories":[5,1],"tags":[],"class_list":["post-169430","post","type-post","status-publish","format-standard","has-post-thumbnail","hentry","category-informacion-general","category-portada"],"jetpack_featured_media_url":"https:\/\/i0.wp.com\/cdnoticias.com\/wp-content\/uploads\/2025\/04\/mineras-secretaria-de-desarrollo-economico.jpeg?fit=1000%2C556&ssl=1","jetpack_sharing_enabled":true,"_links":{"self":[{"href":"https:\/\/cdnoticias.com\/index.php\/wp-json\/wp\/v2\/posts\/169430","targetHints":{"allow":["GET"]}}],"collection":[{"href":"https:\/\/cdnoticias.com\/index.php\/wp-json\/wp\/v2\/posts"}],"about":[{"href":"https:\/\/cdnoticias.com\/index.php\/wp-json\/wp\/v2\/types\/post"}],"author":[{"embeddable":true,"href":"https:\/\/cdnoticias.com\/index.php\/wp-json\/wp\/v2\/users\/6"}],"replies":[{"embeddable":true,"href":"https:\/\/cdnoticias.com\/index.php\/wp-json\/wp\/v2\/comments?post=169430"}],"version-history":[{"count":0,"href":"https:\/\/cdnoticias.com\/index.php\/wp-json\/wp\/v2\/posts\/169430\/revisions"}],"wp:featuredmedia":[{"embeddable":true,"href":"https:\/\/cdnoticias.com\/index.php\/wp-json\/wp\/v2\/media\/169487"}],"wp:attachment":[{"href":"https:\/\/cdnoticias.com\/index.php\/wp-json\/wp\/v2\/media?parent=169430"}],"wp:term":[{"taxonomy":"category","embeddable":true,"href":"https:\/\/cdnoticias.com\/index.php\/wp-json\/wp\/v2\/categories?post=169430"},{"taxonomy":"post_tag","embeddable":true,"href":"https:\/\/cdnoticias.com\/index.php\/wp-json\/wp\/v2\/tags?post=169430"}],"curies":[{"name":"wp","href":"https:\/\/api.w.org\/{rel}","templated":true}]}}