{"id":169422,"date":"2025-04-17T20:04:41","date_gmt":"2025-04-17T23:04:41","guid":{"rendered":"https:\/\/cdnoticias.com\/?p=169422"},"modified":"2025-04-18T10:30:15","modified_gmt":"2025-04-18T13:30:15","slug":"ratifican-la-acusacion-contra-ramon-omar-velez-por-homicidio-y-robo-tras-el-crimen-del-martillero-en-azul","status":"publish","type":"post","link":"https:\/\/cdnoticias.com\/index.php\/2025\/04\/17\/ratifican-la-acusacion-contra-ramon-omar-velez-por-homicidio-y-robo-tras-el-crimen-del-martillero-en-azul\/","title":{"rendered":"Ratifican la acusaci\u00f3n contra Ram\u00f3n Omar V\u00e9lez por homicidio y robo tras el crimen del martillero en Azul"},"content":{"rendered":"\n<p>El detenido ampli\u00f3 su declaraci\u00f3n y neg\u00f3 los cargos, pero las pruebas refuerzan la hip\u00f3tesis de su participaci\u00f3n en el asesinato y el robo de pertenencias de la v\u00edctima.<\/p>\n\n\n\n<hr class=\"wp-block-separator aligncenter has-alpha-channel-opacity\"\/>\n\n\n\n<p><em>Con informaci\u00f3n de Diario El Tiempo de Azul<\/em><\/p>\n\n\n\n<p><strong>Ram\u00f3n Omar V\u00e9lez,<\/strong> el hombre oriundo de Mendoza que fue detenido el pasado 4 de febrero en Ciudad de Buenos Aires por el asesinato del martillero Antonio Eduardo Bustos, <strong>volvi\u00f3 a ser indagado este mi\u00e9rcoles en el marco de la investigaci\u00f3n que lleva adelante el fiscal Adri\u00e1n Peiretti (UFI 13).<\/strong><\/p>\n\n\n\n<p>Adem\u00e1s de la imputaci\u00f3n inicial por<em><strong> &#8220;homicidio agravado por el uso de arma de fuego&#8221;<\/strong><\/em>, V\u00e9lez, de 54 a\u00f1os, ahora <strong>enfrenta tambi\u00e9n cargos por &#8220;robo&#8221;, tras detectarse que habr\u00eda sustra\u00eddo varios elementos de la casa de la v\u00edctima, incluyendo un reloj, mochilas, un celular, un DVR con registros de c\u00e1maras de seguridad, un CPU de computadora y un rev\u00f3lver calibre 32. Tambi\u00e9n habr\u00eda huido en la camioneta Chevrolet S10 de Bustos<\/strong>, hallada abandonada en Azul dos d\u00edas despu\u00e9s del crimen.<\/p>\n\n\n\n<p>La nueva audiencia,<strong> realizada de manera remota desde la Unidad 35 de Magdalena donde V\u00e9lez permanece detenido, fue solicitada luego de que la C\u00e1mara Penal de Azul confirmara su prisi\u00f3n preventiva.<\/strong> Seg\u00fan informaron fuentes judiciales y el abogado defensor Guillermo Mareco, el acusado neg\u00f3 conocer a Bustos y rechaz\u00f3 todos los cargos.<\/p>\n\n\n\n<p>Sin embargo, el fiscal Peiretti sostiene que <strong>V\u00e9lez actu\u00f3 con la intenci\u00f3n de limpiar la escena del crimen tras asesinar al martillero de un disparo en la cabeza durante la madrugada del 18 de enero. Posteriormente, habr\u00eda sustra\u00eddo pertenencias y huido en el veh\u00edculo de la v\u00edctima.<\/strong><\/p>\n\n\n\n<p>La investigaci\u00f3n suma elementos que complican la situaci\u00f3n procesal de V\u00e9lez: <strong>se recuper\u00f3 un reloj marca &#8220;Chalisson&#8221; en su poder al momento de su arresto en Villa Lugano, y en su celular se hall\u00f3 una foto de un rev\u00f3lver calibre 32, arma que a\u00fan no fue localizada.<\/strong> A esto se suman registros de c\u00e1maras de seguridad y testimonios que lo ubican en Azul en las fechas previas al crimen.<\/p>\n\n\n\n<p>Seg\u00fan la reconstrucci\u00f3n de los hechos,<strong> V\u00e9lez habr\u00eda viajado a Azul en varias oportunidades, utilizando un Chevrolet Corsa registrado a su nombre. Incluso en septiembre de 2023 protagoniz\u00f3 un accidente de tr\u00e1nsito en inmediaciones de la casa de la v\u00edctima.<\/strong><\/p>\n\n\n\n<p>Con los nuevos elementos incorporados,<strong> la Fiscal\u00eda sostiene que el crimen fue premeditado, aunque todav\u00eda no se ha establecido el m\u00f3vil con certeza.<\/strong><\/p>\n","protected":false},"excerpt":{"rendered":"<p>El detenido ampli\u00f3 su declaraci\u00f3n y neg\u00f3 los cargos, pero las pruebas refuerzan la hip\u00f3tesis de su participaci\u00f3n en el<\/p>\n","protected":false},"author":2,"featured_media":169423,"comment_status":"closed","ping_status":"closed","sticky":false,"template":"","format":"standard","meta":{"_jetpack_memberships_contains_paid_content":false,"footnotes":""},"categories":[14,1],"tags":[],"class_list":["post-169422","post","type-post","status-publish","format-standard","has-post-thumbnail","hentry","category-policiales","category-portada"],"jetpack_featured_media_url":"https:\/\/i0.wp.com\/cdnoticias.com\/wp-content\/uploads\/2025\/04\/martillero-azul-crimen.jpg?fit=755%2C420&ssl=1","jetpack_sharing_enabled":true,"_links":{"self":[{"href":"https:\/\/cdnoticias.com\/index.php\/wp-json\/wp\/v2\/posts\/169422","targetHints":{"allow":["GET"]}}],"collection":[{"href":"https:\/\/cdnoticias.com\/index.php\/wp-json\/wp\/v2\/posts"}],"about":[{"href":"https:\/\/cdnoticias.com\/index.php\/wp-json\/wp\/v2\/types\/post"}],"author":[{"embeddable":true,"href":"https:\/\/cdnoticias.com\/index.php\/wp-json\/wp\/v2\/users\/2"}],"replies":[{"embeddable":true,"href":"https:\/\/cdnoticias.com\/index.php\/wp-json\/wp\/v2\/comments?post=169422"}],"version-history":[{"count":0,"href":"https:\/\/cdnoticias.com\/index.php\/wp-json\/wp\/v2\/posts\/169422\/revisions"}],"wp:featuredmedia":[{"embeddable":true,"href":"https:\/\/cdnoticias.com\/index.php\/wp-json\/wp\/v2\/media\/169423"}],"wp:attachment":[{"href":"https:\/\/cdnoticias.com\/index.php\/wp-json\/wp\/v2\/media?parent=169422"}],"wp:term":[{"taxonomy":"category","embeddable":true,"href":"https:\/\/cdnoticias.com\/index.php\/wp-json\/wp\/v2\/categories?post=169422"},{"taxonomy":"post_tag","embeddable":true,"href":"https:\/\/cdnoticias.com\/index.php\/wp-json\/wp\/v2\/tags?post=169422"}],"curies":[{"name":"wp","href":"https:\/\/api.w.org\/{rel}","templated":true}]}}