{"id":169418,"date":"2025-04-18T09:29:59","date_gmt":"2025-04-18T12:29:59","guid":{"rendered":"https:\/\/cdnoticias.com\/?p=169418"},"modified":"2025-04-18T11:09:34","modified_gmt":"2025-04-18T14:09:34","slug":"sorprendieron-a-cazadores-con-liebres-y-una-mulita-en-epoca-de-veda-fueron-infraccionados","status":"publish","type":"post","link":"https:\/\/cdnoticias.com\/index.php\/2025\/04\/18\/sorprendieron-a-cazadores-con-liebres-y-una-mulita-en-epoca-de-veda-fueron-infraccionados\/","title":{"rendered":"Sorprendieron a cazadores con liebres y una mulita en \u00e9poca de veda: fueron infraccionados"},"content":{"rendered":"\n<p>Fue este mi\u00e9rcoles, en Trabajadores y Ruta 60, en el Camino de los Peregrinos. Cazaban con galgos. Intervino Patrulla Rural.<\/p>\n\n\n\n<hr class=\"wp-block-separator aligncenter has-alpha-channel-opacity\"\/>\n\n\n\n<p>Este mi\u00e9rcoles, <strong>dos hombres fueron infraccionados tras ser sorprendidos con animales muertos en un espacio p\u00fablico en \u00e9poca de veda de caza.<\/strong><\/p>\n\n\n\n<p>El hecho se registr\u00f3 en<strong> Trabajadores y Ruta 60, m\u00e1s precisamente en el Camino de los Peregrinos, <\/strong>cuando personal de Comando de Patrulla Rural sorprendi\u00f3 a estas dos personas que <strong>ten\u00edan en su poder tres liebres europeas y una mulita.<\/strong><\/p>\n\n\n\n<p>Adem\u00e1s, <strong>la caza era realizada con 8 perros galgos.<\/strong><\/p>\n\n\n\n<p>Las piezas cazadas fueron <strong>secuestradas y enviadas al Bioparque La M\u00e1xima, mientras que los perros utilizados para cometer la infracci\u00f3n fueron restituidos a sus due\u00f1os.<\/strong><\/p>\n\n\n\n<p>La car\u00e1tula de la causa es la<strong> infracci\u00f3n de los art\u00edculos 265, 266, 272, 273 INC. \u201cC\u201d, \u201cK\u201d, Y 274 LEY 10.081 \u2013 C\u00f3digo Rural,<\/strong> e interviene el Ministerio de Desarrollo Agrario de la Provincia con sede en La Plata.<\/p>\n","protected":false},"excerpt":{"rendered":"<p>Fue este mi\u00e9rcoles, en Trabajadores y Ruta 60, en el Camino de los Peregrinos. Cazaban con galgos. Intervino Patrulla Rural.<\/p>\n","protected":false},"author":2,"featured_media":169419,"comment_status":"closed","ping_status":"closed","sticky":false,"template":"","format":"standard","meta":{"_jetpack_memberships_contains_paid_content":false,"footnotes":""},"categories":[14,1],"tags":[],"class_list":["post-169418","post","type-post","status-publish","format-standard","has-post-thumbnail","hentry","category-policiales","category-portada"],"jetpack_featured_media_url":"https:\/\/i0.wp.com\/cdnoticias.com\/wp-content\/uploads\/2025\/04\/WhatsApp-Image-2025-04-17-at-19.06.08.jpeg?fit=1280%2C720&ssl=1","jetpack_sharing_enabled":true,"_links":{"self":[{"href":"https:\/\/cdnoticias.com\/index.php\/wp-json\/wp\/v2\/posts\/169418","targetHints":{"allow":["GET"]}}],"collection":[{"href":"https:\/\/cdnoticias.com\/index.php\/wp-json\/wp\/v2\/posts"}],"about":[{"href":"https:\/\/cdnoticias.com\/index.php\/wp-json\/wp\/v2\/types\/post"}],"author":[{"embeddable":true,"href":"https:\/\/cdnoticias.com\/index.php\/wp-json\/wp\/v2\/users\/2"}],"replies":[{"embeddable":true,"href":"https:\/\/cdnoticias.com\/index.php\/wp-json\/wp\/v2\/comments?post=169418"}],"version-history":[{"count":0,"href":"https:\/\/cdnoticias.com\/index.php\/wp-json\/wp\/v2\/posts\/169418\/revisions"}],"wp:featuredmedia":[{"embeddable":true,"href":"https:\/\/cdnoticias.com\/index.php\/wp-json\/wp\/v2\/media\/169419"}],"wp:attachment":[{"href":"https:\/\/cdnoticias.com\/index.php\/wp-json\/wp\/v2\/media?parent=169418"}],"wp:term":[{"taxonomy":"category","embeddable":true,"href":"https:\/\/cdnoticias.com\/index.php\/wp-json\/wp\/v2\/categories?post=169418"},{"taxonomy":"post_tag","embeddable":true,"href":"https:\/\/cdnoticias.com\/index.php\/wp-json\/wp\/v2\/tags?post=169418"}],"curies":[{"name":"wp","href":"https:\/\/api.w.org\/{rel}","templated":true}]}}