{"id":169389,"date":"2025-04-19T16:41:13","date_gmt":"2025-04-19T19:41:13","guid":{"rendered":"https:\/\/cdnoticias.com\/?p=169389"},"modified":"2025-04-19T20:16:30","modified_gmt":"2025-04-19T23:16:30","slug":"ya-esta-abierta-la-inscripcion-para-participar-de-los-juegos-bonaerenses-2025","status":"publish","type":"post","link":"https:\/\/cdnoticias.com\/index.php\/2025\/04\/19\/ya-esta-abierta-la-inscripcion-para-participar-de-los-juegos-bonaerenses-2025\/","title":{"rendered":"Ya est\u00e1 abierta la inscripci\u00f3n para participar de los Juegos Bonaerenses 2025"},"content":{"rendered":"\n<p>Estar\u00e1 disponible hasta el pr\u00f3ximo 18 de mayo, tanto para las categor\u00edas juveniles como personas con discapacidad y adultos mayores. Conoc\u00e9 las disciplinas y el tr\u00e1mite.<\/p>\n\n\n\n<hr class=\"wp-block-separator aligncenter has-alpha-channel-opacity\"\/>\n\n\n\n<p>El Municipio de Olavarr\u00eda informa que<strong> ya se encuentra abierto el per\u00edodo de inscripci\u00f3n para ser parte de la m\u00e1xima cita del deporte y la cultura de la Provincia de Buenos Aires, los Juegos Bonaerenses 2025<\/strong>. Quienes quieran anotarse ya pueden hacerlo, tendr\u00e1n tiempo hasta el <strong>pr\u00f3ximo 18 de mayo.<\/strong><\/p>\n\n\n\n<p><strong>Para disciplinas deportivas, tanto en categor\u00edas juveniles como para personas con discapacidad, el tr\u00e1mite se realiza a trav\u00e9s del sitio oficial de los juegos, juegos.gba.gob.ar. <\/strong><\/p>\n\n\n\n<blockquote class=\"wp-block-quote is-layout-flow wp-block-quote-is-layout-flow\">\n<p>Para personas mayores, en cambio, podr\u00e1n acercarse a partir de este lunes 21 de abril a las oficinas de la Direcci\u00f3n de Deporte Social, en avenida Del Valle 3549 (Casa del Deporte), en el horario de 8 a 12 horas.<\/p>\n<\/blockquote>\n\n\n\n<p>De manera paralela, para ser<strong> parte de las disciplinas culturales, deber\u00e1n dirigirse a la Subsecretar\u00eda de Cultura y Educaci\u00f3n, en Coronel Su\u00e1rez 2924, de lunes a viernes de 8 a 12 horas, o al correo electr\u00f3nico bonaerensecultura@olavarria.gov.ar<\/strong><\/p>\n\n\n\n<p class=\"has-large-font-size\">Categor\u00edas y Disciplinas culturales<\/p>\n\n\n\n<p><strong>Categor\u00eda Juveniles<\/strong><\/p>\n\n\n\n<p>A- SUB 15: podr\u00e1n inscribirse los nacidos en los a\u00f1os 2010, 2011, 2012 y 2013.<\/p>\n\n\n\n<p>B- SUB 18: podr\u00e1n inscribirse los nacidos en los a\u00f1os 2007, 2008 y 2009.<\/p>\n\n\n\n<p>C- \u00daNICA: podr\u00e1n inscribirse los nacidos entre los a\u00f1os 2007 y 2013 inclusive.<\/p>\n\n\n\n<p><strong>Disciplinas<\/strong><\/p>\n\n\n\n<p>Arte Circense Individual o Pareja \u2013 \u00danica<\/p>\n\n\n\n<p>Artes Pl\u00e1sticas:<\/p>\n\n\n\n<p>Dibujo Individual \u2013 Sub 15 \u2013 Sub 18<\/p>\n\n\n\n<p>Objeto Art\u00edstico Individual \u2013 Sub 15 \u2013 Sub 18<\/p>\n\n\n\n<p>Pintura Individual \u2013 Sub 15 \u2013 Sub 18<\/p>\n\n\n\n<p>Mural Individual o Pareja \u2013 \u00danica<\/p>\n\n\n\n<p>Cocineros Bonaerenses<\/p>\n\n\n\n<p>Plato Principal Individual Sub 15 \u2013 Sub 18<\/p>\n\n\n\n<p>Postre Individual Sub 15 \u2013 Sub 18<\/p>\n\n\n\n<p>Danzas:<\/p>\n\n\n\n<p>Danzas Folkl\u00f3ricas Pareja \u2013 Sub 15 \u2013 Sub 18<\/p>\n\n\n\n<p>Danza Tango Pareja \u2013 \u00danica<\/p>\n\n\n\n<p>Malambo Individual \u2013 Sub 15 \u2013 Sub 18<\/p>\n\n\n\n<p>Fotograf\u00eda Individual \u00danica<\/p>\n\n\n\n<p>Freestyle Rap Individual Sub 15 \u2013 Sub 18<\/p>\n\n\n\n<p>Literatura:<\/p>\n\n\n\n<p>Cuento Individual Sub 15 \u2013 Sub 18<\/p>\n\n\n\n<p>Poes\u00eda Individual Sub 15 \u2013 Sub 18<\/p>\n\n\n\n<p>M\u00fasica:<\/p>\n\n\n\n<p>Rock Grupal \u2013 \u00danica<\/p>\n\n\n\n<p>Conjunto Musical Cumbia Grupal \u2013 \u00danica<\/p>\n\n\n\n<p>Solista Vocal Individual \u2013 Sub 15 \u2013 Sub 18<\/p>\n\n\n\n<p>Stand Up Individual \u00danica<\/p>\n\n\n\n<p>Teatro Grupal \u00danica<\/p>\n\n\n\n<p>Videominuto Individual \u2013 Sub 15 \u2013 Sub18<\/p>\n\n\n\n<p><strong>Categor\u00eda Adultos Mayores<\/strong><\/p>\n\n\n\n<p>A- \u00daNICA: podr\u00e1n inscribirse los nacidos en el a\u00f1o 1965 inclusive y anteriores.<\/p>\n\n\n\n<p><strong>Disciplinas<\/strong><\/p>\n\n\n\n<p>Artes Pl\u00e1sticas:<\/p>\n\n\n\n<p>Dibujo Individual \u2013 \u00danica<\/p>\n\n\n\n<p>Objeto Art\u00edstico Individual \u2013 \u00danica<\/p>\n\n\n\n<p>Pintura Individual \u2013 \u00danica<\/p>\n\n\n\n<p>Cocineros Bonaerenses:<\/p>\n\n\n\n<p>Plato Principal Individual \u2013 \u00danica<\/p>\n\n\n\n<p>Postre Individual \u2013 \u00danica<\/p>\n\n\n\n<p>Danzas:<\/p>\n\n\n\n<p>Folkl\u00f3ricas Pareja \u2013 \u00danica<\/p>\n\n\n\n<p>Danza Tango Pareja \u2013 \u00danica<\/p>\n\n\n\n<p>Fotograf\u00eda Individual \u2013 \u00danica<\/p>\n\n\n\n<p>Literatura:<\/p>\n\n\n\n<p>Cuento Individual \u2013 \u00danica<\/p>\n\n\n\n<p>Poes\u00eda Individual \u2013 \u00danica<\/p>\n\n\n\n<p>Solista Vocal Individual \u2013 \u00danica<\/p>\n\n\n\n<p>Teatro Grupal \u2013 \u00danica<\/p>\n\n\n\n<p><strong>Categor\u00eda Personas Con Discapacidad (Pcd)<\/strong><\/p>\n\n\n\n<p>A- \u00daNICA: podr\u00e1n inscribirse los nacidos en el a\u00f1o 2013 inclusive y anteriores<\/p>\n\n\n\n<p>(Ver reglamento general de Cultura PCD y el espec\u00edfico de cada disciplina)<\/p>\n\n\n\n<p><strong>Disciplinas<\/strong><\/p>\n\n\n\n<p>Danzas:<\/p>\n\n\n\n<p>Folkl\u00f3ricas Pcd Pareja \u2013 \u00danica<\/p>\n\n\n\n<p>Danza Teatro Pcd Grupal \u2013 \u00danica<\/p>\n\n\n\n<p>Malambo Pcd Individual \u2013 \u00danica<\/p>\n\n\n\n<p>Dibujo Pcd Individual \u2013 \u00danica<\/p>\n\n\n\n<p>Fotograf\u00eda Pcd Individual \u2013 \u00danica<\/p>\n\n\n\n<p>Narraci\u00f3n Oral Pcd Individual \u2013 \u00danica<\/p>\n\n\n\n<p>Pintura Pcd Individual \u00danica<\/p>\n\n\n\n<p>Objeto Art\u00edstico PCD Individual \u2013 Unica<\/p>\n\n\n\n<p>Solista Vocal Pcd Discapacidad Intelectual Individual \u2013 \u00danica (Intelectual)<\/p>\n\n\n\n<p><strong>Perspectiva de g\u00e9nero<\/strong><\/p>\n\n\n\n<p><strong>Se garantizar\u00e1 la participaci\u00f3n de personas transg\u00e9nero y no binarias de acuerdo a la Ley Provincial N\u00ba 15100<\/strong>, enmarcada en la ley Nacional N\u00ba 26.743 de Identidad de G\u00e9nero y el Decreto N\u00ba 476\/2021 de DNI no binario, en todas las disciplinas y modalidades, en la categor\u00eda correspondiente, en relaci\u00f3n al a\u00f1o de nacimiento.<\/p>\n\n\n\n<p><strong>Las personas que cuenten con DNI con cambio registral, podr\u00e1n participar y competir de acuerdo al g\u00e9nero que indique su Documento Nacional de Identidad. En el caso que figure NO BINARIO, podr\u00e1n participar y competir en la categor\u00eda que elija la persona en cuesti\u00f3n.<\/strong><\/p>\n\n\n\n<p><strong>Las personas que NO cuenten con DNI con cambio registral, que tengan una identidad de g\u00e9nero que no coincida con la consignada en el DNI, podr\u00e1n participar y competir de acuerdo al g\u00e9nero auto-percibido.<\/strong><\/p>\n","protected":false},"excerpt":{"rendered":"<p>Estar\u00e1 disponible hasta el pr\u00f3ximo 18 de mayo, tanto para las categor\u00edas juveniles como personas con discapacidad y adultos mayores.<\/p>\n","protected":false},"author":2,"featured_media":129414,"comment_status":"closed","ping_status":"closed","sticky":false,"template":"","format":"standard","meta":{"_jetpack_memberships_contains_paid_content":false,"footnotes":""},"categories":[29,30,1],"tags":[],"class_list":["post-169389","post","type-post","status-publish","format-standard","has-post-thumbnail","hentry","category-deportes","category-polideportivo","category-portada"],"jetpack_featured_media_url":"https:\/\/i0.wp.com\/cdnoticias.com\/wp-content\/uploads\/2024\/11\/bonaerenses-mar-del-plata-00.jpg?fit=1000%2C556&ssl=1","jetpack_sharing_enabled":true,"_links":{"self":[{"href":"https:\/\/cdnoticias.com\/index.php\/wp-json\/wp\/v2\/posts\/169389","targetHints":{"allow":["GET"]}}],"collection":[{"href":"https:\/\/cdnoticias.com\/index.php\/wp-json\/wp\/v2\/posts"}],"about":[{"href":"https:\/\/cdnoticias.com\/index.php\/wp-json\/wp\/v2\/types\/post"}],"author":[{"embeddable":true,"href":"https:\/\/cdnoticias.com\/index.php\/wp-json\/wp\/v2\/users\/2"}],"replies":[{"embeddable":true,"href":"https:\/\/cdnoticias.com\/index.php\/wp-json\/wp\/v2\/comments?post=169389"}],"version-history":[{"count":0,"href":"https:\/\/cdnoticias.com\/index.php\/wp-json\/wp\/v2\/posts\/169389\/revisions"}],"wp:featuredmedia":[{"embeddable":true,"href":"https:\/\/cdnoticias.com\/index.php\/wp-json\/wp\/v2\/media\/129414"}],"wp:attachment":[{"href":"https:\/\/cdnoticias.com\/index.php\/wp-json\/wp\/v2\/media?parent=169389"}],"wp:term":[{"taxonomy":"category","embeddable":true,"href":"https:\/\/cdnoticias.com\/index.php\/wp-json\/wp\/v2\/categories?post=169389"},{"taxonomy":"post_tag","embeddable":true,"href":"https:\/\/cdnoticias.com\/index.php\/wp-json\/wp\/v2\/tags?post=169389"}],"curies":[{"name":"wp","href":"https:\/\/api.w.org\/{rel}","templated":true}]}}