{"id":169387,"date":"2025-04-18T15:31:02","date_gmt":"2025-04-18T18:31:02","guid":{"rendered":"https:\/\/cdnoticias.com\/?p=169387"},"modified":"2025-04-19T20:15:23","modified_gmt":"2025-04-19T23:15:23","slug":"sarampion-la-provincia-refuerza-la-vacunacion-ante-el-riesgo-de-reintroduccion-del-virus","status":"publish","type":"post","link":"https:\/\/cdnoticias.com\/index.php\/2025\/04\/18\/sarampion-la-provincia-refuerza-la-vacunacion-ante-el-riesgo-de-reintroduccion-del-virus\/","title":{"rendered":"Sarampi\u00f3n: la Provincia refuerza la vacunaci\u00f3n ante el riesgo de reintroducci\u00f3n del virus"},"content":{"rendered":"\n<p>El descenso en las tasas de inmunizaci\u00f3n tras la pandemia y el avance de movimientos antivacunas encendieron la alarma sanitaria.<\/p>\n\n\n\n<hr class=\"wp-block-separator aligncenter has-alpha-channel-opacity\"\/>\n\n\n\n<p>A nueve a\u00f1os de haber sido declarado libre de sarampi\u00f3n, Argentina enfrenta un nuevo riesgo por la baja cobertura de vacunaci\u00f3n. <strong>La preocupaci\u00f3n crece en la Provincia de Buenos Aires, donde ya se inici\u00f3 una campa\u00f1a de refuerzo destinada a ni\u00f1os de entre 6 meses y 5 a\u00f1os, en l\u00ednea con las recomendaciones nacionales.<\/strong><\/p>\n\n\n\n<p>Actualmente, <strong>el pa\u00eds registra 17 casos confirmados y la vacunaci\u00f3n con triple viral \u2014que protege contra sarampi\u00f3n, rub\u00e9ola y paperas\u2014 no alcanza el 95% de cobertura recomendado, lo que expone a la poblaci\u00f3n a la reintroducci\u00f3n del virus. <\/strong>La situaci\u00f3n se replica en otros pa\u00edses de la regi\u00f3n, como Brasil, M\u00e9xico, Venezuela y Estados Unidos, por lo que la Organizaci\u00f3n Panamericana de la Salud (OPS) emiti\u00f3 una alerta.<\/p>\n\n\n\n<blockquote class=\"wp-block-quote is-layout-flow wp-block-quote-is-layout-flow\">\n<p>La enfermedad es altamente contagiosa y puede provocar complicaciones graves, especialmente en ni\u00f1os peque\u00f1os. Una sola persona infectada puede llegar a transmitir el virus a entre 12 y 15 personas en condiciones favorables.<\/p>\n<\/blockquote>\n\n\n\n<p>En este contexto, la estrategia impulsada por la Comisi\u00f3n Nacional de Inmunizaciones (CoNaIn) y el Consejo Federal de Salud contempla <strong>la aplicaci\u00f3n de una dosis extra de vacuna doble viral en el \u00c1rea Metropolitana de Buenos Aires. En la Provincia, la vacunaci\u00f3n es gratuita, no requiere orden m\u00e9dica y se realiza en todos los vacunatorios oficiales.<\/strong><\/p>\n\n\n\n<blockquote class=\"wp-block-quote is-layout-flow wp-block-quote-is-layout-flow\">\n<p>El sarampi\u00f3n puede generar complicaciones como neumon\u00eda, otitis, diarreas graves, encefalitis y, en casos poco frecuentes, panencefalitis esclerosante subaguda, una enfermedad cerebral progresiva.<\/p>\n<\/blockquote>\n\n\n\n<p>Desde el Ministerio de Salud bonaerense recordaron que<strong> el Calendario Nacional de Vacunaci\u00f3n contempla la aplicaci\u00f3n de la vacuna triple viral al a\u00f1o de vida y a los 5 a\u00f1os, y remarcaron la importancia de revisar los carnets de vacunaci\u00f3n y completar los esquemas pendientes.<\/strong><\/p>\n\n\n\n<p>Para conocer el vacunatorio m\u00e1s cercano, se puede ingresar a: <a class=\"\" href=\"https:\/\/www.gba.gob.ar\/vacunacion\/#muni\">https:\/\/www.gba.gob.ar\/vacunacion\/#muni<\/a>.<\/p>\n","protected":false},"excerpt":{"rendered":"<p>El descenso en las tasas de inmunizaci\u00f3n tras la pandemia y el avance de movimientos antivacunas encendieron la alarma sanitaria.<\/p>\n","protected":false},"author":2,"featured_media":63798,"comment_status":"closed","ping_status":"closed","sticky":false,"template":"","format":"standard","meta":{"_jetpack_memberships_contains_paid_content":false,"footnotes":""},"categories":[6,1],"tags":[],"class_list":["post-169387","post","type-post","status-publish","format-standard","has-post-thumbnail","hentry","category-nacionales","category-portada"],"jetpack_featured_media_url":"https:\/\/i0.wp.com\/cdnoticias.com\/wp-content\/uploads\/2022\/08\/vacuna-adolescentes-2-800x445-4.jpg?fit=800%2C445&ssl=1","jetpack_sharing_enabled":true,"_links":{"self":[{"href":"https:\/\/cdnoticias.com\/index.php\/wp-json\/wp\/v2\/posts\/169387","targetHints":{"allow":["GET"]}}],"collection":[{"href":"https:\/\/cdnoticias.com\/index.php\/wp-json\/wp\/v2\/posts"}],"about":[{"href":"https:\/\/cdnoticias.com\/index.php\/wp-json\/wp\/v2\/types\/post"}],"author":[{"embeddable":true,"href":"https:\/\/cdnoticias.com\/index.php\/wp-json\/wp\/v2\/users\/2"}],"replies":[{"embeddable":true,"href":"https:\/\/cdnoticias.com\/index.php\/wp-json\/wp\/v2\/comments?post=169387"}],"version-history":[{"count":0,"href":"https:\/\/cdnoticias.com\/index.php\/wp-json\/wp\/v2\/posts\/169387\/revisions"}],"wp:featuredmedia":[{"embeddable":true,"href":"https:\/\/cdnoticias.com\/index.php\/wp-json\/wp\/v2\/media\/63798"}],"wp:attachment":[{"href":"https:\/\/cdnoticias.com\/index.php\/wp-json\/wp\/v2\/media?parent=169387"}],"wp:term":[{"taxonomy":"category","embeddable":true,"href":"https:\/\/cdnoticias.com\/index.php\/wp-json\/wp\/v2\/categories?post=169387"},{"taxonomy":"post_tag","embeddable":true,"href":"https:\/\/cdnoticias.com\/index.php\/wp-json\/wp\/v2\/tags?post=169387"}],"curies":[{"name":"wp","href":"https:\/\/api.w.org\/{rel}","templated":true}]}}