{"id":169358,"date":"2025-04-17T19:15:00","date_gmt":"2025-04-17T22:15:00","guid":{"rendered":"https:\/\/cdnoticias.com\/?p=169358"},"modified":"2025-04-18T21:26:35","modified_gmt":"2025-04-19T00:26:35","slug":"guillermo-lascano-propuso-el-instrumento-ppp-para-impulsar-obras-municipales","status":"publish","type":"post","link":"https:\/\/cdnoticias.com\/index.php\/2025\/04\/17\/guillermo-lascano-propuso-el-instrumento-ppp-para-impulsar-obras-municipales\/","title":{"rendered":"Guillermo Lascano propuso el \u201cinstrumento PPP\u201d para impulsar obras municipales"},"content":{"rendered":"<p>Adelant\u00f3 que La Libertad Avanza presentar\u00e1 un proyecto de ordenanza. \u201cLa obra p\u00fablica como tal, dif\u00edcilmente vuelva\u201d previ\u00f3 para proponer \u201cOlavarr\u00eda podr\u00eda ser modelo en la provincia\u201d. Le dijo a los empresarios que pueden \u201cformar un UTE\u201d para \u201cdevengar de las tasas\u201d.<\/p>\n<p><!--more--><\/p>\n<hr \/>\n<p>El <strong>dirigente libertario Guillermo Lascano<\/strong> sostuvo que<strong> \u201cla obra p\u00fablica como tal, dif\u00edcilmente vuelva\u201d<\/strong> y ante ello propuso que se aplique el<strong> \u201cinstrumento PPP\u201d (participaci\u00f3n p\u00fablico privada)<\/strong> que <strong>se intent\u00f3 a nivel nacional<\/strong> durante la gesti\u00f3n de Mauricio Macri, aunque <strong>fracas\u00f3 y no se concretaron las obras<\/strong> a pesar de haber llegado a la instancia de licitaci\u00f3n y adjudicaci\u00f3n. Un ejemplo de ello fue la ampliaci\u00f3n de la ruta nacional 3.<\/p>\n<p>\u201cEn Olavarr\u00eda tenemos canteras, cementeras, grandes pymes de movimiento de suelos, grandes empresarios y un municipio escaso de inversi\u00f3n. <strong>Tenemos ley nacional 27.328 de Contratos P\u00fablicos \u2013 Privados\u201d dijo Lascano,<\/strong> director de PAMI sede Olavarr\u00eda y concejal en uso de licencia.<\/p>\n<blockquote class=\"twitter-tweet\">\n<p dir=\"ltr\" lang=\"es\">La obra p\u00fablica como tal, dif\u00edcilmente vuelva.<br \/>\nEn Olavarr\u00eda tenemos canteras, cementeras, grandes pymes de movimiento de suelos, grandes empresarios y un municipio escaso de inversi\u00f3n.<br \/>\nTenemos ley nacional 27.328 de Contratos P\u00fablicos &#8211; Privados.<\/p>\n<p>\u2014 GUILLERMO LASCANO (@guillelascano) <a href=\"https:\/\/twitter.com\/guillelascano\/status\/1912636948499345919?ref_src=twsrc%5Etfw\">April 16, 2025<\/a><\/p><\/blockquote>\n<p><script async src=\"https:\/\/platform.twitter.com\/widgets.js\" charset=\"utf-8\"><\/script><\/p>\n<p>Consider\u00f3 que<strong> \u201cOlavarr\u00eda podr\u00eda ser modelo en la provincia de Buenos Aires<\/strong> en materia de infraestructura rural y urbana. Los empresarios est\u00e1n dispuestos a hacer negocios, s\u00f3lo resta materia gris en la Municipalidad\u201d.<\/p>\n<p>Con ello plante\u00f3 que<strong> \u201csi fuera el intendente Wesner utilizar\u00eda esta herramienta<\/strong> para generar e impulsar un plan de obra como nunca antes tuvo Olavarr\u00eda, bajo el instrumento PPP\u201d. En referencia a lo que inform\u00f3 en las \u00faltimas horas <a href=\"https:\/\/cdnoticias.com\/index.php\/2025\/04\/17\/impuesto-a-la-piedra-nos-estan-planteando-pagarnos-en-especies\/\" target=\"_blank\" rel=\"noopener\">la secretaria de Hacienda municipal, Eugenia Bezzoni<\/a>, de que las canteras propusieron pagar tributos municipales sin dinero Lascano afirm\u00f3 que <strong>\u201csi los privados quieren pagar en especie, tienen la posibilidad de formar un UTE y hacer las obras y devengar de las tasas\u201d<\/strong>.<\/p>\n<p>Por \u00faltimo, adelant\u00f3 que<strong> la semana que viene La Libertad Avanza llevar\u00e1 un proyecto al Concejo Deliberante<\/strong> con esa propuesta. \u201cLa pr\u00f3xima semana presentaremos en el HCD un proyecto de ordenanza <strong>para darle un marco normativo local, que incluya un reglamento y contrato modelo<\/strong>, para que el intendente lo tenga como gu\u00eda y pueda instruir a su equipo avanzar, si es que verdaderamente quiere <em>brindar soluciones y no quedarse en la cr\u00edtica<\/em>\u201d explic\u00f3.<\/p>\n","protected":false},"excerpt":{"rendered":"<p>Adelant\u00f3 que La Libertad Avanza presentar\u00e1 un proyecto de ordenanza. \u201cLa obra p\u00fablica como tal, dif\u00edcilmente vuelva\u201d previ\u00f3 para proponer<\/p>\n","protected":false},"author":4,"featured_media":122540,"comment_status":"closed","ping_status":"closed","sticky":false,"template":"","format":"standard","meta":{"_jetpack_memberships_contains_paid_content":false,"footnotes":""},"categories":[4,1],"tags":[],"class_list":["post-169358","post","type-post","status-publish","format-standard","has-post-thumbnail","hentry","category-politica","category-portada"],"jetpack_featured_media_url":"https:\/\/i0.wp.com\/cdnoticias.com\/wp-content\/uploads\/2024\/08\/ahora-olavarria-la-libertad-avanza-04-guillermo-lascano-celeste-arouxet-oliver-gamondi.jpg?fit=1000%2C557&ssl=1","jetpack_sharing_enabled":true,"_links":{"self":[{"href":"https:\/\/cdnoticias.com\/index.php\/wp-json\/wp\/v2\/posts\/169358","targetHints":{"allow":["GET"]}}],"collection":[{"href":"https:\/\/cdnoticias.com\/index.php\/wp-json\/wp\/v2\/posts"}],"about":[{"href":"https:\/\/cdnoticias.com\/index.php\/wp-json\/wp\/v2\/types\/post"}],"author":[{"embeddable":true,"href":"https:\/\/cdnoticias.com\/index.php\/wp-json\/wp\/v2\/users\/4"}],"replies":[{"embeddable":true,"href":"https:\/\/cdnoticias.com\/index.php\/wp-json\/wp\/v2\/comments?post=169358"}],"version-history":[{"count":0,"href":"https:\/\/cdnoticias.com\/index.php\/wp-json\/wp\/v2\/posts\/169358\/revisions"}],"wp:featuredmedia":[{"embeddable":true,"href":"https:\/\/cdnoticias.com\/index.php\/wp-json\/wp\/v2\/media\/122540"}],"wp:attachment":[{"href":"https:\/\/cdnoticias.com\/index.php\/wp-json\/wp\/v2\/media?parent=169358"}],"wp:term":[{"taxonomy":"category","embeddable":true,"href":"https:\/\/cdnoticias.com\/index.php\/wp-json\/wp\/v2\/categories?post=169358"},{"taxonomy":"post_tag","embeddable":true,"href":"https:\/\/cdnoticias.com\/index.php\/wp-json\/wp\/v2\/tags?post=169358"}],"curies":[{"name":"wp","href":"https:\/\/api.w.org\/{rel}","templated":true}]}}