{"id":169348,"date":"2025-04-18T13:37:01","date_gmt":"2025-04-18T16:37:01","guid":{"rendered":"https:\/\/cdnoticias.com\/?p=169348"},"modified":"2025-04-18T13:37:03","modified_gmt":"2025-04-18T16:37:03","slug":"nuevo-dolar-gobierno-presiona-a-los-super-para-que-no-acepten-listas-con-aumentos-de-precios","status":"publish","type":"post","link":"https:\/\/cdnoticias.com\/index.php\/2025\/04\/18\/nuevo-dolar-gobierno-presiona-a-los-super-para-que-no-acepten-listas-con-aumentos-de-precios\/","title":{"rendered":"Nuevo d\u00f3lar: gobierno presiona a los s\u00faper para que no acepten listas con aumentos de precios"},"content":{"rendered":"\n<p>El ministro Caputo destac\u00f3 que las grandes cadenas rechacen los incrementos; tambi\u00e9n hubo pedidos de la Secretar\u00eda de Comercio.<\/p>\n\n\n\n<hr class=\"wp-block-separator has-alpha-channel-opacity\"\/>\n\n\n\n<p>Despu\u00e9s de que en las \u00faltimas horas los supermercados empezaran a recibir nuevas listas de precios con aumentos de parte de los grandes proveedores,<strong> el gobierno sali\u00f3 a jugar fuerte para evitar que las subas lleguen a las g\u00f3ndolas.<\/strong><\/p>\n\n\n\n<p><\/p>\n\n\n\n<p>P\u00fablicamente, fue el <strong>ministro de Econom\u00eda, Luis Caputo,<\/strong> quien se puso al frente de la cruzada, con un posteo en las redes sociales. <strong>\u201cHoy los supermercados grandes rechazaron la mercader\u00eda con lista de precios nueva de Unilever y Molinos con subas de 9% a 12%\u201d<\/strong>, escribi\u00f3 Caputo en X, y cerr\u00f3 el mensaje con el emoji de aplausos.<\/p>\n\n\n\n<p><\/p>\n\n\n\n<p>Mucho m\u00e1s discretamente, <strong>en m\u00e1s de una cadena de supermercados recibieron un mensaje de parte de la Secretar\u00eda de Comercio. \u201cNo acepten las nuevas listas con aumentos. Nosotros nos vamos a encargar de hablar con los proveedores para que entren en raz\u00f3n\u201d,<\/strong> fue el pedido que les hicieron a los supermercadistas.<\/p>\n\n\n\n<p><\/p>\n\n\n\n<p>Por el momento <strong>en las cadenas aseguran que no est\u00e1n aceptando las listas de precios con aumentos que eval\u00faan como \u201cespeculativos\u201d,<\/strong> es decir que est\u00e1n atados a la suba del d\u00f3lar oficial que se produjo esta semana tras la liberaci\u00f3n del cepo.<\/p>\n\n\n\n<p><\/p>\n\n\n\n<p>\u201cSolo pasan los aumentos de las empresas que vienen manteniendo sus precios desde hace varios meses y con las que ya ten\u00edamos acordado alg\u00fan tipo de actualizaci\u00f3n para estos d\u00edas\u201d, explicaron en una cadena l\u00edder.<\/p>\n\n\n\n<p><\/p>\n\n\n\n<p>En el sector destacan que detr\u00e1s de esta pol\u00edtica de no aceptar nuevas subas no se encuentra tanto una cuesti\u00f3n principista sino algo mucho m\u00e1s pr\u00e1ctico.<strong> \u201cNo podemos aceptar nuevas listas porque b\u00e1sicamente cualquier aumento que trasladamos a las g\u00f3ndolas significa no vender\u201d<\/strong>, explicaron en otra cadena.<\/p>\n\n\n\n<p><\/p>\n\n\n\n<p>En los supermercados adem\u00e1s destacan que a diferencia de lo que pasaba hasta hace poco tiempo, la relativa estabilidad de los \u00faltimos meses hace mucho m\u00e1s dif\u00edcil que un aumento de precios pase inadvertido en las g\u00f3ndolas. \u201cNo es como antes, porque el cliente se acostumbr\u00f3 a pagar el mismo precio desde hace varios meses y reacciona cuando le quer\u00e9s colar un aumento\u201d, explican en el sector.<\/p>\n\n\n\n<p><\/p>\n\n\n\n<p><strong>Escenario complicado<\/strong><\/p>\n\n\n\n<p><br>Entre los proveedores, por su parte, no hay unanimidad sobre los pasos a dar ante el nuevo escenario que se abri\u00f3 a partir de la devaluaci\u00f3n y la salida del cepo. <strong>Si bien algunas empresas grandes, como Molinos R\u00edo de la Plata y Unilever, fueron las primeras en reaccionar con nuevas listas de precios, otras compa\u00f1\u00edas l\u00edderes se mostraron m\u00e1s cautas <\/strong>a la hora de avanzar con los aumentos.<\/p>\n\n\n\n<p><\/p>\n\n\n\n<p>La sensaci\u00f3n predominante entre supermercados y proveedores de que no hay margen para avanzar con grandes aumentos es confirmada por las mediciones privadas que dan cuenta de la evoluci\u00f3n del consumo.<\/p>\n\n\n\n<p><\/p>\n\n\n\n<p>En las \u00faltimas horas se conoci\u00f3 el \u00faltimo relevamiento de la <strong>consultora Scentia que inform\u00f3 en marzo las ventas de productos de la canasta b\u00e1sica (alimentos, bebidas, art\u00edculos de tocador y de limpieza) registr\u00f3 una ca\u00edda interanual del 5,4%<\/strong> y de esta manera ya suman 16 los meses con n\u00fameros negativos en las g\u00f3ndolas.<\/p>\n\n\n\n<p><\/p>\n\n\n\n<p><em>Fuente: DIB.<\/em><\/p>\n","protected":false},"excerpt":{"rendered":"<p>El ministro Caputo destac\u00f3 que las grandes cadenas rechacen los incrementos; tambi\u00e9n hubo pedidos de la Secretar\u00eda de Comercio. Despu\u00e9s<\/p>\n","protected":false},"author":5,"featured_media":168873,"comment_status":"closed","ping_status":"closed","sticky":false,"template":"","format":"standard","meta":{"_jetpack_memberships_contains_paid_content":false,"footnotes":""},"categories":[6,1],"tags":[],"class_list":["post-169348","post","type-post","status-publish","format-standard","has-post-thumbnail","hentry","category-nacionales","category-portada"],"jetpack_featured_media_url":"https:\/\/i0.wp.com\/cdnoticias.com\/wp-content\/uploads\/2025\/04\/supermercados-gondolas.jpg?fit=1200%2C800&ssl=1","jetpack_sharing_enabled":true,"_links":{"self":[{"href":"https:\/\/cdnoticias.com\/index.php\/wp-json\/wp\/v2\/posts\/169348","targetHints":{"allow":["GET"]}}],"collection":[{"href":"https:\/\/cdnoticias.com\/index.php\/wp-json\/wp\/v2\/posts"}],"about":[{"href":"https:\/\/cdnoticias.com\/index.php\/wp-json\/wp\/v2\/types\/post"}],"author":[{"embeddable":true,"href":"https:\/\/cdnoticias.com\/index.php\/wp-json\/wp\/v2\/users\/5"}],"replies":[{"embeddable":true,"href":"https:\/\/cdnoticias.com\/index.php\/wp-json\/wp\/v2\/comments?post=169348"}],"version-history":[{"count":0,"href":"https:\/\/cdnoticias.com\/index.php\/wp-json\/wp\/v2\/posts\/169348\/revisions"}],"wp:featuredmedia":[{"embeddable":true,"href":"https:\/\/cdnoticias.com\/index.php\/wp-json\/wp\/v2\/media\/168873"}],"wp:attachment":[{"href":"https:\/\/cdnoticias.com\/index.php\/wp-json\/wp\/v2\/media?parent=169348"}],"wp:term":[{"taxonomy":"category","embeddable":true,"href":"https:\/\/cdnoticias.com\/index.php\/wp-json\/wp\/v2\/categories?post=169348"},{"taxonomy":"post_tag","embeddable":true,"href":"https:\/\/cdnoticias.com\/index.php\/wp-json\/wp\/v2\/tags?post=169348"}],"curies":[{"name":"wp","href":"https:\/\/api.w.org\/{rel}","templated":true}]}}