{"id":169306,"date":"2025-04-16T19:25:13","date_gmt":"2025-04-16T22:25:13","guid":{"rendered":"https:\/\/cdnoticias.com\/?p=169306"},"modified":"2025-04-17T08:19:14","modified_gmt":"2025-04-17T11:19:14","slug":"wesner-en-la-firma-del-fondo-de-fortalecimiento-de-la-seguridad","status":"publish","type":"post","link":"https:\/\/cdnoticias.com\/index.php\/2025\/04\/16\/wesner-en-la-firma-del-fondo-de-fortalecimiento-de-la-seguridad\/","title":{"rendered":"Wesner en la firma del Fondo de Fortalecimiento de la Seguridad"},"content":{"rendered":"\n<p>Se trata de otra camada de jefes comunales que adhirieron al Fondo que llegar\u00e1 a los Municipios. Para Olavarr\u00eda representa m\u00e1s de 600 millones de pesos.<\/p>\n\n\n\n<hr class=\"wp-block-separator aligncenter has-alpha-channel-opacity\"\/>\n\n\n\n<p>Este mi\u00e9rcoles, <strong>el intendente Maximiliano Wesner particip\u00f3 del acto de adhesi\u00f3n al Fondo de Fortalecimiento de la Seguridad, que representar\u00e1 para Olavarr\u00eda m\u00e1s de 600 millones de pesos destinados a la materia.<\/strong><\/p>\n\n\n\n<p>En acto, que fue encabezado por el gobernador Axel Kicillof y el ministro de Seguridad Javier Alonso, tuvo al mandatario bonaerense como orador y se\u00f1al\u00f3 que <em>\u201ces una inversi\u00f3n provincial que ejecutar\u00e1n cada uno de los distritos: trabajamos de forma coordinada porque nos votaron para que el Estado funcione mejor y brinde respuestas a las necesidades de nuestro pueblo\u201d. <strong>\u201cEste gran esfuerzo, con el que vamos a seguir sumando patrulleros, equipamiento y tecnolog\u00eda en los 135 municipios, no implica que dejemos de reclamar ante la Corte Suprema los recursos que la Naci\u00f3n les quit\u00f3 a los y las bonaerenses de manera ilegal\u201d<\/strong><\/em>, a\u00f1adi\u00f3.<\/p>\n\n\n\n<figure class=\"wp-block-image size-large\"><img data-recalc-dims=\"1\" loading=\"lazy\" decoding=\"async\" width=\"800\" height=\"534\" src=\"https:\/\/i0.wp.com\/cdnoticias.com\/wp-content\/uploads\/2025\/04\/AB_37213.jpg?resize=800%2C534&#038;ssl=1\" alt=\"\" class=\"wp-image-169307\" srcset=\"https:\/\/i0.wp.com\/cdnoticias.com\/wp-content\/uploads\/2025\/04\/AB_37213-scaled.jpg?resize=1024%2C683&amp;ssl=1 1024w, https:\/\/i0.wp.com\/cdnoticias.com\/wp-content\/uploads\/2025\/04\/AB_37213-scaled.jpg?resize=300%2C200&amp;ssl=1 300w, https:\/\/i0.wp.com\/cdnoticias.com\/wp-content\/uploads\/2025\/04\/AB_37213-scaled.jpg?resize=768%2C512&amp;ssl=1 768w, https:\/\/i0.wp.com\/cdnoticias.com\/wp-content\/uploads\/2025\/04\/AB_37213-scaled.jpg?resize=1536%2C1024&amp;ssl=1 1536w, https:\/\/i0.wp.com\/cdnoticias.com\/wp-content\/uploads\/2025\/04\/AB_37213-scaled.jpg?resize=2048%2C1365&amp;ssl=1 2048w, https:\/\/i0.wp.com\/cdnoticias.com\/wp-content\/uploads\/2025\/04\/AB_37213-scaled.jpg?resize=272%2C182&amp;ssl=1 272w, https:\/\/i0.wp.com\/cdnoticias.com\/wp-content\/uploads\/2025\/04\/AB_37213-scaled.jpg?w=1600&amp;ssl=1 1600w, https:\/\/i0.wp.com\/cdnoticias.com\/wp-content\/uploads\/2025\/04\/AB_37213-scaled.jpg?w=2400&amp;ssl=1 2400w\" sizes=\"auto, (max-width: 800px) 100vw, 800px\" \/><\/figure>\n\n\n\n<p>Durante el acto llevado a cabo en el Sal\u00f3n Dorado de la Casa de Gobierno, Kicillof se\u00f1al\u00f3, con cr\u00edticas a la gesti\u00f3n Milei, que <em>\u201cdicen expl\u00edcitamente que quieren fundir a las provincias pero esos recursos son el fruto del esfuerzo de los trabajadores bonaerenses y deben ser utilizados por el Estado nacional para cumplir con sus obligaciones\u201d. <strong>\u201cDesde la Provincia podemos trabajar todos los d\u00edas para compensar esta situaci\u00f3n, pero un pa\u00eds federal no puede prescindir del Gobierno nacional\u201d,<\/strong><\/em> agreg\u00f3.<\/p>\n\n\n\n<p>Presentado el pasado 26 de marzo en la Escuela de la Polic\u00eda \u201cJuan Vucetich\u201d, el fondo implica una inversi\u00f3n de $170.000 millones para fortalecer la seguridad en los 135 distritos. <strong>Prev\u00e9 la compra de veh\u00edculos policiales, infraestructura, equipamiento y otros gastos en los municipios con m\u00e1s de 70.000 habitantes, y la triplicaci\u00f3n de los recursos para las polic\u00edas comunales en los distritos con menos habitantes. Asimismo, se adquirieron 750 nuevos patrulleros y 700 motos para la Polic\u00eda provincial.<\/strong><\/p>\n\n\n\n<p>Por su parte, Alonso subray\u00f3<em><strong>: \u201cEste amplio fondo forma parte de una pol\u00edtica de seguridad que se lleva adelante con los 135 intendentes, teniendo en cuenta las caracter\u00edsticas y los tratamientos de los municipios: lo hacemos sin ning\u00fan tipo de distinci\u00f3n pol\u00edtica, pensando \u00fanicamente en seguir llevando m\u00e1s tranquilidad a cada barrio bonaerense\u201d.<\/strong><\/em><\/p>\n\n\n\n<figure class=\"wp-block-image size-large\"><img data-recalc-dims=\"1\" loading=\"lazy\" decoding=\"async\" width=\"800\" height=\"524\" src=\"https:\/\/i0.wp.com\/cdnoticias.com\/wp-content\/uploads\/2025\/04\/SGE6054.jpg?resize=800%2C524&#038;ssl=1\" alt=\"\" class=\"wp-image-169308\" srcset=\"https:\/\/i0.wp.com\/cdnoticias.com\/wp-content\/uploads\/2025\/04\/SGE6054-scaled.jpg?resize=1024%2C671&amp;ssl=1 1024w, https:\/\/i0.wp.com\/cdnoticias.com\/wp-content\/uploads\/2025\/04\/SGE6054-scaled.jpg?resize=300%2C197&amp;ssl=1 300w, https:\/\/i0.wp.com\/cdnoticias.com\/wp-content\/uploads\/2025\/04\/SGE6054-scaled.jpg?resize=768%2C503&amp;ssl=1 768w, https:\/\/i0.wp.com\/cdnoticias.com\/wp-content\/uploads\/2025\/04\/SGE6054-scaled.jpg?resize=1536%2C1006&amp;ssl=1 1536w, https:\/\/i0.wp.com\/cdnoticias.com\/wp-content\/uploads\/2025\/04\/SGE6054-scaled.jpg?resize=2048%2C1342&amp;ssl=1 2048w, https:\/\/i0.wp.com\/cdnoticias.com\/wp-content\/uploads\/2025\/04\/SGE6054-scaled.jpg?w=1600&amp;ssl=1 1600w, https:\/\/i0.wp.com\/cdnoticias.com\/wp-content\/uploads\/2025\/04\/SGE6054-scaled.jpg?w=2400&amp;ssl=1 2400w\" sizes=\"auto, (max-width: 800px) 100vw, 800px\" \/><\/figure>\n\n\n\n<p>Por \u00faltimo, Kicillof subray\u00f3<em>: \u201cNuestro mandato no es destruir el Estado, al contrario, es ampliarlo para seguir otorgando derechos y trabajando para que nuestra sociedad tenga m\u00e1s trabajo, salud, educaci\u00f3n y seguridad\u201d.<\/em><\/p>\n\n\n\n<p>En esta oportunidad, adem\u00e1s de Wesner, suscribieron el convenio las y los intendentes de Ayacucho, Emilio Cordonnier; de Balcarce, Esteban Reino; de Bol\u00edvar, Marcos Pisano; de Campana, Sebasti\u00e1n Abella; de Capit\u00e1n Sarmiento, Fernanda Astorino Hurtado; de Castelli, Francisco Echarren; de Coronel Pringles, Lisandro Matzkin; de General Alvarado, Sebasti\u00e1n Ianantuony; de General Guido, Carlos Rocha; de General Pinto, Alfredo Zavatarelli; de Hurlingham, Dami\u00e1n Selci; de Jun\u00edn, Pablo Petrecca; de Ramallo, Mauro Poletti; de Saavedra, Mat\u00edas Nebot; de Tordillo, H\u00e9ctor Olivera; de Tres de Febrero, Diego Valenzuela; de Veinticinco de Mayo, Ramiro Eg\u00fcen; y de Vicente L\u00f3pez, Soledad Mart\u00ednez.<\/p>\n\n\n\n<p>Estuvieron presentes la jefa de Asesores del Gobernador, Cristina \u00c1lvarez Rodr\u00edguez; el ministro de Econom\u00eda, Pablo L\u00f3pez; el jefe de la Polic\u00eda provincial, Javier Villar; funcionarios y funcionarias provinciales.<\/p>\n","protected":false},"excerpt":{"rendered":"<p>Se trata de otra camada de jefes comunales que adhirieron al Fondo que llegar\u00e1 a los Municipios. Para Olavarr\u00eda representa<\/p>\n","protected":false},"author":2,"featured_media":169309,"comment_status":"closed","ping_status":"closed","sticky":false,"template":"","format":"standard","meta":{"_jetpack_memberships_contains_paid_content":false,"footnotes":""},"categories":[5,1],"tags":[],"class_list":["post-169306","post","type-post","status-publish","format-standard","has-post-thumbnail","hentry","category-informacion-general","category-portada"],"jetpack_featured_media_url":"https:\/\/i0.wp.com\/cdnoticias.com\/wp-content\/uploads\/2025\/04\/77A52192-scaled.jpg?fit=2560%2C1707&ssl=1","jetpack_sharing_enabled":true,"_links":{"self":[{"href":"https:\/\/cdnoticias.com\/index.php\/wp-json\/wp\/v2\/posts\/169306","targetHints":{"allow":["GET"]}}],"collection":[{"href":"https:\/\/cdnoticias.com\/index.php\/wp-json\/wp\/v2\/posts"}],"about":[{"href":"https:\/\/cdnoticias.com\/index.php\/wp-json\/wp\/v2\/types\/post"}],"author":[{"embeddable":true,"href":"https:\/\/cdnoticias.com\/index.php\/wp-json\/wp\/v2\/users\/2"}],"replies":[{"embeddable":true,"href":"https:\/\/cdnoticias.com\/index.php\/wp-json\/wp\/v2\/comments?post=169306"}],"version-history":[{"count":0,"href":"https:\/\/cdnoticias.com\/index.php\/wp-json\/wp\/v2\/posts\/169306\/revisions"}],"wp:featuredmedia":[{"embeddable":true,"href":"https:\/\/cdnoticias.com\/index.php\/wp-json\/wp\/v2\/media\/169309"}],"wp:attachment":[{"href":"https:\/\/cdnoticias.com\/index.php\/wp-json\/wp\/v2\/media?parent=169306"}],"wp:term":[{"taxonomy":"category","embeddable":true,"href":"https:\/\/cdnoticias.com\/index.php\/wp-json\/wp\/v2\/categories?post=169306"},{"taxonomy":"post_tag","embeddable":true,"href":"https:\/\/cdnoticias.com\/index.php\/wp-json\/wp\/v2\/tags?post=169306"}],"curies":[{"name":"wp","href":"https:\/\/api.w.org\/{rel}","templated":true}]}}