{"id":169300,"date":"2025-04-16T18:26:43","date_gmt":"2025-04-16T21:26:43","guid":{"rendered":"https:\/\/cdnoticias.com\/?p=169300"},"modified":"2025-04-16T20:08:13","modified_gmt":"2025-04-16T23:08:13","slug":"el-diputado-olavarriense-martin-endere-pidio-incorporar-seguridad-vial-a-la-curricula-educativa-provincial","status":"publish","type":"post","link":"https:\/\/cdnoticias.com\/index.php\/2025\/04\/16\/el-diputado-olavarriense-martin-endere-pidio-incorporar-seguridad-vial-a-la-curricula-educativa-provincial\/","title":{"rendered":"El diputado olavarriense Mart\u00edn Endere pidi\u00f3 incorporar Seguridad Vial a la curr\u00edcula educativa provincial"},"content":{"rendered":"\n<p>Fue a trav\u00e9s de un proyecto de Ley presentado en la legislatura bonaerense. Es para quinto y sexto a\u00f1o de nivel secundario. \u201cEl 42% de dichos siniestros se da en hombres j\u00f3venes entre 15 y 34 a\u00f1os\u201d dijo el legislador.<\/p>\n\n\n\n<hr class=\"wp-block-separator aligncenter has-alpha-channel-opacity\"\/>\n\n\n\n<p>El <strong>diputado provincial olavarriense Mart\u00edn Endere (PRO)<\/strong> solicit\u00f3, a trav\u00e9s de un proyecto de ley, <strong>incorporar a la educaci\u00f3n vial al sistema educativo de la provincia de Buenos Aires.<\/strong><\/p>\n\n\n\n<p>En este sentido, el proyecto presentado en la C\u00e1mara de Diputados bonaerense estipula que <strong>los alumnos que hayan aprobado los contenidos dispuestos curricularmente se les otorgara un certificado, cuya vigencia ser\u00e1 de un a\u00f1o, por el cual ser\u00e1n eximidos de el examen te\u00f3rico para obtener la primera licencia de conducir, debiendo rendir solo el examen pr\u00e1ctico.<\/strong><\/p>\n\n\n\n<p>El mencionado proyecto de ley establece que <strong>corresponder\u00e1 a la Direcci\u00f3n General de Cultura y Educaci\u00f3n de la provincia de Buenos Aires incorporar en la curr\u00edcula educativa las pr\u00e1cticas de educaci\u00f3n vial en forma transversal a cada contenido curricular.<\/strong><\/p>\n\n\n\n<p>Asimismo,<strong> incorporar la asignatura titulada Educaci\u00f3n Vial como contenido obligatorio en 5\u00ba y 6\u00ba a\u00f1o del nivel educativo <\/strong>e implementar programas de formaci\u00f3n continua para docentes en el \u00e1rea de educaci\u00f3n vial, proporcionando herramientas y estrategias.<\/p>\n\n\n\n<p>Adem\u00e1s,<strong> la Direcci\u00f3n General de Cultura y Educaci\u00f3n deber\u00e1 desarrollar m\u00e9todos de evaluaci\u00f3n para medir el progreso en el desarrollo de habilidades de conducci\u00f3n, promoviendo la seguridad vial tanto individual como colectiva y tendr\u00e1 que promover campa\u00f1as de divulgaci\u00f3n para concientizar a la comunidad educativa y a los padres sobre la importancia de la educaci\u00f3n vial en el desarrollo integral de los estudiantes.<\/strong><\/p>\n\n\n\n<blockquote class=\"wp-block-quote is-layout-flow wp-block-quote-is-layout-flow\">\n<p><em>\u201cSeg\u00fan el \u00faltimo informe de siniestralidad vial emitido por la Agencia Nacional de Seguridad Vial, en la Provincia de Buenos Aires se registraron en el a\u00f1o 2023 novecientos cincuenta y cuatro siniestros fatales que le costaron la vida a 1352 personas en todo el territorio bonaerense y el 42% de dichos siniestros se da en hombres j\u00f3venes entre 15 y 34 a\u00f1os\u201d<\/em>, explic\u00f3 Mart\u00edn Endere.<\/p>\n<\/blockquote>\n\n\n\n<p><em><strong>\u201cEn tal sentido es imprescindible que la educaci\u00f3n vial comience desde edad temprana en la escuela como una pol\u00edtica de Estado, donde el menor en edad de tramitar una licencia cuente con los conocimientos adquiridos, y que no sea s\u00f3lo un mero hecho administrativo o examen de rutina\u201d<\/strong><\/em>, agreg\u00f3 el legislador olavarriense.<\/p>\n\n\n\n<p>Finalmente, Endere indic\u00f3:<em> \u201csabemos que la Provincia ya cuenta con el programa Licencia Joven y ya solicitamos en junio del a\u00f1o pasado la implementaci\u00f3n en todo el territorio bonaerense porque hoy solo se circunscribe a determinados municipios\u201d.<\/em><\/p>\n","protected":false},"excerpt":{"rendered":"<p>Fue a trav\u00e9s de un proyecto de Ley presentado en la legislatura bonaerense. Es para quinto y sexto a\u00f1o de<\/p>\n","protected":false},"author":2,"featured_media":129854,"comment_status":"closed","ping_status":"closed","sticky":false,"template":"","format":"standard","meta":{"_jetpack_memberships_contains_paid_content":false,"footnotes":""},"categories":[4,1],"tags":[],"class_list":["post-169300","post","type-post","status-publish","format-standard","has-post-thumbnail","hentry","category-politica","category-portada"],"jetpack_featured_media_url":"https:\/\/i0.wp.com\/cdnoticias.com\/wp-content\/uploads\/2024\/11\/martin-endere.jpg?fit=900%2C487&ssl=1","jetpack_sharing_enabled":true,"_links":{"self":[{"href":"https:\/\/cdnoticias.com\/index.php\/wp-json\/wp\/v2\/posts\/169300","targetHints":{"allow":["GET"]}}],"collection":[{"href":"https:\/\/cdnoticias.com\/index.php\/wp-json\/wp\/v2\/posts"}],"about":[{"href":"https:\/\/cdnoticias.com\/index.php\/wp-json\/wp\/v2\/types\/post"}],"author":[{"embeddable":true,"href":"https:\/\/cdnoticias.com\/index.php\/wp-json\/wp\/v2\/users\/2"}],"replies":[{"embeddable":true,"href":"https:\/\/cdnoticias.com\/index.php\/wp-json\/wp\/v2\/comments?post=169300"}],"version-history":[{"count":0,"href":"https:\/\/cdnoticias.com\/index.php\/wp-json\/wp\/v2\/posts\/169300\/revisions"}],"wp:featuredmedia":[{"embeddable":true,"href":"https:\/\/cdnoticias.com\/index.php\/wp-json\/wp\/v2\/media\/129854"}],"wp:attachment":[{"href":"https:\/\/cdnoticias.com\/index.php\/wp-json\/wp\/v2\/media?parent=169300"}],"wp:term":[{"taxonomy":"category","embeddable":true,"href":"https:\/\/cdnoticias.com\/index.php\/wp-json\/wp\/v2\/categories?post=169300"},{"taxonomy":"post_tag","embeddable":true,"href":"https:\/\/cdnoticias.com\/index.php\/wp-json\/wp\/v2\/tags?post=169300"}],"curies":[{"name":"wp","href":"https:\/\/api.w.org\/{rel}","templated":true}]}}