{"id":169272,"date":"2025-04-18T19:10:35","date_gmt":"2025-04-18T22:10:35","guid":{"rendered":"https:\/\/cdnoticias.com\/?p=169272"},"modified":"2025-04-18T19:10:36","modified_gmt":"2025-04-18T22:10:36","slug":"charla-en-coopelectric-sobre-conocimientos-de-arqueologia-en-nuestra-region","status":"publish","type":"post","link":"https:\/\/cdnoticias.com\/index.php\/2025\/04\/18\/charla-en-coopelectric-sobre-conocimientos-de-arqueologia-en-nuestra-region\/","title":{"rendered":"Charla en Coopelectric sobre conocimientos de arqueolog\u00eda en nuestra regi\u00f3n"},"content":{"rendered":"\n<p>Ser\u00e1 dictada por el Dr. Pablo Messineo sobre &#8220;\u00bfQu\u00e9 nos cuenta la arqueolog\u00eda sobre la forma de vida de los grupos humanos en el pasado?&#8221;. El jueves 24 de abril a las 19:30. Entrada libre y gratuita.<\/p>\n\n\n\n<hr class=\"wp-block-separator aligncenter has-alpha-channel-opacity\"\/>\n\n\n\n<p>En el marco del \u201c<strong>Ciclo de Charlas 2025\u201d<\/strong> <strong>de Coopelectric<\/strong>, se invita a la comunidad a participar de la charla: <strong><em>\u201c\u00bfQu\u00e9 nos cuenta la arqueolog\u00eda sobre la forma de vida de los grupos humanos en el pasado?\u201d.&nbsp;<\/em><\/strong><\/p>\n\n\n\n<p><\/p>\n\n\n\n<p>La misma ser\u00e1 dictada por el<strong> Dr. Pablo Messineo,<\/strong> el <strong>jueves 24 de abril a las 19:30 horas<\/strong> en el <strong>Sal\u00f3n Audit\u00f3rium de Coopelectric<\/strong> (Belgrano 2850), con <strong>entrada libre y gratuita.<\/strong><\/p>\n\n\n\n<p><\/p>\n\n\n\n<blockquote class=\"wp-block-quote is-layout-flow wp-block-quote-is-layout-flow\">\n<p>Durante la charla se expondr\u00e1n los principales resultados de las investigaciones arqueol\u00f3gicas que se han efectuado en Olavarr\u00eda y alrededores durante los \u00faltimos 25 a\u00f1os. Uno de los ejes estar\u00e1 centrado en las ocupaciones humanas m\u00e1s antiguas en el interior de los pastizales pampeanos y cu\u00e1les fueron los recursos explotados por estos grupos.&nbsp;<\/p>\n<\/blockquote>\n\n\n\n<p><\/p>\n\n\n\n<p>Otro de los ejes propuestos se vincula con los<strong> sitios descubiertos en las sierras de Olavarr\u00eda, <\/strong>un sector que durante m\u00e1s de 12000 a\u00f1os funcion\u00f3 como espacio para adquirir rocas, pigmentos, arcillas y variados recursos animales y vegetales por parte de las poblaciones ind\u00edgenas.<\/p>\n\n\n\n<p><\/p>\n\n\n\n<p>Al mismo tiempo se brindar\u00e1 informaci\u00f3n sobre<strong> las ocupaciones ind\u00edgenas previas a la conquista hispano-ind\u00edgena<\/strong>, correspondiente al per\u00edodo denominado Holoceno tard\u00edo.<\/p>\n\n\n\n<p><\/p>\n\n\n\n<p class=\"has-medium-font-size\"><strong>Sobre Pablo Messineo<\/strong><\/p>\n\n\n\n<p>Pablo G. Messineo es Doctor en Ciencias Naturales por la Universidad Nacional de La Plata (2008) y Licenciado en Antropolog\u00eda con orientaci\u00f3n en Arqueolog\u00eda (1999) por la Facultad de Ciencias Sociales, Universidad Nacional del Centro de la Provincia de Buenos Aires. <\/p>\n\n\n\n<p><\/p>\n\n\n\n<p>Actualmente, se desempe\u00f1a como Investigador Independiente del CONICET (con lugar de trabajo en la Unidad Ejecutora INCUAPA-CONICET-UNICEN), es Profesor Titular en las c\u00e1tedras de Arqueolog\u00eda Argentina I y II de FACSO, forma parte de la planta docente estable del Doctorado en Arqueolog\u00eda y es Director del Departamento de Arqueolog\u00eda (FACSO-UNICEN).<\/p>\n\n\n\n<p><\/p>\n\n\n\n<p>Participa en calidad de director y colaborador de varios proyectos de investigaci\u00f3n arqueol\u00f3gica y ha dirigido proyectos financiados por organismos nacionales, como ANPCYT y CONICET, e internacionales, como National Geographic Society (2015 y 2018). <\/p>\n\n\n\n<p><\/p>\n\n\n\n<p>Ha efectuado investigaciones en la Universidad de Wyoming (Estados Unidos) y en la Universidad de T\u00fcbingen (Alemania) a trav\u00e9s de becas externas otorgadas por el CONICET. En 2019 y 2023 fue invitado por el Instituto de Arqueolog\u00eda de China para presentar sus investigaciones en el Shanghai Archaeology Forum.<\/p>\n\n\n\n<p><\/p>\n\n\n\n<p>Sus investigaciones se centran en el estudio de los grupos cazadores-recolectores prehisp\u00e1nicos que ocuparon el centro-oeste de los pastizales pampeanos en la provincia de Buenos Aires. <\/p>\n\n\n\n<p><\/p>\n\n\n\n<p>Los resultados de sus investigaciones han sido publicados en cap\u00edtulos de libros y art\u00edculos de revistas cient\u00edficas nacionales e internacionales. Adem\u00e1s, ha participado en numerosos congresos y reuniones acad\u00e9micas donde present\u00f3 resultados de sus casos de estudio, as\u00ed como reflexiones y aportes te\u00f3rico-metodol\u00f3gicas relativas a su l\u00ednea de investigaci\u00f3n.<\/p>\n","protected":false},"excerpt":{"rendered":"<p>Ser\u00e1 dictada por el Dr. Pablo Messineo sobre &#8220;\u00bfQu\u00e9 nos cuenta la arqueolog\u00eda sobre la forma de vida de los<\/p>\n","protected":false},"author":6,"featured_media":134490,"comment_status":"closed","ping_status":"closed","sticky":false,"template":"","format":"standard","meta":{"_jetpack_memberships_contains_paid_content":false,"footnotes":""},"categories":[5,1],"tags":[],"class_list":["post-169272","post","type-post","status-publish","format-standard","has-post-thumbnail","hentry","category-informacion-general","category-portada"],"jetpack_featured_media_url":"https:\/\/i0.wp.com\/cdnoticias.com\/wp-content\/uploads\/2025\/01\/coopelectric-fachada-05.jpg?fit=1000%2C556&ssl=1","jetpack_sharing_enabled":true,"_links":{"self":[{"href":"https:\/\/cdnoticias.com\/index.php\/wp-json\/wp\/v2\/posts\/169272","targetHints":{"allow":["GET"]}}],"collection":[{"href":"https:\/\/cdnoticias.com\/index.php\/wp-json\/wp\/v2\/posts"}],"about":[{"href":"https:\/\/cdnoticias.com\/index.php\/wp-json\/wp\/v2\/types\/post"}],"author":[{"embeddable":true,"href":"https:\/\/cdnoticias.com\/index.php\/wp-json\/wp\/v2\/users\/6"}],"replies":[{"embeddable":true,"href":"https:\/\/cdnoticias.com\/index.php\/wp-json\/wp\/v2\/comments?post=169272"}],"version-history":[{"count":0,"href":"https:\/\/cdnoticias.com\/index.php\/wp-json\/wp\/v2\/posts\/169272\/revisions"}],"wp:featuredmedia":[{"embeddable":true,"href":"https:\/\/cdnoticias.com\/index.php\/wp-json\/wp\/v2\/media\/134490"}],"wp:attachment":[{"href":"https:\/\/cdnoticias.com\/index.php\/wp-json\/wp\/v2\/media?parent=169272"}],"wp:term":[{"taxonomy":"category","embeddable":true,"href":"https:\/\/cdnoticias.com\/index.php\/wp-json\/wp\/v2\/categories?post=169272"},{"taxonomy":"post_tag","embeddable":true,"href":"https:\/\/cdnoticias.com\/index.php\/wp-json\/wp\/v2\/tags?post=169272"}],"curies":[{"name":"wp","href":"https:\/\/api.w.org\/{rel}","templated":true}]}}