{"id":169251,"date":"2025-04-16T12:37:08","date_gmt":"2025-04-16T15:37:08","guid":{"rendered":"https:\/\/cdnoticias.com\/?p=169251"},"modified":"2025-04-16T16:05:34","modified_gmt":"2025-04-16T19:05:34","slug":"facultad-de-salud-la-unicen-adelanta-fondos-para-seguir-la-obra","status":"publish","type":"post","link":"https:\/\/cdnoticias.com\/index.php\/2025\/04\/16\/facultad-de-salud-la-unicen-adelanta-fondos-para-seguir-la-obra\/","title":{"rendered":"Facultad de Salud: \u201cla Unicen adelanta fondos para seguir la obra\u201d"},"content":{"rendered":"\n<p>Lo anunci\u00f3 este mi\u00e9rcoles el rector Marcelo Aba. El 21 de abril se reiniciar\u00e1n las obras. La ampliaci\u00f3n de la sede fue paralizada ante la falta de env\u00edo de fondos nacionales.<\/p>\n\n\n\n<hr class=\"wp-block-separator has-alpha-channel-opacity\"\/>\n\n\n\n<p>Este mediod\u00eda el <strong>rector de la Universidad Nacional del Centro de la provincia de Buenos Aires, Marcelo Aba, <\/strong>brind\u00f3 una conferencia de prensa acompa\u00f1ado de los <strong>decanos y decanas de las facultades y la jefa de gabinete Mercedes Landivar.<\/strong><\/p>\n\n\n\n<p><\/p>\n\n\n\n<p>El encuentro fue en la Facultad de Ciencias de la Salud con la intenci\u00f3n de anunciar la <strong>reactivaci\u00f3n de una parte de la obra de ampliaci\u00f3n paralizada ante la falta de fondos nacionales.<\/strong><\/p>\n\n\n\n<p><\/p>\n\n\n\n<p>Acompa\u00f1ado tambi\u00e9n por<strong> Pablo Castell\u00f3, representante de Urban, la empresa encargada de la obra,<\/strong> confirm\u00f3 que las tareas<strong> se realizar\u00e1n con fondos de la propia universidad<\/strong> por un valor de<strong> 300 millones de pesos. <\/strong><\/p>\n\n\n\n<p><\/p>\n\n\n\n<blockquote class=\"wp-block-quote is-layout-flow wp-block-quote-is-layout-flow\">\n<p>\u201cLa obra est\u00e1 en licitaci\u00f3n. No podemos interferir. Surgi\u00f3 la posibilidad de que Provincia nos d\u00e9 una mano, pero es una obra grande. No fue posible hasta aqu\u00ed\u201d, explic\u00f3 el rector ABA y anunci\u00f3 como \u201c\u00fanico camino\u201d que \u201cla Unicen adelanta fondos para seguir la obra\u201d.<\/p>\n<\/blockquote>\n\n\n\n<p><\/p>\n\n\n\n<p>Seg\u00fan indic\u00f3 el rector, <strong>las obras se reiniciar\u00e1n el 21 de abril <\/strong>y \u201cen 3 meses terminan dos aulas y ba\u00f1os\u201d por lo que <strong>&#8220;para el segundo cuatrimestre deber\u00edamos estar en condiciones de usar los nuevos espacios&#8221;.<\/strong><\/p>\n\n\n\n<p><\/p>\n\n\n\n<p>Aba valor\u00f3 el <strong>\u201cesfuerzo muy grande de la universidad que dispone sus recursos\u201d <\/strong>ya que \u201cno hemos recibido ni un peso de aumento en el presupuesto\u201d.<\/p>\n\n\n\n<p><\/p>\n\n\n\n<p><\/p>\n","protected":false},"excerpt":{"rendered":"<p>Lo anunci\u00f3 este mi\u00e9rcoles el rector Marcelo Aba. El 21 de abril se reiniciar\u00e1n las obras. La ampliaci\u00f3n de la<\/p>\n","protected":false},"author":5,"featured_media":169252,"comment_status":"closed","ping_status":"closed","sticky":false,"template":"","format":"standard","meta":{"_jetpack_memberships_contains_paid_content":false,"footnotes":""},"categories":[5,1],"tags":[],"class_list":["post-169251","post","type-post","status-publish","format-standard","has-post-thumbnail","hentry","category-informacion-general","category-portada"],"jetpack_featured_media_url":"https:\/\/i0.wp.com\/cdnoticias.com\/wp-content\/uploads\/2025\/04\/Diseno-sin-titulo-1.png?fit=800%2C445&ssl=1","jetpack_sharing_enabled":true,"_links":{"self":[{"href":"https:\/\/cdnoticias.com\/index.php\/wp-json\/wp\/v2\/posts\/169251","targetHints":{"allow":["GET"]}}],"collection":[{"href":"https:\/\/cdnoticias.com\/index.php\/wp-json\/wp\/v2\/posts"}],"about":[{"href":"https:\/\/cdnoticias.com\/index.php\/wp-json\/wp\/v2\/types\/post"}],"author":[{"embeddable":true,"href":"https:\/\/cdnoticias.com\/index.php\/wp-json\/wp\/v2\/users\/5"}],"replies":[{"embeddable":true,"href":"https:\/\/cdnoticias.com\/index.php\/wp-json\/wp\/v2\/comments?post=169251"}],"version-history":[{"count":0,"href":"https:\/\/cdnoticias.com\/index.php\/wp-json\/wp\/v2\/posts\/169251\/revisions"}],"wp:featuredmedia":[{"embeddable":true,"href":"https:\/\/cdnoticias.com\/index.php\/wp-json\/wp\/v2\/media\/169252"}],"wp:attachment":[{"href":"https:\/\/cdnoticias.com\/index.php\/wp-json\/wp\/v2\/media?parent=169251"}],"wp:term":[{"taxonomy":"category","embeddable":true,"href":"https:\/\/cdnoticias.com\/index.php\/wp-json\/wp\/v2\/categories?post=169251"},{"taxonomy":"post_tag","embeddable":true,"href":"https:\/\/cdnoticias.com\/index.php\/wp-json\/wp\/v2\/tags?post=169251"}],"curies":[{"name":"wp","href":"https:\/\/api.w.org\/{rel}","templated":true}]}}