{"id":169237,"date":"2025-04-16T11:12:16","date_gmt":"2025-04-16T14:12:16","guid":{"rendered":"https:\/\/cdnoticias.com\/?p=169237"},"modified":"2025-04-16T11:12:42","modified_gmt":"2025-04-16T14:12:42","slug":"desde-que-asumio-milei-se-perdieron-mas-de-170-000-puestos-de-trabajo-registrados","status":"publish","type":"post","link":"https:\/\/cdnoticias.com\/index.php\/2025\/04\/16\/desde-que-asumio-milei-se-perdieron-mas-de-170-000-puestos-de-trabajo-registrados\/","title":{"rendered":"Desde que asumi\u00f3 Milei, se perdieron m\u00e1s de 170.000 puestos de trabajo registrados"},"content":{"rendered":"<p>As\u00ed se desprende de datos oficiales. En enero la ca\u00edda interrumpi\u00f3 el leve crecimiento que ven\u00eda registr\u00e1ndose desde agosto.<!--more--><\/p>\n<hr \/>\n<p>Tras una <strong>nueva ca\u00edda en enero en la cantidad de puestos de trabajo registrados en el sector privado<\/strong>, desde que <strong>asumi\u00f3 Javier Milei la Presidencia, se perdieron en total 173.524 puestos<\/strong> de asalariados registrados. As\u00ed se desprende de datos oficiales difundidos por la<strong> Secretar\u00eda de Trabajo<\/strong> y analizados por el <strong>Centro de Econom\u00eda Pol\u00edtica Argentina<\/strong> (CEPA).<\/p>\n<p>Los datos de <strong>enero de 2025,<\/strong> recientemente publicados, <strong>marcan que los trabajadores registrados son 12.853.789<\/strong>, una <strong>ca\u00edda mensual del 0,1%<\/strong> equivalente a 9,2 mil personas menos, en su mayor\u00eda asalariados del sector privado.<\/p>\n<p>Es que <strong>el empleo asalariado registrado privado se redujo de 6.254.502 a 6.245.660 trabajadores: son 8.842 personas menos<\/strong>, \u201csiendo el principal factor detr\u00e1s de la reducci\u00f3n en el n\u00famero de personas con alg\u00fan trabajo formal\u201d, se\u00f1ala el Informe. De esta forma, se interrumpi\u00f3 el leve crecimiento que ven\u00eda registr\u00e1ndose desde agosto.<\/p>\n<blockquote class=\"twitter-tweet\">\n<p dir=\"ltr\" lang=\"es\">VOLVI\u00d3 A CAER EL EMPLEO REGISTRADO<br \/>\nEn enero, se perdieron 8.842 puestos de trabajo registrados en el sector privado respecto a diciembre. Se interrumpi\u00f3 as\u00ed el leve crecimiento que ven\u00eda registr\u00e1ndose desde agosto. <a href=\"https:\/\/t.co\/EtZ8IKQ6P8\">pic.twitter.com\/EtZ8IKQ6P8<\/a><\/p>\n<p>\u2014 Hern\u00e1n Letcher (@hernanletcher) <a href=\"https:\/\/twitter.com\/hernanletcher\/status\/1912219932084797830?ref_src=twsrc%5Etfw\">April 15, 2025<\/a><\/p><\/blockquote>\n<p><script async src=\"https:\/\/platform.twitter.com\/widgets.js\" charset=\"utf-8\"><\/script><\/p>\n<blockquote><p>Con esta ca\u00edda, desde la asunci\u00f3n de la gesti\u00f3n libertaria, se perdieron en total 173.524 puestos de trabajo asalariados registrados: 124.010 corresponden al sector privado y 49.514 al \u00e1mbito p\u00fablico.<\/p><\/blockquote>\n<p>\u00bfQu\u00e9 pas\u00f3 con otras modalidades de trabajo registrado desde la asunci\u00f3n de Milei?<strong> \u201cS\u00f3lo creci\u00f3 monotributo (+38.714)<\/strong> pero lejos de compensar la p\u00e9rdida de asalariados privados (124.010), p\u00fablicos (49.514) o el trabajo en casas particulares (20.955)\u201d, indic\u00f3 el economista Hern\u00e1n Letcher.<\/p>\n<p>Y record\u00f3 que <strong>en diciembre del a\u00f1o pasado, cay\u00f3 abruptamente el n\u00famero de monotributistas sociales<\/strong>, en el marco del reempadronamiento obligatorio impulsado por el Gobierno nacional y el incremento significativo de la cuota.<\/p>\n<p>Fuente: <em>Agencia DIB<\/em><\/p>\n<blockquote class=\"wp-embedded-content\" data-secret=\"QKdGO4OHTz\"><p><a href=\"https:\/\/cdnoticias.com\/index.php\/2025\/04\/11\/en-el-ministerio-de-trabajo-ya-cuentan-mas-de-1-000-despidos-en-olavarria\/\">En el Ministerio de Trabajo ya cuentan m\u00e1s de 1.000 despidos en Olavarr\u00eda<\/a><\/p><\/blockquote>\n<p><iframe loading=\"lazy\" class=\"wp-embedded-content\" sandbox=\"allow-scripts\" security=\"restricted\" style=\"position: absolute; visibility: hidden;\" title=\"&#8220;En el Ministerio de Trabajo ya cuentan m\u00e1s de 1.000 despidos en Olavarr\u00eda&#8221; &#8212; Central de Noticias | Olavarr\u00eda\" src=\"https:\/\/cdnoticias.com\/index.php\/2025\/04\/11\/en-el-ministerio-de-trabajo-ya-cuentan-mas-de-1-000-despidos-en-olavarria\/embed\/#?secret=dYi8TS2fvQ#?secret=QKdGO4OHTz\" data-secret=\"QKdGO4OHTz\" width=\"600\" height=\"338\" frameborder=\"0\" marginwidth=\"0\" marginheight=\"0\" scrolling=\"no\"><\/iframe><\/p>\n","protected":false},"excerpt":{"rendered":"<p>As\u00ed se desprende de datos oficiales. En enero la ca\u00edda interrumpi\u00f3 el leve crecimiento que ven\u00eda registr\u00e1ndose desde agosto.<\/p>\n","protected":false},"author":4,"featured_media":123813,"comment_status":"closed","ping_status":"closed","sticky":false,"template":"","format":"standard","meta":{"_jetpack_memberships_contains_paid_content":false,"footnotes":""},"categories":[6,1],"tags":[],"class_list":["post-169237","post","type-post","status-publish","format-standard","has-post-thumbnail","hentry","category-nacionales","category-portada"],"jetpack_featured_media_url":"https:\/\/i0.wp.com\/cdnoticias.com\/wp-content\/uploads\/2024\/08\/DIB-industria-trabajo.jpg?fit=1000%2C563&ssl=1","jetpack_sharing_enabled":true,"_links":{"self":[{"href":"https:\/\/cdnoticias.com\/index.php\/wp-json\/wp\/v2\/posts\/169237","targetHints":{"allow":["GET"]}}],"collection":[{"href":"https:\/\/cdnoticias.com\/index.php\/wp-json\/wp\/v2\/posts"}],"about":[{"href":"https:\/\/cdnoticias.com\/index.php\/wp-json\/wp\/v2\/types\/post"}],"author":[{"embeddable":true,"href":"https:\/\/cdnoticias.com\/index.php\/wp-json\/wp\/v2\/users\/4"}],"replies":[{"embeddable":true,"href":"https:\/\/cdnoticias.com\/index.php\/wp-json\/wp\/v2\/comments?post=169237"}],"version-history":[{"count":0,"href":"https:\/\/cdnoticias.com\/index.php\/wp-json\/wp\/v2\/posts\/169237\/revisions"}],"wp:featuredmedia":[{"embeddable":true,"href":"https:\/\/cdnoticias.com\/index.php\/wp-json\/wp\/v2\/media\/123813"}],"wp:attachment":[{"href":"https:\/\/cdnoticias.com\/index.php\/wp-json\/wp\/v2\/media?parent=169237"}],"wp:term":[{"taxonomy":"category","embeddable":true,"href":"https:\/\/cdnoticias.com\/index.php\/wp-json\/wp\/v2\/categories?post=169237"},{"taxonomy":"post_tag","embeddable":true,"href":"https:\/\/cdnoticias.com\/index.php\/wp-json\/wp\/v2\/tags?post=169237"}],"curies":[{"name":"wp","href":"https:\/\/api.w.org\/{rel}","templated":true}]}}